{"id":3963,"date":"2013-04-03T01:56:12","date_gmt":"2013-04-03T01:56:12","guid":{"rendered":"http:\/\/www.tvmasmagazine.com\/?p=3963"},"modified":"2015-01-27T12:09:31","modified_gmt":"2015-01-27T11:09:31","slug":"mexico-es-el-foco-para-producir-en-latinoamerica-patricia-schille-marketing-manager-the-bio-channel","status":"publish","type":"post","link":"https:\/\/tvmasmagazine.com\/es\/2013\/04\/03\/mexico-es-el-foco-para-producir-en-latinoamerica-patricia-schille-marketing-manager-the-bio-channel\/","title":{"rendered":"\u201cM\u00e9xico es el foco para producir en Latinoam\u00e9rica\u201d, Patricia Schille, marketing manager, The BIO  channel"},"content":{"rendered":"<p><\/p>\n<h3>TVMAS sostuvo una conversaci\u00f3n con la ejecutiva, tras el lanzamiento de la nueva programaci\u00f3n del canal en Latinoam\u00e9rica<\/h3>\n<div id=\"attachment_3964\" style=\"width: 310px\" class=\"wp-caption alignleft\"><a href=\"http:\/\/www.tvmasmagazine.com\/wp-content\/uploads\/2013\/04\/patricia300.jpg\"><img loading=\"lazy\" decoding=\"async\" aria-describedby=\"caption-attachment-3964\" class=\"size-full wp-image-3964  \" title=\"patricia300\" src=\"http:\/\/www.tvmasmagazine.com\/wp-content\/uploads\/2013\/04\/patricia300.jpg\" alt=\"\" width=\"300\" height=\"421\" srcset=\"https:\/\/tvmasmagazine.com\/wp-content\/uploads\/2013\/04\/patricia300.jpg 300w, https:\/\/tvmasmagazine.com\/wp-content\/uploads\/2013\/04\/patricia300-106x150.jpg 106w, https:\/\/tvmasmagazine.com\/wp-content\/uploads\/2013\/04\/patricia300-249x350.jpg 249w\" sizes=\"auto, (max-width: 300px) 100vw, 300px\" \/><\/a><p id=\"caption-attachment-3964\" class=\"wp-caption-text\">Patricia Schille, marketing manager, The BIO cannel<\/p><\/div>\n<p>El canal de TV de pago present\u00f3 en un reconocido hotel de la Ciudad de M\u00e9xico, sus nuevas propuestas ante medios y anunciantes, d\u00f3nde Schille resalt\u00f3 a TVMAS la importancia del mercado latino, especialmente M\u00e9xico.<\/p>\n<p>\u201cEstamos muy contentos por estar en M\u00e9xico por vez primera y presentar \u201cDance Moms\u201d al lado de su protagonista Abby Miller. La serie se estrena el pr\u00f3ximo 7 de abril en Latinoam\u00e9rica, aunque en Estados Unidos ha logrado un gran \u00e9xito y va en su tercera temporada.<\/p>\n<p>Sobre la importancia de la producci\u00f3n local y la estrategia publicitaria en M\u00e9xico, Schille resalt\u00f3: \u201cEl foco de producci\u00f3n en Latinoam\u00e9rica es M\u00e9xico, planeamos incrementar la producci\u00f3n local a corto plazo, actualmente ya producimos en M\u00e9xico \u201cUn d\u00eda en la vida de\u201d, una serie que sigue a importantes celebridades mexicanas\u201d.<\/p>\n<p>\u201cEn cuanto a la estrategia, estamos haciendo una agresiva campa\u00f1a en M\u00e9xico, desde traer a nuestro talento para que lo conozcan y hablen de los proyectos, hasta publicidad por todos lados, tanto en las calles como en revistas, peri\u00f3dicos y por todos lados. Adem\u00e1s tenemos mucha interactividad en las redes sociales, ya sumamos cerca de 26 mil seguidores en Facebook y vamos por mas. Queremos que nuestros seguidores sean embajadores de la marca, que trabajen con nosotros\u201d.<\/p>\n<p><strong>Objetivos en 2013<\/strong><\/p>\n<p>\u201cBIO cuenta con una programaci\u00f3n muy dirigida a las mujeres, pero est\u00e1 creciendo nuestra audiencia de hombres., esto nos lleva a reforzar otros g\u00e9neros en nuestra programaci\u00f3n. El g\u00e9nero del crimen nos ha dado excelentes resultados con series como: Maldiciones o Cr\u00f3nicas del crimen que est\u00e1 por estrenarse. BIO est\u00e1 m\u00e1s fuerte que nunca, con estrenos, horas nuevas y con una gran respuesta de la audiencia, la cual nos ha posicionado en el ranking de TV de pago\u201d, finaliz\u00f3 la ejecutiva.<\/p>","protected":false},"excerpt":{"rendered":"<p>TVMAS sostuvo una conversaci\u00f3n con la ejecutiva, tras el lanzamiento de la nueva programaci\u00f3n del canal en Latinoam\u00e9rica El canal <a class=\"more-link\" href=\"https:\/\/tvmasmagazine.com\/es\/2013\/04\/03\/mexico-es-el-foco-para-producir-en-latinoamerica-patricia-schille-marketing-manager-the-bio-channel\/\">&#8230;<\/a><\/p>\n","protected":false},"author":1,"featured_media":3965,"comment_status":"closed","ping_status":"closed","sticky":false,"template":"","format":"standard","meta":{"footnotes":""},"categories":[18],"tags":[],"class_list":["post-3963","post","type-post","status-publish","format-standard","has-post-thumbnail","hentry","category-latnoamerica"],"_links":{"self":[{"href":"https:\/\/tvmasmagazine.com\/es\/wp-json\/wp\/v2\/posts\/3963","targetHints":{"allow":["GET"]}}],"collection":[{"href":"https:\/\/tvmasmagazine.com\/es\/wp-json\/wp\/v2\/posts"}],"about":[{"href":"https:\/\/tvmasmagazine.com\/es\/wp-json\/wp\/v2\/types\/post"}],"author":[{"embeddable":true,"href":"https:\/\/tvmasmagazine.com\/es\/wp-json\/wp\/v2\/users\/1"}],"replies":[{"embeddable":true,"href":"https:\/\/tvmasmagazine.com\/es\/wp-json\/wp\/v2\/comments?post=3963"}],"version-history":[{"count":12,"href":"https:\/\/tvmasmagazine.com\/es\/wp-json\/wp\/v2\/posts\/3963\/revisions"}],"predecessor-version":[{"id":8256,"href":"https:\/\/tvmasmagazine.com\/es\/wp-json\/wp\/v2\/posts\/3963\/revisions\/8256"}],"wp:featuredmedia":[{"embeddable":true,"href":"https:\/\/tvmasmagazine.com\/es\/wp-json\/wp\/v2\/media\/3965"}],"wp:attachment":[{"href":"https:\/\/tvmasmagazine.com\/es\/wp-json\/wp\/v2\/media?parent=3963"}],"wp:term":[{"taxonomy":"category","embeddable":true,"href":"https:\/\/tvmasmagazine.com\/es\/wp-json\/wp\/v2\/categories?post=3963"},{"taxonomy":"post_tag","embeddable":true,"href":"https:\/\/tvmasmagazine.com\/es\/wp-json\/wp\/v2\/tags?post=3963"}],"curies":[{"name":"wp","href":"https:\/\/api.w.org\/{rel}","templated":true}]}}