{"id":4045,"date":"2013-04-05T23:28:34","date_gmt":"2013-04-05T23:28:34","guid":{"rendered":"http:\/\/www.tvmasmagazine.com\/?p=4045"},"modified":"2015-03-17T19:06:25","modified_gmt":"2015-03-17T18:06:25","slug":"semillitas-extiende-su-senal-a-latinoamerica-y-el-caribe","status":"publish","type":"post","link":"https:\/\/tvmasmagazine.com\/es\/2013\/04\/05\/semillitas-extiende-su-senal-a-latinoamerica-y-el-caribe\/","title":{"rendered":"Semillitas extiende su se\u00f1al a Latinoam\u00e9rica y el Caribe"},"content":{"rendered":"<p><\/p>\n<h3>\u00abLa calidad que caracteriza a nuestro canal, llega a cubrir las necesidades de los cableoperadores de la regi\u00f3n\u00bb, Luis Villanueva, presidente y CEO de SOMOSTV<\/h3>\n<p><a href=\"http:\/\/www.tvmasmagazine.com\/wp-content\/uploads\/2013\/04\/Seed.jpg\"><img loading=\"lazy\" decoding=\"async\" class=\"alignleft  wp-image-4046\" title=\"Seed\" src=\"http:\/\/www.tvmasmagazine.com\/wp-content\/uploads\/2013\/04\/Seed.jpg\" alt=\"\" width=\"134\" height=\"218\" srcset=\"https:\/\/tvmasmagazine.com\/wp-content\/uploads\/2013\/04\/Seed.jpg 236w, https:\/\/tvmasmagazine.com\/wp-content\/uploads\/2013\/04\/Seed-92x150.jpg 92w, https:\/\/tvmasmagazine.com\/wp-content\/uploads\/2013\/04\/Seed-215x350.jpg 215w\" sizes=\"auto, (max-width: 134px) 100vw, 134px\" \/><\/a>El canal de 24 horas de animaci\u00f3n para ni\u00f1os entre 0 y 5 a\u00f1os de edad, propiedad de SOMOSTV, extender\u00e1 su cobertura hacia M\u00e9xico y los pa\u00edses de Centroam\u00e9rica y el Caribe en los pr\u00f3ximos meses. As\u00ed lo declar\u00f3 el Presidente y CEO de SOMOSTV, Luis Villanueva, quien expres\u00f3 \u201cde esta manera el canal satisface una solicitud de las compa\u00f1\u00edas de cable de esos pa\u00edses, quienes est\u00e1n al tanto de la calidad de nuestro canal y se han acercado espont\u00e1neamente hace un tiempo buscando la distribuci\u00f3n de la se\u00f1al\u201d.<\/p>\n<div id=\"attachment_4051\" style=\"width: 310px\" class=\"wp-caption alignright\"><a href=\"http:\/\/www.tvmasmagazine.com\/wp-content\/uploads\/2013\/04\/Luis-Villanueva-presidente-y-CEO-de-SOMOSTV-300.jpg\"><img loading=\"lazy\" decoding=\"async\" aria-describedby=\"caption-attachment-4051\" class=\"size-full wp-image-4051\" title=\"Luis-Villanueva,-presidente-y-CEO-de-SOMOSTV-300\" src=\"http:\/\/www.tvmasmagazine.com\/wp-content\/uploads\/2013\/04\/Luis-Villanueva-presidente-y-CEO-de-SOMOSTV-300.jpg\" alt=\"\" width=\"300\" height=\"225\" srcset=\"https:\/\/tvmasmagazine.com\/wp-content\/uploads\/2013\/04\/Luis-Villanueva-presidente-y-CEO-de-SOMOSTV-300.jpg 300w, https:\/\/tvmasmagazine.com\/wp-content\/uploads\/2013\/04\/Luis-Villanueva-presidente-y-CEO-de-SOMOSTV-300-150x112.jpg 150w\" sizes=\"auto, (max-width: 300px) 100vw, 300px\" \/><\/a><p id=\"caption-attachment-4051\" class=\"wp-caption-text\">Luis Villanueva, presidente y CEO de SOMOSTV<\/p><\/div>\n<p>\u201cSemillitas\u201d tiene una proporci\u00f3n significativa de contenido originalmente producido en espa\u00f1ol proveniente de Latinoam\u00e9rica e incluye adem\u00e1s producci\u00f3n propia que rescata tradiciones y canciones latinoamericanas. A la vez, el canal apoya a los padres en la protecci\u00f3n y aprendizaje del idioma en las edades donde el ni\u00f1o est\u00e1 m\u00e1s abierto a recibir los principios del abecedario y la gram\u00e1tica espa\u00f1ola, prepar\u00e1ndolo de esta manera para su entrada a la escuela. Semillitas combina animaci\u00f3n de marcas reconocidas, as\u00ed como contenido innovador provenientes de los mercados globales.<br \/>\n<a href=\"http:\/\/www.tvmasmagazine.com\/wp-content\/uploads\/2013\/04\/image001.png\"><img loading=\"lazy\" decoding=\"async\" class=\"alignleft size-full wp-image-4048\" title=\"image001\" src=\"http:\/\/www.tvmasmagazine.com\/wp-content\/uploads\/2013\/04\/image001.png\" alt=\"\" width=\"131\" height=\"40\" \/><\/a>El contenido de \u201cSemillitas\u201d es programado en un empaque apropiado para las necesidades de los infantes y ni\u00f1os en edad pre-escolar. El canal est\u00e1 soportado ampliamente en todas las plataformas (TV tradicional, m\u00f3vil e internet), ofrece 15 horas de Free VOD y tiene una activa presencia online a trav\u00e9s de su propio website, facebook, twitter y redes sociales.<\/p>","protected":false},"excerpt":{"rendered":"<p>\u00abLa calidad que caracteriza a nuestro canal, llega a cubrir las necesidades de los cableoperadores de la regi\u00f3n\u00bb, Luis Villanueva, <a class=\"more-link\" href=\"https:\/\/tvmasmagazine.com\/es\/2013\/04\/05\/semillitas-extiende-su-senal-a-latinoamerica-y-el-caribe\/\">&#8230;<\/a><\/p>\n","protected":false},"author":1,"featured_media":4049,"comment_status":"closed","ping_status":"closed","sticky":false,"template":"","format":"standard","meta":{"footnotes":""},"categories":[18,11,73,17,47,12,13],"tags":[],"class_list":["post-4045","post","type-post","status-publish","format-standard","has-post-thumbnail","hentry","category-latnoamerica","category-negocios","category-telenovelas-series","category-television","category-tv-de-pagp","category-tvmas","category-ultimas-noticias"],"_links":{"self":[{"href":"https:\/\/tvmasmagazine.com\/es\/wp-json\/wp\/v2\/posts\/4045","targetHints":{"allow":["GET"]}}],"collection":[{"href":"https:\/\/tvmasmagazine.com\/es\/wp-json\/wp\/v2\/posts"}],"about":[{"href":"https:\/\/tvmasmagazine.com\/es\/wp-json\/wp\/v2\/types\/post"}],"author":[{"embeddable":true,"href":"https:\/\/tvmasmagazine.com\/es\/wp-json\/wp\/v2\/users\/1"}],"replies":[{"embeddable":true,"href":"https:\/\/tvmasmagazine.com\/es\/wp-json\/wp\/v2\/comments?post=4045"}],"version-history":[{"count":8,"href":"https:\/\/tvmasmagazine.com\/es\/wp-json\/wp\/v2\/posts\/4045\/revisions"}],"predecessor-version":[{"id":8928,"href":"https:\/\/tvmasmagazine.com\/es\/wp-json\/wp\/v2\/posts\/4045\/revisions\/8928"}],"wp:featuredmedia":[{"embeddable":true,"href":"https:\/\/tvmasmagazine.com\/es\/wp-json\/wp\/v2\/media\/4049"}],"wp:attachment":[{"href":"https:\/\/tvmasmagazine.com\/es\/wp-json\/wp\/v2\/media?parent=4045"}],"wp:term":[{"taxonomy":"category","embeddable":true,"href":"https:\/\/tvmasmagazine.com\/es\/wp-json\/wp\/v2\/categories?post=4045"},{"taxonomy":"post_tag","embeddable":true,"href":"https:\/\/tvmasmagazine.com\/es\/wp-json\/wp\/v2\/tags?post=4045"}],"curies":[{"name":"wp","href":"https:\/\/api.w.org\/{rel}","templated":true}]}}