{"id":40514,"date":"2019-03-22T02:00:33","date_gmt":"2019-03-22T09:00:33","guid":{"rendered":"http:\/\/www.tvmasmagazine.com\/?p=40514"},"modified":"2019-03-21T17:08:05","modified_gmt":"2019-03-22T00:08:05","slug":"estreno-de-pequenos-gigantes-2019-por-las-estrellas-y-univision","status":"publish","type":"post","link":"https:\/\/tvmasmagazine.com\/es\/2019\/03\/22\/estreno-de-pequenos-gigantes-2019-por-las-estrellas-y-univision\/","title":{"rendered":"Estreno de Peque\u00f1os Gigantes 2019 por las estrellas y Univision"},"content":{"rendered":"<p>PROGRAMMING\/TV OPEN<\/p>\n<p><strong>La producci\u00f3n de Rub\u00e9n Galindo, estrenar\u00e1 el pr\u00f3ximo domingo 24 de marzo, y contar\u00e1 con jurado de gala, integrado por Ver\u00f3nica Castro, Miguel Bos\u00e9, Karol Sevilla y Albertano.<\/strong><\/p>\n<div id=\"attachment_40515\" style=\"width: 360px\" class=\"wp-caption aligncenter\"><img loading=\"lazy\" decoding=\"async\" aria-describedby=\"caption-attachment-40515\" class=\"wp-image-40515 size-medium\" src=\"http:\/\/www.tvmasmagazine.com\/wp-content\/uploads\/2019\/03\/Galilea-Veronica-Castro-y-Bose-350x239.jpg\" alt=\"\" width=\"350\" height=\"239\" srcset=\"https:\/\/tvmasmagazine.com\/wp-content\/uploads\/2019\/03\/Galilea-Veronica-Castro-y-Bose-350x239.jpg 350w, https:\/\/tvmasmagazine.com\/wp-content\/uploads\/2019\/03\/Galilea-Veronica-Castro-y-Bose-150x102.jpg 150w, https:\/\/tvmasmagazine.com\/wp-content\/uploads\/2019\/03\/Galilea-Veronica-Castro-y-Bose-768x525.jpg 768w, https:\/\/tvmasmagazine.com\/wp-content\/uploads\/2019\/03\/Galilea-Veronica-Castro-y-Bose-1024x699.jpg 1024w\" sizes=\"auto, (max-width: 350px) 100vw, 350px\" \/><p id=\"caption-attachment-40515\" class=\"wp-caption-text\">Galilea Montijo, Albertano, Ver\u00f3nica Castro, Karol Sevilla y Miguel Bos\u00e9<\/p><\/div>\n<p><b><i><span lang=\"ES-MX\">Peque\u00f1os Gigantes 2019<\/span><\/i><\/b><span lang=\"ES-MX\">\u00a0se transmitir\u00e1 de manera simult\u00e1nea por\u00a0<b><i>las estrellas\u00a0<\/i><\/b>y\u00a0<b><i>Univision<\/i><\/b>, y su conducci\u00f3n, nuevamente,<b><i>\u00a0<\/i><\/b>estar\u00e1 a cargo de Galilea Montijo, quien estar\u00e1 acompa\u00f1ada por B\u00e1rbara Islas y Ana Celeste.<\/span><u><\/u><u><\/u><\/p>\n<p><span lang=\"ES-MX\">\u00a0<\/span><u><\/u><u><\/u><span lang=\"ES-MX\">Es\u00a0una\u00a0competencia de talento entre seis escuadrones, integrados por cinco ni\u00f1os de entre 4 y 13 a\u00f1os. El menor de ellos ser\u00e1 el capit\u00e1n del equipo, un cantante, una pareja de baile y un\u00a0<i>\u201cquinto elementito\u201d<\/i>\u00a0con extraordinarias capacidades f\u00edsicas.<\/span><u><\/u><u><\/u><\/p>\n<p><span lang=\"ES-MX\">\u00a0<\/span><u><\/u><u><\/u><span lang=\"ES-MX\">Se desarrollar\u00e1 en 10 galas, en las que los miembros de cada escuadr\u00f3n, presentar\u00e1n pruebas semanales de carisma, baile, canto y destreza, que ser\u00e1n calificadas por los jueces, quienes otorgar\u00e1n puntajes en rango del 0 al 10.<\/span><u><\/u><u><\/u><\/p>\n<p><span lang=\"ES-MX\">\u00a0<\/span><u><\/u><u><\/u><span lang=\"ES-MX\">Cada tres semanas, los escuadrones que obtengan las calificaciones m\u00e1s bajas, ser\u00e1n sentenciados y se someter\u00e1n a la votaci\u00f3n del p\u00fablico;\u00a0los tres mejores equipos llegar\u00e1n a la final, en la que uno se coronar\u00e1 como escuadr\u00f3n ganador.<\/span><u><\/u><u><\/u><\/p>\n<p><span lang=\"ES-MX\">\u00a0<\/span><u><\/u><u><\/u><span lang=\"ES-MX\">Es un formato original de Televisa que ha dado la vuelta al mundo, convirtiendo ya en una referencia obligada para los talent shows, a nivel internacional. Tras haber liderado el prime time de la programaci\u00f3n dominical durante sus tres temporadas transmitidas en M\u00e9xico por\u00a0<b><i>las estrellas<\/i><\/b>,\u00a0<b><i>Peque\u00f1os Gigantes<\/i><\/b>\u00a0ha marcado tendencia en diversos pa\u00edses, que han realizado adaptaciones locales:\u00a0Espa\u00f1a, Polonia, Ucrania, Portugal, Italia, Uruguay, Estados Unidos, Costa Rica, Ecuador, Panam\u00e1 y Per\u00fa, entre otras<\/span><\/p>","protected":false},"excerpt":{"rendered":"<p>PROGRAMMING\/TV OPEN La producci\u00f3n de Rub\u00e9n Galindo, estrenar\u00e1 el pr\u00f3ximo domingo 24 de marzo, y contar\u00e1 con jurado de gala, <a class=\"more-link\" href=\"https:\/\/tvmasmagazine.com\/es\/2019\/03\/22\/estreno-de-pequenos-gigantes-2019-por-las-estrellas-y-univision\/\">&#8230;<\/a><\/p>\n","protected":false},"author":1,"featured_media":0,"comment_status":"closed","ping_status":"closed","sticky":false,"template":"","format":"standard","meta":{"footnotes":""},"categories":[40,79],"tags":[],"class_list":["post-40514","post","type-post","status-publish","format-standard","hentry","category-estrenos-old","category-tv-abierta"],"_links":{"self":[{"href":"https:\/\/tvmasmagazine.com\/es\/wp-json\/wp\/v2\/posts\/40514","targetHints":{"allow":["GET"]}}],"collection":[{"href":"https:\/\/tvmasmagazine.com\/es\/wp-json\/wp\/v2\/posts"}],"about":[{"href":"https:\/\/tvmasmagazine.com\/es\/wp-json\/wp\/v2\/types\/post"}],"author":[{"embeddable":true,"href":"https:\/\/tvmasmagazine.com\/es\/wp-json\/wp\/v2\/users\/1"}],"replies":[{"embeddable":true,"href":"https:\/\/tvmasmagazine.com\/es\/wp-json\/wp\/v2\/comments?post=40514"}],"version-history":[{"count":1,"href":"https:\/\/tvmasmagazine.com\/es\/wp-json\/wp\/v2\/posts\/40514\/revisions"}],"predecessor-version":[{"id":40516,"href":"https:\/\/tvmasmagazine.com\/es\/wp-json\/wp\/v2\/posts\/40514\/revisions\/40516"}],"wp:attachment":[{"href":"https:\/\/tvmasmagazine.com\/es\/wp-json\/wp\/v2\/media?parent=40514"}],"wp:term":[{"taxonomy":"category","embeddable":true,"href":"https:\/\/tvmasmagazine.com\/es\/wp-json\/wp\/v2\/categories?post=40514"},{"taxonomy":"post_tag","embeddable":true,"href":"https:\/\/tvmasmagazine.com\/es\/wp-json\/wp\/v2\/tags?post=40514"}],"curies":[{"name":"wp","href":"https:\/\/api.w.org\/{rel}","templated":true}]}}