{"id":40519,"date":"2019-03-22T03:06:59","date_gmt":"2019-03-22T10:06:59","guid":{"rendered":"http:\/\/www.tvmasmagazine.com\/?p=40519"},"modified":"2019-03-21T20:13:29","modified_gmt":"2019-03-22T03:13:29","slug":"la-voz-por-telemundo-culmina-con-exito-este-24-de-marzo","status":"publish","type":"post","link":"https:\/\/tvmasmagazine.com\/es\/2019\/03\/22\/la-voz-por-telemundo-culmina-con-exito-este-24-de-marzo\/","title":{"rendered":"La Voz por Telemundo culmina con \u00e9xito este 24 de Marzo"},"content":{"rendered":"<p>TV ABIERTA\/PRODUCCI\u00d3N<\/p>\n<p><strong><i>La Voz<\/i>\u00a0culmina su ronda de Batallas cuando las\u00a0 estrellas musicales Luis Fonsi, Alejandra Guzm\u00e1n, Carlos Vives y Wisin completen sus respectivos equipos este domingo, 24 de marzo a las 9pm\/8c por Telemundo.<\/strong><\/p>\n<div id=\"attachment_40520\" style=\"width: 360px\" class=\"wp-caption aligncenter\"><img loading=\"lazy\" decoding=\"async\" aria-describedby=\"caption-attachment-40520\" class=\"wp-image-40520 size-medium\" src=\"http:\/\/www.tvmasmagazine.com\/wp-content\/uploads\/2019\/03\/LA-VOZ-POR-TELEMUNDO-350x197.jpg\" alt=\"\" width=\"350\" height=\"197\" srcset=\"https:\/\/tvmasmagazine.com\/wp-content\/uploads\/2019\/03\/LA-VOZ-POR-TELEMUNDO-350x197.jpg 350w, https:\/\/tvmasmagazine.com\/wp-content\/uploads\/2019\/03\/LA-VOZ-POR-TELEMUNDO-150x84.jpg 150w, https:\/\/tvmasmagazine.com\/wp-content\/uploads\/2019\/03\/LA-VOZ-POR-TELEMUNDO-768x432.jpg 768w, https:\/\/tvmasmagazine.com\/wp-content\/uploads\/2019\/03\/LA-VOZ-POR-TELEMUNDO.jpg 800w\" sizes=\"auto, (max-width: 350px) 100vw, 350px\" \/><p id=\"caption-attachment-40520\" class=\"wp-caption-text\">La Voz Luis Fonsi, Alejandra Guzm\u00e1n, Carlos Vives y Wisin<\/p><\/div>\n<p><span lang=\"ES-CO\">Los Coaches determinar\u00e1n\u00a0 cu\u00e1l de los concursantes entra a la fase final de la competencia, conocida como \u201c<i>Shows en Vivo\u201d,<\/i>\u00a0donde los televidentes podr\u00e1n votar por su participante favorito y podr\u00e1n entrar a la competencia a trav\u00e9s de\u00a0\u00a0<\/span><span lang=\"ES-CO\">Telemundo.com\/LaVoz<\/span><span lang=\"ES-CO\">\u00a0y su canal de YouTube con la presentadora digital Jessica Cediel, quien presenta las \u00faltimas novedades desde una perspectiva de acceso libre a todo lo que ocurre detr\u00e1s del escenario. La p\u00e1gina oficial cuenta con entrevistas exclusivas, presentaciones musicales y galer\u00edas de fotos.<\/span><u><\/u><u><\/u><\/p>\n<p><span lang=\"ES-CO\">\u00a0<\/span><u><\/u><u><\/u><span lang=\"ES-CO\">Los televidentes pueden seguir Facebook, Twitter e Instagram\u00a0<\/span><span lang=\"ES-CO\">@LaVozUS<\/span><span lang=\"ES-CO\">\u00a0<\/span><span lang=\"ES-CO\">usando\u00a0<\/span><span lang=\"ES-CO\">#LaVozUS<\/span><span lang=\"ES-CO\">, y estar al tanto de toda la acci\u00f3n de su equipo favorito con el hashtag:\u00a0<\/span><span lang=\"ES-CO\">#TeamFonsi<\/span><span lang=\"ES-CO\">;\u00a0<\/span><span lang=\"ES-CO\">#TeamGuzman<\/span><span lang=\"ES-CO\">;\u00a0<\/span><span lang=\"ES-CO\">#TeamVives<\/span><span lang=\"ES-CO\">\u00a0y\u00a0<\/span><span lang=\"ES-CO\">#TeamWisin<\/span><span lang=\"ES-CO\">.<\/span><u><\/u><u><\/u><\/p>\n<p><span lang=\"ES-CO\">\u00a0<\/span><u><\/u><u><\/u><i><span lang=\"ES-CO\">La Voz<\/span><\/i><span lang=\"ES-CO\">, es una producci\u00f3n de Telemundo, Talpa Media USA, Inc. y Warner Horizon Unscripted &amp; Alternative Television, es presentado por Jacqueline Bracamontes y Jorge Bernal. La serie fue creada por John de Mol, quien se encuentra a cargo de la producci\u00f3n ejecutiva junto a Cisco Suarez, vicepresidente principal de Programaci\u00f3n \u201cNon Scripted\u201d de Telemundo, Stijn Bakkers y Tim van Rongen, productores ejecutivos para Talpa Media USA, y Macarena Moreno y Moira Noriega, productoras ejecutivas para NBCUniversal Telemundo Enterprises.<\/span><\/p>","protected":false},"excerpt":{"rendered":"<p>TV ABIERTA\/PRODUCCI\u00d3N La Voz\u00a0culmina su ronda de Batallas cuando las\u00a0 estrellas musicales Luis Fonsi, Alejandra Guzm\u00e1n, Carlos Vives y Wisin <a class=\"more-link\" href=\"https:\/\/tvmasmagazine.com\/es\/2019\/03\/22\/la-voz-por-telemundo-culmina-con-exito-este-24-de-marzo\/\">&#8230;<\/a><\/p>\n","protected":false},"author":1,"featured_media":0,"comment_status":"closed","ping_status":"closed","sticky":false,"template":"","format":"standard","meta":{"footnotes":""},"categories":[79,47],"tags":[],"class_list":["post-40519","post","type-post","status-publish","format-standard","hentry","category-tv-abierta","category-tv-de-pagp"],"_links":{"self":[{"href":"https:\/\/tvmasmagazine.com\/es\/wp-json\/wp\/v2\/posts\/40519","targetHints":{"allow":["GET"]}}],"collection":[{"href":"https:\/\/tvmasmagazine.com\/es\/wp-json\/wp\/v2\/posts"}],"about":[{"href":"https:\/\/tvmasmagazine.com\/es\/wp-json\/wp\/v2\/types\/post"}],"author":[{"embeddable":true,"href":"https:\/\/tvmasmagazine.com\/es\/wp-json\/wp\/v2\/users\/1"}],"replies":[{"embeddable":true,"href":"https:\/\/tvmasmagazine.com\/es\/wp-json\/wp\/v2\/comments?post=40519"}],"version-history":[{"count":1,"href":"https:\/\/tvmasmagazine.com\/es\/wp-json\/wp\/v2\/posts\/40519\/revisions"}],"predecessor-version":[{"id":40521,"href":"https:\/\/tvmasmagazine.com\/es\/wp-json\/wp\/v2\/posts\/40519\/revisions\/40521"}],"wp:attachment":[{"href":"https:\/\/tvmasmagazine.com\/es\/wp-json\/wp\/v2\/media?parent=40519"}],"wp:term":[{"taxonomy":"category","embeddable":true,"href":"https:\/\/tvmasmagazine.com\/es\/wp-json\/wp\/v2\/categories?post=40519"},{"taxonomy":"post_tag","embeddable":true,"href":"https:\/\/tvmasmagazine.com\/es\/wp-json\/wp\/v2\/tags?post=40519"}],"curies":[{"name":"wp","href":"https:\/\/api.w.org\/{rel}","templated":true}]}}