{"id":40535,"date":"2019-03-22T22:07:05","date_gmt":"2019-03-23T05:07:05","guid":{"rendered":"http:\/\/www.tvmasmagazine.com\/?p=40535"},"modified":"2019-03-22T22:07:05","modified_gmt":"2019-03-23T05:07:05","slug":"cincomas-emitira-la-tv-movie-rocio-durcal-volver-a-verte","status":"publish","type":"post","link":"https:\/\/tvmasmagazine.com\/es\/2019\/03\/22\/cincomas-emitira-la-tv-movie-rocio-durcal-volver-a-verte\/","title":{"rendered":"CincoMAS emitir\u00e1 la TV movie \u2018Roc\u00edo D\u00farcal, volver a verte\u2019"},"content":{"rendered":"<p>TV DE PAGO\/TV MOVIES<\/p>\n<p><strong><span lang=\"ES-CO\">La vida de la reconocida artista constituye el eje argumental de la\u00a0<i>biopic<\/i>\u00a0protagonizada por Norma Ruiz y Josep Linuesa y que el canal emitir\u00e1 el lunes 25 de marzo y 1 de abril en horario central, cuando se cumplen 13 a\u00f1os del fallecimiento de la artista.<\/span>\u00a0<\/strong><\/p>\n<div id=\"attachment_40537\" style=\"width: 360px\" class=\"wp-caption aligncenter\"><img loading=\"lazy\" decoding=\"async\" aria-describedby=\"caption-attachment-40537\" class=\"wp-image-40537 size-medium\" src=\"http:\/\/www.tvmasmagazine.com\/wp-content\/uploads\/2019\/03\/Rocio-Durcal-350x233.jpg\" alt=\"\" width=\"350\" height=\"233\" srcset=\"https:\/\/tvmasmagazine.com\/wp-content\/uploads\/2019\/03\/Rocio-Durcal-350x233.jpg 350w, https:\/\/tvmasmagazine.com\/wp-content\/uploads\/2019\/03\/Rocio-Durcal-150x100.jpg 150w, https:\/\/tvmasmagazine.com\/wp-content\/uploads\/2019\/03\/Rocio-Durcal.jpg 667w\" sizes=\"auto, (max-width: 350px) 100vw, 350px\" \/><p id=\"caption-attachment-40537\" class=\"wp-caption-text\">Rocio Durcal<\/p><\/div>\n<p><span lang=\"ES-CO\">Es una producci\u00f3n en colaboraci\u00f3n con Tri-Neo Films, bajo la direcci\u00f3n de Carles Vila (\u2018Hospital Central\u2019). El guion es de Helio Mira (\u2018R.I.S. Cient\u00edfica\u2019) y cuenta con el escritor Jos\u00e9 Aguilar (autor de la biograf\u00eda hom\u00f3nima) como asesor.<\/span><u><\/u><u><\/u><\/p>\n<p><span lang=\"ES-CO\">En este recorrido por la vida de la \u201cespa\u00f1ola m\u00e1s mexicana\u201d o \u201creina de las rancheras\u201d, la audiencia ver\u00e1\u00a0 algunos de los episodios m\u00e1s importantes de su vida como su relaci\u00f3n con su esposo, Antonio Morales Junior, un cantante y actor filipino del que se enamora, el nacimiento de sus 3 hijos, su carrera musical en M\u00e9xico, las crisis econ\u00f3micas a las que se enfrent\u00f3 y su lucha contra el c\u00e1ncer.<u><\/u><u><\/u><\/span><\/p>\n<p><u><\/u>\u00a0<u><\/u><span lang=\"ES-CO\">La TV movie muestra tambi\u00e9n c\u00f3mo Roc\u00edo lucha por compaginar las complejas exigencias de su profesi\u00f3n con sus responsabilidades como esposa y madre. Pero ella, Marieta forj\u00f3 su carrera art\u00edstica anteponiendo la uni\u00f3n de su familia a su \u00e9xito profesional.<\/span><u><\/u><u><\/u><\/p>\n<p><span lang=\"ES-CO\">Por su participaci\u00f3n a finales de la dictadura franquista como piquete durante la huelga de actores en la que el colectivo ped\u00eda un d\u00eda de descanso, la artista es detenida\u00a0 por las fuerzas del orden y llevada a la Direcci\u00f3n General de Seguridad. Tras salir de la c\u00e1rcel, prosigue su trayectoria profesional y forma con Junior el d\u00fao Unisex, que no logra el \u00e9xito esperado.<u><\/u><u><\/u><\/span><\/p>\n<p><u><\/u>\u00a0<u><\/u><span lang=\"ES-CO\">Conseguir la fama no le fue f\u00e1cil. Tras participar en \u2018Me siento extra\u00f1a\u2019, la pel\u00edcula m\u00e1s pol\u00e9mica del cine de destape espa\u00f1ol, la situ\u00f3 en el centro de las cr\u00edticas y la actriz pone fin a su carrera cinematogr\u00e1fica para dedicarse de lleno a la m\u00fasica.<\/span><u><\/u><u><\/u><\/p>\n<p><span lang=\"ES-CO\">Mujer luchadora, carism\u00e1tica y optimista, logr\u00f3 convertirse en una solista exitosa que la llev\u00f3 a M\u00e9xico, pa\u00eds en el que con sus rancheras alcanz\u00f3 la fama y corri\u00f3 como p\u00f3lvora su fama logrando el \u00e9xito internacional.<\/span>\u00a0<u><\/u><u><\/u><\/p>\n<div id=\"attachment_40536\" style=\"width: 360px\" class=\"wp-caption aligncenter\"><img loading=\"lazy\" decoding=\"async\" aria-describedby=\"caption-attachment-40536\" class=\"wp-image-40536 size-medium\" src=\"http:\/\/www.tvmasmagazine.com\/wp-content\/uploads\/2019\/03\/norma-ruiz-actriz-cincomas-350x234.jpg\" alt=\"\" width=\"350\" height=\"234\" srcset=\"https:\/\/tvmasmagazine.com\/wp-content\/uploads\/2019\/03\/norma-ruiz-actriz-cincomas-350x234.jpg 350w, https:\/\/tvmasmagazine.com\/wp-content\/uploads\/2019\/03\/norma-ruiz-actriz-cincomas-150x100.jpg 150w, https:\/\/tvmasmagazine.com\/wp-content\/uploads\/2019\/03\/norma-ruiz-actriz-cincomas.jpg 659w\" sizes=\"auto, (max-width: 350px) 100vw, 350px\" \/><p id=\"caption-attachment-40536\" class=\"wp-caption-text\">Norma Ruiz, actriz<\/p><\/div>\n<p><u><\/u>\u00a0<u><\/u><span lang=\"ES-CO\">Sandra Bl\u00e1zquez (\u2018Acacias 38\u2019), Adri\u00e1n Viador (\u2018El pr\u00edncipe\u2019) y Ana Rujas (\u2018Punta Escarlata\u2019) dan vida a Carmen, Antonio y Shaila, los hijos de la estrella. Por su parte, Helio Pedregal (\u2018Carlos Rey Emperador\u2019) y Luisa Mart\u00edn (\u2018Los misterios de Laura\u2019) se pondr\u00e1n en la piel de los padres de la cantante, mientras que Alexandra Jim\u00e9nez (\u2018La pecera de Eva\u2019) interpretar\u00e1 a Susana, una de las hermanas de Roc\u00edo D\u00farcal.<u><\/u><u><\/u><\/span><\/p>\n<p><u><\/u>\u00a0<u><\/u><span lang=\"ES-CO\">Yuriria del Valle (\u2018Sin tetas no hay para\u00edso\u2019) en el papel de Alejandra, la manager latinoamericana de la artista; Borja Tous (\u2018La que se avecina\u2019) como el cantante Juan Pardo; Jos\u00e9 Ormaetxe (\u2018Cu\u00e9ntame lo que pas\u00f3\u2019) en el papel de Luis Sanz, primer representante de la artista; y Vanessa Castro (\u2018Ministerio del Tiempo\u2019) en el de Vilma, actriz con la que Junior vivi\u00f3 una fugaz aventura en Filipinas, completan el reparto de la ficci\u00f3n.\u00a0<\/span><u><\/u><u><\/u><\/p>\n<p><span lang=\"ES-CO\">\u201cM\u00e1s bonita que ninguna\u201d, \u201cAmor eterno\u201d, \u201cQuiero ser tu todo\u201d, \u201cC\u00f3mo han pasado los a\u00f1os\u201d y \u201cSi Dios me quita la vida\u201d son algunas de las canciones versionadas de la discograf\u00eda de la cantante madrile\u00f1a que incluye este relato biogr\u00e1fico.<\/span>\u00a0<u><\/u><u><\/u><\/p>\n<p><u><\/u>\u00a0<u><\/u><span lang=\"ES-CO\">La tv movie podr\u00e1 seguirse en CincoMAS los lunes 25 de marzo y 1 de abril a las 7:00pm MX, 9:00pm MIA y 10:00pm BA.<\/span><\/p>\n<p><div id=\"attachment_40538\" style=\"width: 360px\" class=\"wp-caption aligncenter\"><img loading=\"lazy\" decoding=\"async\" aria-describedby=\"caption-attachment-40538\" class=\"wp-image-40538 size-medium\" src=\"http:\/\/www.tvmasmagazine.com\/wp-content\/uploads\/2019\/03\/JOSEP-Linuesa-350x350.jpg\" alt=\"\" width=\"350\" height=\"350\" srcset=\"https:\/\/tvmasmagazine.com\/wp-content\/uploads\/2019\/03\/JOSEP-Linuesa-350x350.jpg 350w, https:\/\/tvmasmagazine.com\/wp-content\/uploads\/2019\/03\/JOSEP-Linuesa-150x150.jpg 150w, https:\/\/tvmasmagazine.com\/wp-content\/uploads\/2019\/03\/JOSEP-Linuesa.jpg 400w\" sizes=\"auto, (max-width: 350px) 100vw, 350px\" \/><p id=\"caption-attachment-40538\" class=\"wp-caption-text\">Josep Linuesa, actor y escritor<\/p><\/div><\/p>","protected":false},"excerpt":{"rendered":"<p>TV DE PAGO\/TV MOVIES La vida de la reconocida artista constituye el eje argumental de la\u00a0biopic\u00a0protagonizada por Norma Ruiz y <a class=\"more-link\" href=\"https:\/\/tvmasmagazine.com\/es\/2019\/03\/22\/cincomas-emitira-la-tv-movie-rocio-durcal-volver-a-verte\/\">&#8230;<\/a><\/p>\n","protected":false},"author":1,"featured_media":0,"comment_status":"closed","ping_status":"closed","sticky":false,"template":"","format":"standard","meta":{"footnotes":""},"categories":[40,79,47],"tags":[],"class_list":["post-40535","post","type-post","status-publish","format-standard","hentry","category-estrenos-old","category-tv-abierta","category-tv-de-pagp"],"_links":{"self":[{"href":"https:\/\/tvmasmagazine.com\/es\/wp-json\/wp\/v2\/posts\/40535","targetHints":{"allow":["GET"]}}],"collection":[{"href":"https:\/\/tvmasmagazine.com\/es\/wp-json\/wp\/v2\/posts"}],"about":[{"href":"https:\/\/tvmasmagazine.com\/es\/wp-json\/wp\/v2\/types\/post"}],"author":[{"embeddable":true,"href":"https:\/\/tvmasmagazine.com\/es\/wp-json\/wp\/v2\/users\/1"}],"replies":[{"embeddable":true,"href":"https:\/\/tvmasmagazine.com\/es\/wp-json\/wp\/v2\/comments?post=40535"}],"version-history":[{"count":1,"href":"https:\/\/tvmasmagazine.com\/es\/wp-json\/wp\/v2\/posts\/40535\/revisions"}],"predecessor-version":[{"id":40539,"href":"https:\/\/tvmasmagazine.com\/es\/wp-json\/wp\/v2\/posts\/40535\/revisions\/40539"}],"wp:attachment":[{"href":"https:\/\/tvmasmagazine.com\/es\/wp-json\/wp\/v2\/media?parent=40535"}],"wp:term":[{"taxonomy":"category","embeddable":true,"href":"https:\/\/tvmasmagazine.com\/es\/wp-json\/wp\/v2\/categories?post=40535"},{"taxonomy":"post_tag","embeddable":true,"href":"https:\/\/tvmasmagazine.com\/es\/wp-json\/wp\/v2\/tags?post=40535"}],"curies":[{"name":"wp","href":"https:\/\/api.w.org\/{rel}","templated":true}]}}