{"id":40542,"date":"2019-03-24T09:39:59","date_gmt":"2019-03-24T16:39:59","guid":{"rendered":"http:\/\/www.tvmasmagazine.com\/?p=40542"},"modified":"2019-03-24T09:39:59","modified_gmt":"2019-03-24T16:39:59","slug":"tv-azteca-viacom-international-studios-vis-y-mega-produciran-resistire","status":"publish","type":"post","link":"https:\/\/tvmasmagazine.com\/es\/2019\/03\/24\/tv-azteca-viacom-international-studios-vis-y-mega-produciran-resistire\/","title":{"rendered":"TV Azteca, Viacom International Studios (VIS) y Mega producir\u00e1n \u201cResistir\u00e9\u201d"},"content":{"rendered":"<p>REALITY\/CONTENIDOS<\/p>\n<p><strong>Esta co-producci\u00f3n del nuevo y ambicioso reality show de supervivencia\u00a0<b><i>\u201cResistir\u00e9\u201d<\/i><\/b>,<b><i>\u00a0<\/i><\/b>traera 95 episodios grabado en Chile y transmitido a trav\u00e9s de MTV (Am\u00e9rica Latina), Mega (Chile) y por Azteca 7 (M\u00e9xico) a partir de este lunes 25 de marzo a las 21:00 hrs.<\/strong><\/p>\n<div id=\"attachment_40543\" style=\"width: 360px\" class=\"wp-caption aligncenter\"><img loading=\"lazy\" decoding=\"async\" aria-describedby=\"caption-attachment-40543\" class=\"wp-image-40543 size-medium\" src=\"http:\/\/www.tvmasmagazine.com\/wp-content\/uploads\/2019\/03\/RESISITRE-PRESENTADOR-350x197.jpg\" alt=\"\" width=\"350\" height=\"197\" srcset=\"https:\/\/tvmasmagazine.com\/wp-content\/uploads\/2019\/03\/RESISITRE-PRESENTADOR-350x197.jpg 350w, https:\/\/tvmasmagazine.com\/wp-content\/uploads\/2019\/03\/RESISITRE-PRESENTADOR-150x84.jpg 150w, https:\/\/tvmasmagazine.com\/wp-content\/uploads\/2019\/03\/RESISITRE-PRESENTADOR.jpg 598w\" sizes=\"auto, (max-width: 350px) 100vw, 350px\" \/><p id=\"caption-attachment-40543\" class=\"wp-caption-text\">Resistir\u00e9 presentador Facundo<\/p><\/div>\n<p><span lang=\"ES-CO\">Un show sumamente esperado y muy prometedor por las\u00a0 tres marcas involucradas.\u00a0Inspirado en el formato original de MTV,\u00a0<i>Stranded with a Million Dollars,\u00a0<\/i>\u201c<b><i>Resistir\u00e9<\/i><\/b>\u201d marca la primera alianza de producci\u00f3n entre MTV, el canal Mega y TV Azteca. Este proyecto ser\u00e1 transmitido de lunes a jueves y ser\u00e1 presentado por el conductor mexicano Facundo y la estrella de la televisi\u00f3n chilena Diana Bolocco.<\/span><u><\/u><u><\/u><\/p>\n<p><span lang=\"ES-AR\">\u00a0<\/span><u><\/u><u><\/u><span lang=\"ES-CO\">24 participantes de Am\u00e9rica latina y Europa ponen a prueba su fortaleza, temple, lealtad y capacidad de sobrevivir al responder constantemente una pregunta: \u201c\u00bfCu\u00e1nto dinero estar\u00edas dispuesto a pagar para sobrevivir?\u201d. El grupo de participantes ser\u00e1n \u201cabandonados\u201d en la Cordillera de los Andes sin\u00a0<\/span><span lang=\"ES-MX\">agua, alimentos, techo, abrigo, ni la posibilidad de comunicaci\u00f3n con el exterior \u2013 pero con medio mill\u00f3n de d\u00f3lares en efectivo.<\/span><span lang=\"ES-CO\">\u00a0Administrar este dinero correctamente ser\u00e1 la clave para resistir y llegar al final del show para ganar una jugosa suma de dinero.<\/span><u><\/u><u><\/u><\/p>\n<div id=\"attachment_40545\" style=\"width: 360px\" class=\"wp-caption aligncenter\"><img loading=\"lazy\" decoding=\"async\" aria-describedby=\"caption-attachment-40545\" class=\"wp-image-40545 size-medium\" src=\"http:\/\/www.tvmasmagazine.com\/wp-content\/uploads\/2019\/03\/Adri\u00e1n-Ortega-Echegollen-vicepresidente-de-Azteca-7-TV-de-Paga-y-Adquisiciones-de-TV-Azteca-350x350.jpg\" alt=\"\" width=\"350\" height=\"350\" srcset=\"https:\/\/tvmasmagazine.com\/wp-content\/uploads\/2019\/03\/Adri\u00e1n-Ortega-Echegollen-vicepresidente-de-Azteca-7-TV-de-Paga-y-Adquisiciones-de-TV-Azteca-350x350.jpg 350w, https:\/\/tvmasmagazine.com\/wp-content\/uploads\/2019\/03\/Adri\u00e1n-Ortega-Echegollen-vicepresidente-de-Azteca-7-TV-de-Paga-y-Adquisiciones-de-TV-Azteca-150x150.jpg 150w, https:\/\/tvmasmagazine.com\/wp-content\/uploads\/2019\/03\/Adri\u00e1n-Ortega-Echegollen-vicepresidente-de-Azteca-7-TV-de-Paga-y-Adquisiciones-de-TV-Azteca.jpg 400w\" sizes=\"auto, (max-width: 350px) 100vw, 350px\" \/><p id=\"caption-attachment-40545\" class=\"wp-caption-text\">Adri\u00e1n Ortega Echegollen, vicepresidente de Azteca 7, TV de Paga y Adquisiciones de TV Azteca<\/p><\/div>\n<p><b><i><span lang=\"ES-CO\">\u00a0<\/span><\/i><\/b><u><\/u><u><\/u><span lang=\"ES-CO\">Adri\u00e1n Ortega Echegollen, vicepresidente de Azteca 7, TV de Paga\u00a0 y Adquisiciones de TV Azteca dijo en el comunicado que \u201cAzteca 7 contin\u00faa evolucionando y nuevamente irrumpiendo el mercado mexicano con un formato novedoso de la mano de socios poderosos en el entretenimiento de Am\u00e9rica latina como Viacom y Mega de Chile. Cumplimos con nuestro objetivo de llevar a nuestra audiencia contenidos novedosos y actuales para ser consumidos por las familias de M\u00e9xico y con este formato retomamos nuestra tradici\u00f3n de tener los mejores realitys de supervivencia en la televisi\u00f3n mexicana\u201d.<i>\u00a0<\/i>\u00a0<\/span><u><\/u><u><\/u><\/p>\n<p><span lang=\"ES-CO\">\u00a0<\/span><u><\/u><u><\/u><span lang=\"ES-CO\">Los participantes son de Argentina, Chile,\u00a0 Colombia, Espa\u00f1a,\u00a0 M\u00e9xico y Uruguay.<\/span><\/p>\n<p><div id=\"attachment_40544\" style=\"width: 360px\" class=\"wp-caption aligncenter\"><img loading=\"lazy\" decoding=\"async\" aria-describedby=\"caption-attachment-40544\" class=\"wp-image-40544 size-medium\" src=\"http:\/\/www.tvmasmagazine.com\/wp-content\/uploads\/2019\/03\/Diana-Bolocco-y-Facundo-350x233.jpeg\" alt=\"\" width=\"350\" height=\"233\" srcset=\"https:\/\/tvmasmagazine.com\/wp-content\/uploads\/2019\/03\/Diana-Bolocco-y-Facundo-350x233.jpeg 350w, https:\/\/tvmasmagazine.com\/wp-content\/uploads\/2019\/03\/Diana-Bolocco-y-Facundo-150x100.jpeg 150w, https:\/\/tvmasmagazine.com\/wp-content\/uploads\/2019\/03\/Diana-Bolocco-y-Facundo-768x512.jpeg 768w, https:\/\/tvmasmagazine.com\/wp-content\/uploads\/2019\/03\/Diana-Bolocco-y-Facundo-1024x682.jpeg 1024w, https:\/\/tvmasmagazine.com\/wp-content\/uploads\/2019\/03\/Diana-Bolocco-y-Facundo.jpeg 1280w\" sizes=\"auto, (max-width: 350px) 100vw, 350px\" \/><p id=\"caption-attachment-40544\" class=\"wp-caption-text\">La estrella de la televisi\u00f3n chilena Diana Bolocco y Facundo.<\/p><\/div><\/p>","protected":false},"excerpt":{"rendered":"<p>REALITY\/CONTENIDOS Esta co-producci\u00f3n del nuevo y ambicioso reality show de supervivencia\u00a0\u201cResistir\u00e9\u201d,\u00a0traera 95 episodios grabado en Chile y transmitido a trav\u00e9s <a class=\"more-link\" href=\"https:\/\/tvmasmagazine.com\/es\/2019\/03\/24\/tv-azteca-viacom-international-studios-vis-y-mega-produciran-resistire\/\">&#8230;<\/a><\/p>\n","protected":false},"author":1,"featured_media":0,"comment_status":"closed","ping_status":"closed","sticky":false,"template":"","format":"standard","meta":{"footnotes":""},"categories":[84,79],"tags":[],"class_list":["post-40542","post","type-post","status-publish","format-standard","hentry","category-innovadores","category-tv-abierta"],"_links":{"self":[{"href":"https:\/\/tvmasmagazine.com\/es\/wp-json\/wp\/v2\/posts\/40542","targetHints":{"allow":["GET"]}}],"collection":[{"href":"https:\/\/tvmasmagazine.com\/es\/wp-json\/wp\/v2\/posts"}],"about":[{"href":"https:\/\/tvmasmagazine.com\/es\/wp-json\/wp\/v2\/types\/post"}],"author":[{"embeddable":true,"href":"https:\/\/tvmasmagazine.com\/es\/wp-json\/wp\/v2\/users\/1"}],"replies":[{"embeddable":true,"href":"https:\/\/tvmasmagazine.com\/es\/wp-json\/wp\/v2\/comments?post=40542"}],"version-history":[{"count":1,"href":"https:\/\/tvmasmagazine.com\/es\/wp-json\/wp\/v2\/posts\/40542\/revisions"}],"predecessor-version":[{"id":40546,"href":"https:\/\/tvmasmagazine.com\/es\/wp-json\/wp\/v2\/posts\/40542\/revisions\/40546"}],"wp:attachment":[{"href":"https:\/\/tvmasmagazine.com\/es\/wp-json\/wp\/v2\/media?parent=40542"}],"wp:term":[{"taxonomy":"category","embeddable":true,"href":"https:\/\/tvmasmagazine.com\/es\/wp-json\/wp\/v2\/categories?post=40542"},{"taxonomy":"post_tag","embeddable":true,"href":"https:\/\/tvmasmagazine.com\/es\/wp-json\/wp\/v2\/tags?post=40542"}],"curies":[{"name":"wp","href":"https:\/\/api.w.org\/{rel}","templated":true}]}}