{"id":40557,"date":"2019-03-27T06:01:55","date_gmt":"2019-03-27T13:01:55","guid":{"rendered":"http:\/\/www.tvmasmagazine.com\/?p=40557"},"modified":"2019-03-26T14:02:29","modified_gmt":"2019-03-26T21:02:29","slug":"hola-tv-en-abril-sorprendera-con-meghan-markle-esperando-a-su-bebe","status":"publish","type":"post","link":"https:\/\/tvmasmagazine.com\/es\/2019\/03\/27\/hola-tv-en-abril-sorprendera-con-meghan-markle-esperando-a-su-bebe\/","title":{"rendered":"\u00a1HOLA! TV en abril sorprender\u00e1 con Meghan Markle esperando a su beb\u00e9"},"content":{"rendered":"<p>TV DE PAGO<\/p>\n<p><strong>La audiencia \u00e1vida de conocer el mundo en el que se desenvuelven los duques de Sussex, en \u00a1HOLA! TV podr\u00e1n disfrutar de la mejor informaci\u00f3n sobre el mes del nacimiento del primer beb\u00e9 de Meghan Markle y Harry de Inglaterra.<\/strong><\/p>\n<div id=\"attachment_40558\" style=\"width: 243px\" class=\"wp-caption aligncenter\"><img loading=\"lazy\" decoding=\"async\" aria-describedby=\"caption-attachment-40558\" class=\"wp-image-40558 size-medium\" src=\"http:\/\/www.tvmasmagazine.com\/wp-content\/uploads\/2019\/03\/MEGHAN-MARKLE-EMBARAZADA-233x350.jpg\" alt=\"\" width=\"233\" height=\"350\" srcset=\"https:\/\/tvmasmagazine.com\/wp-content\/uploads\/2019\/03\/MEGHAN-MARKLE-EMBARAZADA-233x350.jpg 233w, https:\/\/tvmasmagazine.com\/wp-content\/uploads\/2019\/03\/MEGHAN-MARKLE-EMBARAZADA-100x150.jpg 100w, https:\/\/tvmasmagazine.com\/wp-content\/uploads\/2019\/03\/MEGHAN-MARKLE-EMBARAZADA-768x1154.jpg 768w, https:\/\/tvmasmagazine.com\/wp-content\/uploads\/2019\/03\/MEGHAN-MARKLE-EMBARAZADA-681x1024.jpg 681w, https:\/\/tvmasmagazine.com\/wp-content\/uploads\/2019\/03\/MEGHAN-MARKLE-EMBARAZADA.jpg 1409w\" sizes=\"auto, (max-width: 233px) 100vw, 233px\" \/><p id=\"caption-attachment-40558\" class=\"wp-caption-text\">Meghan Markle<\/p><\/div>\n<p><span lang=\"ES-CO\">En abril, para la satisfacci\u00f3n de la audiencia latinoamericana y del mercado hispano de Estados Unidos, \u00a1HOLA! TV tiene previsto realizar una cobertura especial en sus programas m\u00e1s representativos.<\/span><u><\/u><u><\/u><\/p>\n<p><span lang=\"ES-CO\">Para ello, contar\u00e1 con colaboradores y analistas especializados, as\u00ed como la emisi\u00f3n \u2013los martes 9 y 16 de abril, de dos especiales acerca de las esposas reales de Windsor, entre las que destacan\u00a0<b>Lady Di; Sarah Ferguson; Sophie de Wessex; Camila de Cornualles; Autumn Phillips,<\/b>\u00a0y\u00a0<b>Kate Middleton<\/b>,\u00a0<b>duquesa de Cambridge<\/b>.<\/span><u><\/u><u><\/u><\/p>\n<p><span lang=\"ES-CO\">Y con la tem\u00e1tica sobre realeza, el canal traer\u00e1 un acontecimiento hist\u00f3rico en la casa real nipona, despu\u00e9s de que Akihito, de 85 a\u00f1os, anunciara a sus ancestros su retiro en el Palacio Imperial de Tokio, el 30 de abril. Emitir\u00e1 un especial titulado: \u201cAkihito, el emperador simb\u00f3lico\u201d, que se estrena el mismo d\u00eda de la abdicaci\u00f3n.<\/span><u><\/u><u><\/u><\/p>\n<p><span lang=\"ES-CO\">En abril tambi\u00e9n \u00a1HOLA! TV presentar\u00e1\u00a0 las\u00a0<i>Alfombras Rojas del a\u00f1o<\/i>. De la mano de Mar\u00eda Jos\u00e9 Barraza, junto a Daniela Di Giacomo y Kim C\u00e1ceres, quienes analizar\u00e1n cada detalle. El bloque de moda, traer\u00e1 dos especiales dedicados al dise\u00f1ador franc\u00e9s Christian Dior. Y, en el \u201cCl\u00f3set De\u2026\u201d se ofrecer\u00e1 un recorrido por el estilo de una de las parejas m\u00e1s consolidadas e ic\u00f3nicas: Victoria y David Beckham.<\/span><\/p>","protected":false},"excerpt":{"rendered":"<p>TV DE PAGO La audiencia \u00e1vida de conocer el mundo en el que se desenvuelven los duques de Sussex, en <a class=\"more-link\" href=\"https:\/\/tvmasmagazine.com\/es\/2019\/03\/27\/hola-tv-en-abril-sorprendera-con-meghan-markle-esperando-a-su-bebe\/\">&#8230;<\/a><\/p>\n","protected":false},"author":1,"featured_media":0,"comment_status":"closed","ping_status":"closed","sticky":false,"template":"","format":"standard","meta":{"footnotes":""},"categories":[40,47],"tags":[],"class_list":["post-40557","post","type-post","status-publish","format-standard","hentry","category-estrenos-old","category-tv-de-pagp"],"_links":{"self":[{"href":"https:\/\/tvmasmagazine.com\/es\/wp-json\/wp\/v2\/posts\/40557","targetHints":{"allow":["GET"]}}],"collection":[{"href":"https:\/\/tvmasmagazine.com\/es\/wp-json\/wp\/v2\/posts"}],"about":[{"href":"https:\/\/tvmasmagazine.com\/es\/wp-json\/wp\/v2\/types\/post"}],"author":[{"embeddable":true,"href":"https:\/\/tvmasmagazine.com\/es\/wp-json\/wp\/v2\/users\/1"}],"replies":[{"embeddable":true,"href":"https:\/\/tvmasmagazine.com\/es\/wp-json\/wp\/v2\/comments?post=40557"}],"version-history":[{"count":1,"href":"https:\/\/tvmasmagazine.com\/es\/wp-json\/wp\/v2\/posts\/40557\/revisions"}],"predecessor-version":[{"id":40559,"href":"https:\/\/tvmasmagazine.com\/es\/wp-json\/wp\/v2\/posts\/40557\/revisions\/40559"}],"wp:attachment":[{"href":"https:\/\/tvmasmagazine.com\/es\/wp-json\/wp\/v2\/media?parent=40557"}],"wp:term":[{"taxonomy":"category","embeddable":true,"href":"https:\/\/tvmasmagazine.com\/es\/wp-json\/wp\/v2\/categories?post=40557"},{"taxonomy":"post_tag","embeddable":true,"href":"https:\/\/tvmasmagazine.com\/es\/wp-json\/wp\/v2\/tags?post=40557"}],"curies":[{"name":"wp","href":"https:\/\/api.w.org\/{rel}","templated":true}]}}