{"id":40584,"date":"2019-03-28T06:01:46","date_gmt":"2019-03-28T13:01:46","guid":{"rendered":"http:\/\/www.tvmasmagazine.com\/?p=40584"},"modified":"2019-03-27T19:26:36","modified_gmt":"2019-03-28T02:26:36","slug":"mediabank-en-miptv-y-nab-show-2019","status":"publish","type":"post","link":"https:\/\/tvmasmagazine.com\/es\/2019\/03\/28\/mediabank-en-miptv-y-nab-show-2019\/","title":{"rendered":"MediaBank en MIPTV y NAB Show 2019"},"content":{"rendered":"<p>DISTRIBUCI\u00d3N\/EVENTOS DE LA INDUSTRIA<\/p>\n<p><strong><span lang=\"ES\">Con un estimado de m\u00e1s de 3.600 compradores y un total de 10.000 visitantes del sector de la televisi\u00f3n y el entretenimiento digital en MIPTV 2019 en\u00a0 Cannes. all\u00ed estar\u00e1\u00a0<b>MediaBank<\/b>\u00a0 en el stand R7.J11 del pabell\u00f3n espa\u00f1ol. Y en\u00a0<b>NAB Show Las Vegas<\/b>, con m\u00e1s de 100.000 profesionales con poder de compra y en el que\u00a0<b>TV<\/b><\/span><b><span lang=\"ES\">MAS<\/span><\/b><span lang=\"ES\">\u00a0es Media Partner y participa desde hace varios a\u00f1os,\u00a0<b>MediaBank\u00a0<\/b>estar\u00e1 en el stand SL7606.<\/span><\/strong><\/p>\n<div id=\"attachment_40585\" style=\"width: 360px\" class=\"wp-caption aligncenter\"><img loading=\"lazy\" decoding=\"async\" aria-describedby=\"caption-attachment-40585\" class=\"wp-image-40585 size-medium\" src=\"http:\/\/www.tvmasmagazine.com\/wp-content\/uploads\/2019\/03\/De-la-Tierra-al-Plato-350x233.jpg\" alt=\"\" width=\"350\" height=\"233\" srcset=\"https:\/\/tvmasmagazine.com\/wp-content\/uploads\/2019\/03\/De-la-Tierra-al-Plato-350x233.jpg 350w, https:\/\/tvmasmagazine.com\/wp-content\/uploads\/2019\/03\/De-la-Tierra-al-Plato-150x100.jpg 150w, https:\/\/tvmasmagazine.com\/wp-content\/uploads\/2019\/03\/De-la-Tierra-al-Plato-768x512.jpg 768w, https:\/\/tvmasmagazine.com\/wp-content\/uploads\/2019\/03\/De-la-Tierra-al-Plato.jpg 1024w\" sizes=\"auto, (max-width: 350px) 100vw, 350px\" \/><p id=\"caption-attachment-40585\" class=\"wp-caption-text\">De la tierra al plato<\/p><\/div>\n<p><span lang=\"ES\">La empresa llevar\u00e1 en su cat\u00e1logo importantes producciones listas para emitir. Entre ellas:\u00a0<b><i>Miradas sin Filtro<\/i><\/b>, serie documental protagonizada por la periodista Claudia Hern\u00e1ndez, quien se introduce en las entra\u00f1as de las culturas ind\u00edgenas mexicanas. As\u00ed, durante los 50 minutos que dura cada uno de los 13 episodios, Hern\u00e1ndez convive con sus gentes para empaparse de las costumbres y tradiciones de los distintos pueblos, viviendo en sus propias carnes la riqueza cultural del pa\u00eds.<\/span><u><\/u><u><\/u><\/p>\n<p><span lang=\"ES\">\u00a0<\/span><u><\/u><u><\/u><span lang=\"ES\">Otro t\u00edtulo clave es el programa culinario\u00a0<b><i>De la Tierra al Plato<\/i><\/b>, en el que el afamado cocinero uruguayo Hugo Soca, viaja desde la ciudad de Montevideo a las zonas rurales del pa\u00eds, en busca de alimentos frescos. Cada uno de los 37 cap\u00edtulos de 50 minutos explica la vida de los productores en el campo y muestra recetas elaboradas con ingredientes recolectados.<\/span><u><\/u><u><\/u><\/p>\n<p><span lang=\"ES\">\u00a0<\/span><u><\/u><u><\/u><span lang=\"ES\">Su cat\u00e1logo incluye el programa ruso\u00a0<b><i>Family Ties<\/i><\/b>, en el que ni\u00f1os abandonados buscan a sus padres biol\u00f3gicos. Cada uno de los 9 cap\u00edtulos de 50 minutos narra la historia de una persona adulta que lucha por obtener respuestas a preguntas que llevan formul\u00e1ndose desde la infancia.<\/span><u><\/u><u><\/u><\/p>\n<p><span lang=\"ES\">\u00a0<\/span><u><\/u><u><\/u><span lang=\"ES\">La serie de animaci\u00f3n infantil\u00a0<b><i>Botty<\/i><\/b>, pensada como una escuela de ingl\u00e9s para ni\u00f1os; la pel\u00edcula de Rep\u00fablica Dominicana\u00a0<b><i>Melocotones<\/i><\/b>, que narra una historia de amor con elementos de fantas\u00eda; o la serie documental\u00a0<b><i>Flamencos<\/i><\/b>, que muestra la cultura y los distintos palos de este estilo musical.<\/span><\/p>","protected":false},"excerpt":{"rendered":"<p>DISTRIBUCI\u00d3N\/EVENTOS DE LA INDUSTRIA Con un estimado de m\u00e1s de 3.600 compradores y un total de 10.000 visitantes del sector <a class=\"more-link\" href=\"https:\/\/tvmasmagazine.com\/es\/2019\/03\/28\/mediabank-en-miptv-y-nab-show-2019\/\">&#8230;<\/a><\/p>\n","protected":false},"author":1,"featured_media":0,"comment_status":"closed","ping_status":"closed","sticky":false,"template":"","format":"standard","meta":{"footnotes":""},"categories":[80,79,47],"tags":[],"class_list":["post-40584","post","type-post","status-publish","format-standard","hentry","category-ott","category-tv-abierta","category-tv-de-pagp"],"_links":{"self":[{"href":"https:\/\/tvmasmagazine.com\/es\/wp-json\/wp\/v2\/posts\/40584","targetHints":{"allow":["GET"]}}],"collection":[{"href":"https:\/\/tvmasmagazine.com\/es\/wp-json\/wp\/v2\/posts"}],"about":[{"href":"https:\/\/tvmasmagazine.com\/es\/wp-json\/wp\/v2\/types\/post"}],"author":[{"embeddable":true,"href":"https:\/\/tvmasmagazine.com\/es\/wp-json\/wp\/v2\/users\/1"}],"replies":[{"embeddable":true,"href":"https:\/\/tvmasmagazine.com\/es\/wp-json\/wp\/v2\/comments?post=40584"}],"version-history":[{"count":1,"href":"https:\/\/tvmasmagazine.com\/es\/wp-json\/wp\/v2\/posts\/40584\/revisions"}],"predecessor-version":[{"id":40586,"href":"https:\/\/tvmasmagazine.com\/es\/wp-json\/wp\/v2\/posts\/40584\/revisions\/40586"}],"wp:attachment":[{"href":"https:\/\/tvmasmagazine.com\/es\/wp-json\/wp\/v2\/media?parent=40584"}],"wp:term":[{"taxonomy":"category","embeddable":true,"href":"https:\/\/tvmasmagazine.com\/es\/wp-json\/wp\/v2\/categories?post=40584"},{"taxonomy":"post_tag","embeddable":true,"href":"https:\/\/tvmasmagazine.com\/es\/wp-json\/wp\/v2\/tags?post=40584"}],"curies":[{"name":"wp","href":"https:\/\/api.w.org\/{rel}","templated":true}]}}