{"id":40670,"date":"2019-04-04T06:45:44","date_gmt":"2019-04-04T13:45:44","guid":{"rendered":"http:\/\/www.tvmasmagazine.com\/?p=40670"},"modified":"2019-04-04T12:13:26","modified_gmt":"2019-04-04T19:13:26","slug":"mondo-tv-iberoamerica-anuncia-un-acuerdo-regional-de-television-con-amazon","status":"publish","type":"post","link":"https:\/\/tvmasmagazine.com\/es\/2019\/04\/04\/mondo-tv-iberoamerica-anuncia-un-acuerdo-regional-de-television-con-amazon\/","title":{"rendered":"Mondo TV Iberoam\u00e9rica anuncia un acuerdo regional de televisi\u00f3n con Amazon"},"content":{"rendered":"<p>NEGOCIOS\/CONTENIDOS<\/p>\n<p><strong>La biblioteca de Mondo TV Iberoam\u00e9rica se distribuir\u00e1 en Am\u00e9rica latina en la plataforma Prime Video. El acuerdo incluye los favoritos de Mondo TV entre ellos,\u00a0<i>The Treasure Island, The Drakers<\/i>\u00a0y\u00a0<i>The Jungle Book.<\/i><\/strong><\/p>\n<div id=\"attachment_40671\" style=\"width: 360px\" class=\"wp-caption aligncenter\"><img loading=\"lazy\" decoding=\"async\" aria-describedby=\"caption-attachment-40671\" class=\"wp-image-40671 size-medium\" src=\"http:\/\/www.tvmasmagazine.com\/wp-content\/uploads\/2019\/04\/LA-ISLA-DEL-TESORO-350x197.png\" alt=\"\" width=\"350\" height=\"197\" srcset=\"https:\/\/tvmasmagazine.com\/wp-content\/uploads\/2019\/04\/LA-ISLA-DEL-TESORO-350x197.png 350w, https:\/\/tvmasmagazine.com\/wp-content\/uploads\/2019\/04\/LA-ISLA-DEL-TESORO-150x84.png 150w, https:\/\/tvmasmagazine.com\/wp-content\/uploads\/2019\/04\/LA-ISLA-DEL-TESORO-768x432.png 768w, https:\/\/tvmasmagazine.com\/wp-content\/uploads\/2019\/04\/LA-ISLA-DEL-TESORO-1024x576.png 1024w, https:\/\/tvmasmagazine.com\/wp-content\/uploads\/2019\/04\/LA-ISLA-DEL-TESORO.png 1920w\" sizes=\"auto, (max-width: 350px) 100vw, 350px\" \/><p id=\"caption-attachment-40671\" class=\"wp-caption-text\">La isla del tesoro<\/p><\/div>\n<p style=\"font-weight: 400;\">La empresa es parte de Mondo TV Group, uno de los mayores productores y distribuidores europeos de contenido animado y bajo el liderazgo de Maria Bonaria Fois, se ha posicionado como una de las m\u00e1s activas en Iberoam\u00e9rica. Con este importante acuerdo con el gigante Amazon, a partir de este mes de abril, una gran parte de la biblioteca de Mondo TV se distribuir\u00e1 en la plataforma Amazon Prime Video a una base de clientes en toda Am\u00e9rica latina.<\/p>\n<p style=\"font-weight: 400;\">El acuerdo incluye los exitosos\u00a0<em>The Treasure Island, The Drakers, The Jungle Book<\/em>\u00a0entre otros t\u00edtulos de gran variedad de comedia animada, historia, drama, educaci\u00f3n y romance de su vasta biblioteca. Mondo TV posee una de las bibliotecas de animaci\u00f3n m\u00e1s grandes de Europa con m\u00e1s de 2,000 episodios de series de televisi\u00f3n y m\u00e1s de 75 pel\u00edculas animadas de largometraje.<\/p>\n<p style=\"font-weight: 400;\">Maria Bonaria Fois, gerente general de Mondo TV Iberoam\u00e9rica, dice: \u00abEstamos encantados de trabajar con esta plataforma, que se caracteriza por su asociaci\u00f3n con productos de calidad. Creemos que la plataforma de Amazon, al dar a los espectadores de Latinoam\u00e9rica una parte de nuestra programaci\u00f3n m\u00e1s popular, representar\u00e1 para Mondo una gran visibilidad y un alcance a\u00fan mayor en este mercado tan importante\u201d.<\/p>\n<div id=\"attachment_40672\" style=\"width: 360px\" class=\"wp-caption aligncenter\"><img loading=\"lazy\" decoding=\"async\" aria-describedby=\"caption-attachment-40672\" class=\"wp-image-40672 size-medium\" src=\"http:\/\/www.tvmasmagazine.com\/wp-content\/uploads\/2019\/04\/the-drakers--350x197.png\" alt=\"\" width=\"350\" height=\"197\" srcset=\"https:\/\/tvmasmagazine.com\/wp-content\/uploads\/2019\/04\/the-drakers--350x197.png 350w, https:\/\/tvmasmagazine.com\/wp-content\/uploads\/2019\/04\/the-drakers--150x84.png 150w, https:\/\/tvmasmagazine.com\/wp-content\/uploads\/2019\/04\/the-drakers--768x432.png 768w, https:\/\/tvmasmagazine.com\/wp-content\/uploads\/2019\/04\/the-drakers--1024x576.png 1024w, https:\/\/tvmasmagazine.com\/wp-content\/uploads\/2019\/04\/the-drakers-.png 1920w\" sizes=\"auto, (max-width: 350px) 100vw, 350px\" \/><p id=\"caption-attachment-40672\" class=\"wp-caption-text\">The drakers<\/p><\/div>\n<p style=\"font-weight: 400;\">Mondo TV Iberoam\u00e9rica, fundada como Mondo TV Espa\u00f1a en 2008, no solo est\u00e1 activa en la distribuci\u00f3n del cat\u00e1logo animado de Mondo TV en la regi\u00f3n, sino que recientemente ha comenzado a producir y coproducir series originales, entre ellas\u00a0<em>\u201cHeidi, bienvenida a casa<\/em>\u201d.<\/p>\n<p><\/p>","protected":false},"excerpt":{"rendered":"<p>NEGOCIOS\/CONTENIDOS La biblioteca de Mondo TV Iberoam\u00e9rica se distribuir\u00e1 en Am\u00e9rica latina en la plataforma Prime Video. El acuerdo incluye <a class=\"more-link\" href=\"https:\/\/tvmasmagazine.com\/es\/2019\/04\/04\/mondo-tv-iberoamerica-anuncia-un-acuerdo-regional-de-television-con-amazon\/\">&#8230;<\/a><\/p>\n","protected":false},"author":1,"featured_media":0,"comment_status":"closed","ping_status":"closed","sticky":false,"template":"","format":"standard","meta":{"footnotes":""},"categories":[80,79,47],"tags":[],"class_list":["post-40670","post","type-post","status-publish","format-standard","hentry","category-ott","category-tv-abierta","category-tv-de-pagp"],"_links":{"self":[{"href":"https:\/\/tvmasmagazine.com\/es\/wp-json\/wp\/v2\/posts\/40670","targetHints":{"allow":["GET"]}}],"collection":[{"href":"https:\/\/tvmasmagazine.com\/es\/wp-json\/wp\/v2\/posts"}],"about":[{"href":"https:\/\/tvmasmagazine.com\/es\/wp-json\/wp\/v2\/types\/post"}],"author":[{"embeddable":true,"href":"https:\/\/tvmasmagazine.com\/es\/wp-json\/wp\/v2\/users\/1"}],"replies":[{"embeddable":true,"href":"https:\/\/tvmasmagazine.com\/es\/wp-json\/wp\/v2\/comments?post=40670"}],"version-history":[{"count":2,"href":"https:\/\/tvmasmagazine.com\/es\/wp-json\/wp\/v2\/posts\/40670\/revisions"}],"predecessor-version":[{"id":40680,"href":"https:\/\/tvmasmagazine.com\/es\/wp-json\/wp\/v2\/posts\/40670\/revisions\/40680"}],"wp:attachment":[{"href":"https:\/\/tvmasmagazine.com\/es\/wp-json\/wp\/v2\/media?parent=40670"}],"wp:term":[{"taxonomy":"category","embeddable":true,"href":"https:\/\/tvmasmagazine.com\/es\/wp-json\/wp\/v2\/categories?post=40670"},{"taxonomy":"post_tag","embeddable":true,"href":"https:\/\/tvmasmagazine.com\/es\/wp-json\/wp\/v2\/tags?post=40670"}],"curies":[{"name":"wp","href":"https:\/\/api.w.org\/{rel}","templated":true}]}}