{"id":4099,"date":"2013-04-08T04:48:20","date_gmt":"2013-04-08T04:48:20","guid":{"rendered":"http:\/\/www.tvmasmagazine.com\/?p=4099"},"modified":"2015-01-27T12:01:27","modified_gmt":"2015-01-27T11:01:27","slug":"azteca-america-estrena-vivir-a-destiempo","status":"publish","type":"post","link":"https:\/\/tvmasmagazine.com\/es\/2013\/04\/08\/azteca-america-estrena-vivir-a-destiempo\/","title":{"rendered":"Azteca America estrena \u00abVivir a Destiempo\u00bb"},"content":{"rendered":"<p><\/p>\n<h3>:\u00bbEstar a la vanguardia con producciones e historias que rompan con lo convencional, es una constante en Azteca America\u00bb, Marlene Braga, VP de programaci\u00f3n <\/h3>\n<p><a href=\"http:\/\/www.tvmasmagazine.com\/wp-content\/uploads\/2013\/04\/poster-telenovela-vivir-a-destiempo.jpg\"><img loading=\"lazy\" decoding=\"async\" src=\"http:\/\/www.tvmasmagazine.com\/wp-content\/uploads\/2013\/04\/poster-telenovela-vivir-a-destiempo.jpg\" alt=\"\" title=\"poster-telenovela-vivir-a-destiempo\" width=\"300\" height=\"600\" class=\"alignleft size-full wp-image-4100\" srcset=\"https:\/\/tvmasmagazine.com\/wp-content\/uploads\/2013\/04\/poster-telenovela-vivir-a-destiempo.jpg 300w, https:\/\/tvmasmagazine.com\/wp-content\/uploads\/2013\/04\/poster-telenovela-vivir-a-destiempo-75x150.jpg 75w, https:\/\/tvmasmagazine.com\/wp-content\/uploads\/2013\/04\/poster-telenovela-vivir-a-destiempo-175x350.jpg 175w\" sizes=\"auto, (max-width: 300px) 100vw, 300px\" \/><\/a>A partir del pr\u00f3ximo 15 de abril, Azteca America inicia transmisiones de la telenovela \u00abVivir a Destiempo\u00bb, protagonizada por  Edith Gonz\u00e1lez, Humberto Zurita y Ramiro Fumazoni; historia en la que la pasi\u00f3n, el dolor y la infidelidad reflejan la vida de una ama de casa abnegada que luchar\u00e1 contra todo por recuperar el amor que tiempo atr\u00e1s perdi\u00f3 y que ahora vive un calvario con el hombre con el que se cas\u00f3. <\/p>\n<p><div id=\"attachment_4101\" style=\"width: 310px\" class=\"wp-caption alignright\"><a href=\"http:\/\/www.tvmasmagazine.com\/wp-content\/uploads\/2013\/04\/Marlene-Braga-VP-de-programaci\u00f3n-de-Azteca-America.jpg\"><img loading=\"lazy\" decoding=\"async\" aria-describedby=\"caption-attachment-4101\" src=\"http:\/\/www.tvmasmagazine.com\/wp-content\/uploads\/2013\/04\/Marlene-Braga-VP-de-programaci\u00f3n-de-Azteca-America.jpg\" alt=\"\" title=\"Marlene-Braga-VP-de-programaci\u00f3n-de-Azteca-America\" width=\"300\" height=\"450\" class=\"size-full wp-image-4101\" srcset=\"https:\/\/tvmasmagazine.com\/wp-content\/uploads\/2013\/04\/Marlene-Braga-VP-de-programaci\u00f3n-de-Azteca-America.jpg 300w, https:\/\/tvmasmagazine.com\/wp-content\/uploads\/2013\/04\/Marlene-Braga-VP-de-programaci\u00f3n-de-Azteca-America-200x300.jpg 200w\" sizes=\"auto, (max-width: 300px) 100vw, 300px\" \/><\/a><p id=\"caption-attachment-4101\" class=\"wp-caption-text\">Marlene Braga, VP de programaci\u00f3n de Azteca America<\/p><\/div>\u201cEstoy muy contenta por llevar esta gran historia a la pantalla, la telenovela tiene un desarrollo impresionante en cada personaje. No estamos descubriendo el hilo negro, pero lo importante de una telenovela es la forma de c\u00f3mo se la cuentas al p\u00fablico, si a esto le agregas un elenco internacional y un buen director, este es el resultado\u201d, coment\u00f3 Fides Velasco, productora.<\/p>\n<p>Por su parte, Marlene Braga, VP de programaci\u00f3n de Azteca America, agreg\u00f3: \u00abEstar a la vanguardia con grandes producciones e historias que rompan con lo convencional, es una constante en Azteca America.  \u00abVivir a Destiempo\u00bb viene a refrescar la pantalla hispana, como una telenovela con sentido social que transmitir\u00e1 un gran mensaje\u00bb, finaliz\u00f3 la ejecutiva.<\/p>\n<p>\u00abVivir a Destiempo\u00bb, inicia transmisiones a partir del pr\u00f3ximo 15 de abril, a las 6:00pm \/ 5:00pm CDT,  por Azteca America.<\/p>","protected":false},"excerpt":{"rendered":"<p>:\u00bbEstar a la vanguardia con producciones e historias que rompan con lo convencional, es una constante en Azteca America\u00bb, Marlene <a class=\"more-link\" href=\"https:\/\/tvmasmagazine.com\/es\/2013\/04\/08\/azteca-america-estrena-vivir-a-destiempo\/\">&#8230;<\/a><\/p>\n","protected":false},"author":1,"featured_media":4104,"comment_status":"closed","ping_status":"closed","sticky":false,"template":"","format":"standard","meta":{"footnotes":""},"categories":[73],"tags":[],"class_list":["post-4099","post","type-post","status-publish","format-standard","has-post-thumbnail","hentry","category-telenovelas-series"],"_links":{"self":[{"href":"https:\/\/tvmasmagazine.com\/es\/wp-json\/wp\/v2\/posts\/4099","targetHints":{"allow":["GET"]}}],"collection":[{"href":"https:\/\/tvmasmagazine.com\/es\/wp-json\/wp\/v2\/posts"}],"about":[{"href":"https:\/\/tvmasmagazine.com\/es\/wp-json\/wp\/v2\/types\/post"}],"author":[{"embeddable":true,"href":"https:\/\/tvmasmagazine.com\/es\/wp-json\/wp\/v2\/users\/1"}],"replies":[{"embeddable":true,"href":"https:\/\/tvmasmagazine.com\/es\/wp-json\/wp\/v2\/comments?post=4099"}],"version-history":[{"count":4,"href":"https:\/\/tvmasmagazine.com\/es\/wp-json\/wp\/v2\/posts\/4099\/revisions"}],"predecessor-version":[{"id":4107,"href":"https:\/\/tvmasmagazine.com\/es\/wp-json\/wp\/v2\/posts\/4099\/revisions\/4107"}],"wp:featuredmedia":[{"embeddable":true,"href":"https:\/\/tvmasmagazine.com\/es\/wp-json\/wp\/v2\/media\/4104"}],"wp:attachment":[{"href":"https:\/\/tvmasmagazine.com\/es\/wp-json\/wp\/v2\/media?parent=4099"}],"wp:term":[{"taxonomy":"category","embeddable":true,"href":"https:\/\/tvmasmagazine.com\/es\/wp-json\/wp\/v2\/categories?post=4099"},{"taxonomy":"post_tag","embeddable":true,"href":"https:\/\/tvmasmagazine.com\/es\/wp-json\/wp\/v2\/tags?post=4099"}],"curies":[{"name":"wp","href":"https:\/\/api.w.org\/{rel}","templated":true}]}}