{"id":41088,"date":"2019-05-29T09:00:22","date_gmt":"2019-05-29T16:00:22","guid":{"rendered":"http:\/\/www.tvmasmagazine.com\/?p=41088"},"modified":"2019-05-29T09:00:22","modified_gmt":"2019-05-29T16:00:22","slug":"se-aproxima-encuentro-regional-en-argentina-2019","status":"publish","type":"post","link":"https:\/\/tvmasmagazine.com\/es\/2019\/05\/29\/se-aproxima-encuentro-regional-en-argentina-2019\/","title":{"rendered":"Se aproxima Encuentro  Regional en Argentina 2019"},"content":{"rendered":"<p>TV DE PAGO\/EVENTOS<\/p>\n<p><strong>Encuentro Regional de Telecomunicaciones 2019 llevar\u00e1 a cabo un Foro que ahondar\u00e1 sobre c\u00f3mo garantizar la calidad de servicio al cliente.<\/strong><\/p>\n<div id=\"attachment_41089\" style=\"width: 360px\" class=\"wp-caption aligncenter\"><img loading=\"lazy\" decoding=\"async\" aria-describedby=\"caption-attachment-41089\" class=\"wp-image-41089 size-medium\" src=\"http:\/\/www.tvmasmagazine.com\/wp-content\/uploads\/2019\/05\/TELEVISA-DEPORTES-350x233.jpg\" alt=\"\" width=\"350\" height=\"233\" srcset=\"https:\/\/tvmasmagazine.com\/wp-content\/uploads\/2019\/05\/TELEVISA-DEPORTES-350x233.jpg 350w, https:\/\/tvmasmagazine.com\/wp-content\/uploads\/2019\/05\/TELEVISA-DEPORTES-150x100.jpg 150w, https:\/\/tvmasmagazine.com\/wp-content\/uploads\/2019\/05\/TELEVISA-DEPORTES-768x512.jpg 768w, https:\/\/tvmasmagazine.com\/wp-content\/uploads\/2019\/05\/TELEVISA-DEPORTES-1024x682.jpg 1024w, https:\/\/tvmasmagazine.com\/wp-content\/uploads\/2019\/05\/TELEVISA-DEPORTES.jpg 2000w\" sizes=\"auto, (max-width: 350px) 100vw, 350px\" \/><p id=\"caption-attachment-41089\" class=\"wp-caption-text\">Jorge Jacobi, organizador del evento<\/p><\/div>\n<p><span lang=\"ES-CO\">Cuando el cliente queda cautivo de un solo prestador y de qu\u00e9 manera asegurar una sana competencia con condiciones equitativas para todos, este es un tema candente que el evento ya tiene previsto como impulso a la industria.<\/span><u><\/u><u><\/u><\/p>\n<p><u><\/u>\u00a0<u><\/u><span lang=\"ES-CO\">El evento ser\u00e1 en el Centro de Convenciones Maran Suites &amp; Towers (ubicado en la ciudad de Paran\u00e1, Argentina), los d\u00edas 26 y 27 de junio de este a\u00f1o. \u201cNecesidad de un Marco Regulatorio acorde a la Evoluci\u00f3n Tecnol\u00f3gica\u201d, anunciado para el d\u00eda mi\u00e9rcoles 26\/06\/2019 a las 18:30 hs en el marco del encuentro. Se podr\u00e1 ingresar con la acreditaci\u00f3n general, sin costo adicional.<\/span><u><\/u><u><\/u><\/p>\n<p><span lang=\"ES-CO\">\u00a0<\/span><u><\/u><u><\/u><span lang=\"ES-CO\">Entre los temas est\u00e1n\u00a0 el acceso\u00a0 a la tecnolog\u00eda, contenido, uso de infraestructura de telecomunicaciones (postes, torres, espacio a\u00e9reo, etc.).<\/span><u><\/u><u><\/u><\/p>\n<p><span lang=\"ES-CO\">\u00a0<\/span><u><\/u><u><\/u><span lang=\"ES-CO\">Entre los disertantes est\u00e1n Agust\u00edn Garz\u00f3n &#8211; Director del ENACOM, abogado. Marcelo Tulissi &#8211; presidente de CACPY\u00a0 (C\u00e1mara Argentina de Cable operadores Pymes desde 2013) entre otros con un programa muy potente de cara a los desarrollos de la industria.<\/span><u><\/u><u><\/u><\/p>\n<p><u><\/u>\u00a0<u><\/u><span lang=\"ES-CO\">Los organizadores\u00a0<\/span><span lang=\"ES-CO\">bajo el liderazgo de Jorge Jacobi, recordaron\u00a0que ya est\u00e1n disponibles las acreditaciones online desde el sitio web oficial del\u00a0encuentro:<\/span><u><\/u><u><\/u><\/p>\n<p><span lang=\"ES-CO\"><a href=\"http:\/\/www.encuentrosregionales.com\/\" target=\"_blank\" rel=\"noopener\" data-saferedirecturl=\"https:\/\/www.google.com\/url?q=http:\/\/www.encuentrosregionales.com\/&amp;source=gmail&amp;ust=1559230602725000&amp;usg=AFQjCNH0qQqmCb2guH7Hxlz6V7za5pFwvw\">www.encuentrosregionales.com<\/a><\/span><\/p>","protected":false},"excerpt":{"rendered":"<p>TV DE PAGO\/EVENTOS Encuentro Regional de Telecomunicaciones 2019 llevar\u00e1 a cabo un Foro que ahondar\u00e1 sobre c\u00f3mo garantizar la calidad <a class=\"more-link\" href=\"https:\/\/tvmasmagazine.com\/es\/2019\/05\/29\/se-aproxima-encuentro-regional-en-argentina-2019\/\">&#8230;<\/a><\/p>\n","protected":false},"author":1,"featured_media":0,"comment_status":"closed","ping_status":"closed","sticky":false,"template":"","format":"standard","meta":{"footnotes":""},"categories":[244,80,47],"tags":[],"class_list":["post-41088","post","type-post","status-publish","format-standard","hentry","category-eventos","category-ott","category-tv-de-pagp"],"_links":{"self":[{"href":"https:\/\/tvmasmagazine.com\/es\/wp-json\/wp\/v2\/posts\/41088","targetHints":{"allow":["GET"]}}],"collection":[{"href":"https:\/\/tvmasmagazine.com\/es\/wp-json\/wp\/v2\/posts"}],"about":[{"href":"https:\/\/tvmasmagazine.com\/es\/wp-json\/wp\/v2\/types\/post"}],"author":[{"embeddable":true,"href":"https:\/\/tvmasmagazine.com\/es\/wp-json\/wp\/v2\/users\/1"}],"replies":[{"embeddable":true,"href":"https:\/\/tvmasmagazine.com\/es\/wp-json\/wp\/v2\/comments?post=41088"}],"version-history":[{"count":1,"href":"https:\/\/tvmasmagazine.com\/es\/wp-json\/wp\/v2\/posts\/41088\/revisions"}],"predecessor-version":[{"id":41090,"href":"https:\/\/tvmasmagazine.com\/es\/wp-json\/wp\/v2\/posts\/41088\/revisions\/41090"}],"wp:attachment":[{"href":"https:\/\/tvmasmagazine.com\/es\/wp-json\/wp\/v2\/media?parent=41088"}],"wp:term":[{"taxonomy":"category","embeddable":true,"href":"https:\/\/tvmasmagazine.com\/es\/wp-json\/wp\/v2\/categories?post=41088"},{"taxonomy":"post_tag","embeddable":true,"href":"https:\/\/tvmasmagazine.com\/es\/wp-json\/wp\/v2\/tags?post=41088"}],"curies":[{"name":"wp","href":"https:\/\/api.w.org\/{rel}","templated":true}]}}