{"id":41209,"date":"2019-06-01T05:19:41","date_gmt":"2019-06-01T12:19:41","guid":{"rendered":"http:\/\/www.tvmasmagazine.com\/?p=41209"},"modified":"2019-06-14T20:31:12","modified_gmt":"2019-06-15T03:31:12","slug":"rtve-cerro-con-exito-su-ii-showcase-en-madrid","status":"publish","type":"post","link":"https:\/\/tvmasmagazine.com\/es\/2019\/06\/01\/rtve-cerro-con-exito-su-ii-showcase-en-madrid\/","title":{"rendered":"RTVE cerr\u00f3 con \u00e9xito su II Showcase en Madrid"},"content":{"rendered":"<p>EVENTOS\/CONTENIDOS<\/p>\n<p><strong>\u201cEl inter\u00e9s est\u00e1 en mejorar nuestras audiencias, pero siempre con una caracter\u00edstica, el sello de calidad con la que emitimos\u201d dijo en el acto de apertura el director general corporativo de RTVE, Federico Montero.<\/strong><\/p>\n<div id=\"attachment_41210\" style=\"width: 494px\" class=\"wp-caption aligncenter\"><img loading=\"lazy\" decoding=\"async\" aria-describedby=\"caption-attachment-41210\" class=\"wp-image-41210\" src=\"http:\/\/www.tvmasmagazine.com\/wp-content\/uploads\/2019\/06\/Malaka-01-350x119.jpg\" alt=\"\" width=\"484\" height=\"172\" \/><p id=\"caption-attachment-41210\" class=\"wp-caption-text\">Malaka<\/p><\/div>\n<p><span lang=\"ES-CO\">Del 26 al 28 de Mayo en el Hotel Puerta de Am\u00e9rica en Madrid y bajo el lema\u00a0<b>\u2018Un mundo de emociones\u2019<\/b>\u00a0RTVE recibi\u00f3 a m\u00e1s de 300 representantes de radiotelevisi\u00f3n de pago de Europa, Am\u00e9rica y Asia. Con la presencia de la \u00fanica administradora provisional Rosa Mar\u00eda Mateo, Rodolfo Dominguez director comercial de la corporaci\u00f3n, Eladio Jare\u00f1o, director de TVE, Fran Llorente, director de proyectos y estrategia, Mar\u00eda Escario, directora de comunicaci\u00f3n, relaciones institucionales y Mar\u00eda Jes\u00fas\u00a0 P\u00e9rez,\u00a0 directora de ventas internacionales, entre otros importantes delegados de la corporaci\u00f3n, el evento super\u00f3 las expectativas.<\/span><u><\/u><u><\/u><\/p>\n<p><span lang=\"ES-CO\">Se trata de un espacio para los creadores, directores de contenidos y adquisiciones. Debatir y participar de mesas redondas, analizar el estado de la ficci\u00f3n, la importancia de la m\u00fasica en las producciones audiovisuales y las adaptaciones para cine y TV.<u><\/u><u><\/u><\/span><\/p>\n<div id=\"attachment_41211\" style=\"width: 360px\" class=\"wp-caption aligncenter\"><img loading=\"lazy\" decoding=\"async\" aria-describedby=\"caption-attachment-41211\" class=\"wp-image-41211 size-medium\" src=\"http:\/\/www.tvmasmagazine.com\/wp-content\/uploads\/2019\/06\/Hospital-Valle-Norte-01-350x233.jpg\" alt=\"\" width=\"350\" height=\"233\" srcset=\"https:\/\/tvmasmagazine.com\/wp-content\/uploads\/2019\/06\/Hospital-Valle-Norte-01-350x233.jpg 350w, https:\/\/tvmasmagazine.com\/wp-content\/uploads\/2019\/06\/Hospital-Valle-Norte-01-150x100.jpg 150w, https:\/\/tvmasmagazine.com\/wp-content\/uploads\/2019\/06\/Hospital-Valle-Norte-01-768x512.jpg 768w, https:\/\/tvmasmagazine.com\/wp-content\/uploads\/2019\/06\/Hospital-Valle-Norte-01-1024x683.jpg 1024w\" sizes=\"auto, (max-width: 350px) 100vw, 350px\" \/><p id=\"caption-attachment-41211\" class=\"wp-caption-text\">Hospital Valle Norte<\/p><\/div>\n<p><span lang=\"ES-CO\"><u><\/u>\u00a0<u><\/u><\/span><span lang=\"ES-CO\">Un anuncio clave fue la segunda temporada de la serie de ocho episodios\u00a0<i>La caza<\/i>.\u00a0<i>Monteperdido<\/i>\u00a0que ya tiene<i>\u00a0<\/i>varias ventas comprometidas a nivel internacional. La ficci\u00f3n\u00a0<i>La otra mirada<\/i>\u00a0ha sido licenciada para un broadcaster de Finlandia y tendr\u00e1 su segunda temporada,\u00a0<i>Sabuesos<\/i>\u00a0para Jap\u00f3n y\u00a0<i>Ay, Carmen<\/i>\u00a0a Rep\u00fablica Checa.<u><\/u><u><\/u><\/span><\/p>\n<p><span lang=\"ES-CO\"><u><\/u>\u00a0<u><\/u><\/span><span lang=\"ES-CO\">Globomedia mostr\u00f3\u00a0 las primeras im\u00e1genes de\u00a0<i>Malaka<\/i>, el thriller en plena grabaci\u00f3n en M\u00e1laga, \u201cVamos a mostrar la M\u00e1laga que nadie conoce\u201d dijo su creador Daniel Corpas Hansen.\u00a0<i>Estoy Vivo\u00a0<\/i>prepara su tercera temporada, seg\u00fan dijo su creador Daniel Escija.\u00a0<u><\/u><u><\/u><\/span><\/p>\n<div id=\"attachment_41212\" style=\"width: 507px\" class=\"wp-caption aligncenter\"><img loading=\"lazy\" decoding=\"async\" aria-describedby=\"caption-attachment-41212\" class=\"wp-image-41212\" src=\"http:\/\/www.tvmasmagazine.com\/wp-content\/uploads\/2019\/06\/Sabuesos-350x111.jpg\" alt=\"\" width=\"497\" height=\"169\" \/><p id=\"caption-attachment-41212\" class=\"wp-caption-text\">Sabuesos &#8211; La otra mirada<\/p><\/div>\n<p><span lang=\"ES-CO\"><u><\/u>\u00a0<u><\/u><\/span><i><span lang=\"ES-CO\">\u201c<b>Crear ficci\u00f3n para consumo global<\/b>\u201d<\/span><\/i><span lang=\"ES-CO\">\u00a0un debate entre expertos de la talla de\u00a0 Ramon Campos, Daniel Ecija, Jose Manuel Lorenzo, Tedy Villaba y Joaquin Oristell, abri\u00f3 autopistas a los asistentes.<u><\/u><u><\/u><\/span><\/p>\n<p><span lang=\"ES-CO\"><u><\/u>\u00a0<u><\/u><\/span><b><i><span lang=\"ES-CO\">\u201cAdaptaciones literarias para cine y TV\u201d<\/span><\/i><\/b><span lang=\"ES-CO\">\u00a0debatieron los novelistas Laura Garz\u00f3n y Agustina Martinez, el guionista Ignasi Rubio, la subdirectora del \u00e1rea de cine de RTVE Maite Lopez Pisonero, el director comercial de la corporaci\u00f3n Rodolfo Dominguez y Paco Mateo.\u00a0<u><\/u><u><\/u><\/span><\/p>\n<div id=\"attachment_41213\" style=\"width: 360px\" class=\"wp-caption aligncenter\"><img loading=\"lazy\" decoding=\"async\" aria-describedby=\"caption-attachment-41213\" class=\"wp-image-41213 size-medium\" src=\"http:\/\/www.tvmasmagazine.com\/wp-content\/uploads\/2019\/06\/La-caza.-Monteperdido-350x226.jpg\" alt=\"\" width=\"350\" height=\"226\" srcset=\"https:\/\/tvmasmagazine.com\/wp-content\/uploads\/2019\/06\/La-caza.-Monteperdido-350x226.jpg 350w, https:\/\/tvmasmagazine.com\/wp-content\/uploads\/2019\/06\/La-caza.-Monteperdido-150x97.jpg 150w, https:\/\/tvmasmagazine.com\/wp-content\/uploads\/2019\/06\/La-caza.-Monteperdido-768x496.jpg 768w, https:\/\/tvmasmagazine.com\/wp-content\/uploads\/2019\/06\/La-caza.-Monteperdido-1024x661.jpg 1024w\" sizes=\"auto, (max-width: 350px) 100vw, 350px\" \/><p id=\"caption-attachment-41213\" class=\"wp-caption-text\">La caza. Monteperdidos.<\/p><\/div>\n<p><span lang=\"ES-CO\"><u><\/u>\u00a0<u><\/u><\/span><span lang=\"ES-CO\">El evento fue clausurado por Jare\u00f1o quien mencion\u00f3 que en 2019 Televisi\u00f3n Espa\u00f1ola estrenar\u00e1 once series de producci\u00f3n nacional y repas\u00f3 las apuestas documentales m\u00e1s potentes como \u2018<i>Hundidos<\/i>\u2019,\u00a0<i>los cielos espa\u00f1oles\u00a0<\/i>e\u00a0<i>\u2018Imprescindibles\u2019.<\/i><\/span><i><span lang=\"ES-CO\">\u00a0<\/span><\/i><span lang=\"ES-CO\">Muy contentos los organizadores anunciaron su tercer showcase para Mayo o Junio 2020 y los participantes\u00a0<\/span><span lang=\"ES-CO\">tambi\u00e9n muy contentos, prometieron regresar.<\/span><\/p>","protected":false},"excerpt":{"rendered":"<p>EVENTOS\/CONTENIDOS \u201cEl inter\u00e9s est\u00e1 en mejorar nuestras audiencias, pero siempre con una caracter\u00edstica, el sello de calidad con la que <a class=\"more-link\" href=\"https:\/\/tvmasmagazine.com\/es\/2019\/06\/01\/rtve-cerro-con-exito-su-ii-showcase-en-madrid\/\">&#8230;<\/a><\/p>\n","protected":false},"author":1,"featured_media":0,"comment_status":"closed","ping_status":"closed","sticky":false,"template":"","format":"standard","meta":{"footnotes":""},"categories":[80,73,79,47],"tags":[],"class_list":["post-41209","post","type-post","status-publish","format-standard","hentry","category-ott","category-telenovelas-series","category-tv-abierta","category-tv-de-pagp"],"_links":{"self":[{"href":"https:\/\/tvmasmagazine.com\/es\/wp-json\/wp\/v2\/posts\/41209","targetHints":{"allow":["GET"]}}],"collection":[{"href":"https:\/\/tvmasmagazine.com\/es\/wp-json\/wp\/v2\/posts"}],"about":[{"href":"https:\/\/tvmasmagazine.com\/es\/wp-json\/wp\/v2\/types\/post"}],"author":[{"embeddable":true,"href":"https:\/\/tvmasmagazine.com\/es\/wp-json\/wp\/v2\/users\/1"}],"replies":[{"embeddable":true,"href":"https:\/\/tvmasmagazine.com\/es\/wp-json\/wp\/v2\/comments?post=41209"}],"version-history":[{"count":1,"href":"https:\/\/tvmasmagazine.com\/es\/wp-json\/wp\/v2\/posts\/41209\/revisions"}],"predecessor-version":[{"id":41214,"href":"https:\/\/tvmasmagazine.com\/es\/wp-json\/wp\/v2\/posts\/41209\/revisions\/41214"}],"wp:attachment":[{"href":"https:\/\/tvmasmagazine.com\/es\/wp-json\/wp\/v2\/media?parent=41209"}],"wp:term":[{"taxonomy":"category","embeddable":true,"href":"https:\/\/tvmasmagazine.com\/es\/wp-json\/wp\/v2\/categories?post=41209"},{"taxonomy":"post_tag","embeddable":true,"href":"https:\/\/tvmasmagazine.com\/es\/wp-json\/wp\/v2\/tags?post=41209"}],"curies":[{"name":"wp","href":"https:\/\/api.w.org\/{rel}","templated":true}]}}