{"id":41246,"date":"2019-06-19T12:11:20","date_gmt":"2019-06-19T19:11:20","guid":{"rendered":"http:\/\/www.tvmasmagazine.com\/?p=41246"},"modified":"2019-06-19T12:11:20","modified_gmt":"2019-06-19T19:11:20","slug":"serie-aruanas-tendra-lanzamiento-global-en-mas-de-150","status":"publish","type":"post","link":"https:\/\/tvmasmagazine.com\/es\/2019\/06\/19\/serie-aruanas-tendra-lanzamiento-global-en-mas-de-150\/","title":{"rendered":"Serie &#8216;Aruanas&#8217; tendr\u00e1 lanzamiento global en m\u00e1s de 150"},"content":{"rendered":"<p><strong>Tres amigas idealistas fundan la ONG ambiental\u00a0<i>Aruana<\/i>\u00a0e investigan las actividades de una minera que act\u00faa en Amazonia, donde hechos raros ocurren: peticiones de socorro an\u00f3nimos, personas que se enferman de manera misteriosa, asesinatos y amenazas a los pueblos ind\u00edgenas.<\/strong><\/p>\n<div id=\"attachment_41247\" style=\"width: 360px\" class=\"wp-caption aligncenter\"><img loading=\"lazy\" decoding=\"async\" aria-describedby=\"caption-attachment-41247\" class=\"wp-image-41247 size-medium\" src=\"http:\/\/www.tvmasmagazine.com\/wp-content\/uploads\/2019\/06\/Aruanas_-350x233.jpg\" alt=\"\" width=\"350\" height=\"233\" srcset=\"https:\/\/tvmasmagazine.com\/wp-content\/uploads\/2019\/06\/Aruanas_-350x233.jpg 350w, https:\/\/tvmasmagazine.com\/wp-content\/uploads\/2019\/06\/Aruanas_-150x100.jpg 150w, https:\/\/tvmasmagazine.com\/wp-content\/uploads\/2019\/06\/Aruanas_-768x512.jpg 768w, https:\/\/tvmasmagazine.com\/wp-content\/uploads\/2019\/06\/Aruanas_-1024x683.jpg 1024w, https:\/\/tvmasmagazine.com\/wp-content\/uploads\/2019\/06\/Aruanas_.jpg 1575w\" sizes=\"auto, (max-width: 350px) 100vw, 350px\" \/><p id=\"caption-attachment-41247\" class=\"wp-caption-text\">Aruanas, Serie de Globo y Maria Fharinha Films<\/p><\/div>\n<p class=\"m_8234037658929407523wordsection1\"><span lang=\"PT-BR\">Las activistas, cada una en su trayectoria investigativa, crean un mosaico de evidencias que lleva a un gran esquema de cr\u00edmenes ambientales involucrando a minas ilegales y una renombrada minera nacional. Mientras desvelan una peligrosa red de cr\u00edmenes y secretos, esas mujeres necesitan lidiar con sus propios fantasmas y dramas personales.<\/span><u><\/u><u><\/u><\/p>\n<p class=\"m_8234037658929407523wordsection1\"><span lang=\"PT-BR\">\u00a0<\/span><u><\/u><u><\/u><span lang=\"PT-BR\">Esta podr\u00eda ser la verdadera historia de cualquier organizaci\u00f3n que defienda uno de los bosques m\u00e1s importantes del planeta. Pero se trata de &#8216;Aruanas&#8217;, serie brasile\u00f1a de ficci\u00f3n libremente inspirada en hechos reales, que ser\u00e1 lanzada en m\u00e1s de 150 pa\u00edses, con la asociaci\u00f3n de cerca de 28 ONGs en todo el mundo. El\u00a0<i>drama thriller<\/i>\u00a0tiene un prop\u00f3sito claro: alertar a la crisis ambiental mundial y valorar y proteger el trabajo de los activistas.<\/span><u><\/u><u><\/u><\/p>\n<p class=\"m_8234037658929407523wordsection1\"><span lang=\"PT-BR\">\u00a0<\/span><u><\/u><u><\/u><span lang=\"PT-BR\">En una coproducci\u00f3n entre Globo y Maria Farinha Filmes, &#8216;Aruanas&#8217; va m\u00e1s all\u00e1 del suspenso y de la acci\u00f3n al resaltar el debate sobre la preservaci\u00f3n de la biodiversidad y, consecuentemente, de la vida. Escrita por Estela Renner y Marcos Nisti, con la colaboraci\u00f3n de Pedro Barros, la serie quiere mostrar la importancia de los defensores del medio ambiente, que arriesgan sus vidas en defensa de justicia, igualdad y de un mundo m\u00e1s sustentable para la sociedad y para las generaciones futuras. Las actrices Ta\u00eds Ara\u00fajo\u00a0<i>(\u2018El Color del Pecado\u2019<\/i>), Debora Falabella\u00a0<i>(\u2018Avenida Brasil\u2019<\/i>), Leandra Leal (\u2018<i>Imperio\u2019<\/i>), Camila Pitanga\u00a0<i>(\u2018Lado a Lado\u2019<\/i>) y Thain\u00e1 Duarte (\u2018<i>Si Cierro los Ojos Ahora\u2019<\/i>) forman parte del elenco.<\/span><u><\/u><u><\/u><\/p>\n<p class=\"m_8234037658929407523wordsection1\"><span lang=\"PT-BR\">\u00a0<\/span><u><\/u><u><\/u><span lang=\"PT-BR\">Bajo la direcci\u00f3n art\u00edstica de Carlos Manga Jr. y direcci\u00f3n general de Estela Renner, la serie cont\u00f3 con la asociaci\u00f3n t\u00e9cnica de Greenpeace y cuenta el apoyo de algunas de las mayores y m\u00e1s importantes organizaciones sociales de derechos humanos y ambientales del mundo, como Anistia Internacional, WWF, Global Witness, UN Environment, UN Women, Open Society Foundations, Instituto Betty &amp; Jacob Lafer, Rainforest Foundation, Avaaz,\u00a0<a href=\"http:\/\/350.org\/\" target=\"_blank\" rel=\"noopener\" data-saferedirecturl=\"https:\/\/www.google.com\/url?q=http:\/\/350.org&amp;source=gmail&amp;ust=1561057600104000&amp;usg=AFQjCNFrCyt6M4FJN0oH0LRe9rCHnmJerA\">350.org<\/a>, Instituto Socioambiental, IPAM, SOS Mata Atl\u00e2ntica, IMAZON, Conectas, Justi\u00e7a Global, ISER, Greenfaith e APIB.<b>\u00a0<\/b><\/span><u><\/u><u><\/u><\/p>\n<p class=\"m_8234037658929407523wordsection1\"><span lang=\"PT-BR\">\u00a0<\/span><u><\/u><u><\/u><b><span lang=\"PT-BR\">Distribuci\u00f3n y alcance global<\/span><\/b><span lang=\"PT-BR\">\u00a0<\/span><u><\/u><u><\/u><\/p>\n<p class=\"m_8234037658929407523wordsection1\"><span lang=\"PT-BR\">&#8216;Aruanas&#8217; ser\u00e1 lanzada mundialmente el 2 de julio, llegando a m\u00e1s de 150 pa\u00edses, con subt\u00edtulos en 11 idiomas: ingl\u00e9s, espa\u00f1ol, franc\u00e9s, italiano, alem\u00e1n, holand\u00e9s, ruso, \u00e1rabe, hindi, turco y coreano. La serie estar\u00e1 disponible en\u00a0<a href=\"http:\/\/aruanas.tv\/\" target=\"_blank\" rel=\"noopener\" data-saferedirecturl=\"https:\/\/www.google.com\/url?q=http:\/\/aruanas.tv&amp;source=gmail&amp;ust=1561057600104000&amp;usg=AFQjCNH4Of1C6viWF_paSXTure4rDtL1WA\">aruanas.tv<\/a>, en un ambiente powered by Vimeo, donde podr\u00e1 ser comprada por US$ 12,90. De julio a octubre, el 50% de las ventas ser\u00e1n donadas para una iniciativa (a ser revelada) de protecci\u00f3n de la selva amaz\u00f3nica.<\/span><u><\/u><u><\/u><\/p>\n<p class=\"m_8234037658929407523wordsection1\"><span lang=\"PT-BR\">\u00a0<\/span><u><\/u><u><\/u><span lang=\"PT-BR\">En Brasil, &#8216;Aruanas&#8217; estar\u00e1 disponible en su totalidad en Globoplay, plataforma de streaming de Grupo Globo. En una exhibici\u00f3n especial, el primer episodio saldr\u00e1 al aire en Globo, principal canal de TV abierta del pa\u00eds, que llega a 100 millones de personas todos los d\u00edas, el 3 de julio. El primer episodio tambi\u00e9n podr\u00e1 ser asistido por los m\u00e1s de 4 millones de suscriptores a trav\u00e9s de los canales internacionales de Globo.<\/span><u><\/u><u><\/u><\/p>\n<p class=\"m_8234037658929407523wordsection1\"><span lang=\"PT-BR\">\u00a0<\/span><u><\/u><u><\/u><span lang=\"PT-BR\">Por la urgencia y relevancia del tema, &#8216;Aruanas&#8217; tendr\u00e1 un lanzamiento mundial, con pre-estrenos en Londres el 18 de junio, en Nueva York, el 24 de junio, y en Brasil &#8211; en S\u00e3o Paulo, el 27 de junio. En Portugal, el evento se llevar\u00e1 a cabo en julio en una fecha a\u00fan por definir. Se invitar\u00e1 a periodistas, influyentes, activistas y l\u00edderes de organizaciones, gobiernos y expertos en causas socio ambientales. Una red de activistas y donantes de todo el mundo, elegida por ONGs presentes en diversos pa\u00edses, asistir\u00e1 a la serie gratuitamente y de primera mano para convertirse en multiplicadora de las cuestiones de la selva amaz\u00f3nica.<\/span><\/p>\n<p><\/p>","protected":false},"excerpt":{"rendered":"<p>Tres amigas idealistas fundan la ONG ambiental\u00a0Aruana\u00a0e investigan las actividades de una minera que act\u00faa en Amazonia, donde hechos raros <a class=\"more-link\" href=\"https:\/\/tvmasmagazine.com\/es\/2019\/06\/19\/serie-aruanas-tendra-lanzamiento-global-en-mas-de-150\/\">&#8230;<\/a><\/p>\n","protected":false},"author":1,"featured_media":0,"comment_status":"closed","ping_status":"closed","sticky":false,"template":"","format":"standard","meta":{"footnotes":""},"categories":[84,80,73,79,47],"tags":[],"class_list":["post-41246","post","type-post","status-publish","format-standard","hentry","category-innovadores","category-ott","category-telenovelas-series","category-tv-abierta","category-tv-de-pagp"],"_links":{"self":[{"href":"https:\/\/tvmasmagazine.com\/es\/wp-json\/wp\/v2\/posts\/41246","targetHints":{"allow":["GET"]}}],"collection":[{"href":"https:\/\/tvmasmagazine.com\/es\/wp-json\/wp\/v2\/posts"}],"about":[{"href":"https:\/\/tvmasmagazine.com\/es\/wp-json\/wp\/v2\/types\/post"}],"author":[{"embeddable":true,"href":"https:\/\/tvmasmagazine.com\/es\/wp-json\/wp\/v2\/users\/1"}],"replies":[{"embeddable":true,"href":"https:\/\/tvmasmagazine.com\/es\/wp-json\/wp\/v2\/comments?post=41246"}],"version-history":[{"count":1,"href":"https:\/\/tvmasmagazine.com\/es\/wp-json\/wp\/v2\/posts\/41246\/revisions"}],"predecessor-version":[{"id":41248,"href":"https:\/\/tvmasmagazine.com\/es\/wp-json\/wp\/v2\/posts\/41246\/revisions\/41248"}],"wp:attachment":[{"href":"https:\/\/tvmasmagazine.com\/es\/wp-json\/wp\/v2\/media?parent=41246"}],"wp:term":[{"taxonomy":"category","embeddable":true,"href":"https:\/\/tvmasmagazine.com\/es\/wp-json\/wp\/v2\/categories?post=41246"},{"taxonomy":"post_tag","embeddable":true,"href":"https:\/\/tvmasmagazine.com\/es\/wp-json\/wp\/v2\/tags?post=41246"}],"curies":[{"name":"wp","href":"https:\/\/api.w.org\/{rel}","templated":true}]}}