{"id":41546,"date":"2019-07-25T14:09:24","date_gmt":"2019-07-25T21:09:24","guid":{"rendered":"http:\/\/www.tvmasmagazine.com\/?p=41546"},"modified":"2019-07-25T14:09:24","modified_gmt":"2019-07-25T21:09:24","slug":"vis-americas-adquirio-los-derechos-del-libro-38-estrellas-escrito-por-josefina-licitra","status":"publish","type":"post","link":"https:\/\/tvmasmagazine.com\/es\/2019\/07\/25\/vis-americas-adquirio-los-derechos-del-libro-38-estrellas-escrito-por-josefina-licitra\/","title":{"rendered":"VIS Americas, adquiri\u00f3 los derechos del libro \u201c38 Estrellas\u201d escrito por Josefina Licitra"},"content":{"rendered":"<p>SERIES\/TV<\/p>\n<p><strong>El libro, basado en una historia real, cuenta la fuga m\u00e1s grande de la historia en una c\u00e1rcel de mujeres. El 30 de julio de 1971, treinta y ocho presas pol\u00edticas se escaparon de un penal de Montevideo.<\/strong><\/p>\n<div id=\"attachment_41547\" style=\"width: 360px\" class=\"wp-caption aligncenter\"><img loading=\"lazy\" decoding=\"async\" aria-describedby=\"caption-attachment-41547\" class=\"wp-image-41547 size-medium\" src=\"http:\/\/www.tvmasmagazine.com\/wp-content\/uploads\/2019\/07\/MERCEDES-REINCKE-VP-CONTENT-DEVELOPMENT-VIS-350x337.jpg\" alt=\"\" width=\"350\" height=\"337\" srcset=\"https:\/\/tvmasmagazine.com\/wp-content\/uploads\/2019\/07\/MERCEDES-REINCKE-VP-CONTENT-DEVELOPMENT-VIS-350x337.jpg 350w, https:\/\/tvmasmagazine.com\/wp-content\/uploads\/2019\/07\/MERCEDES-REINCKE-VP-CONTENT-DEVELOPMENT-VIS-150x144.jpg 150w, https:\/\/tvmasmagazine.com\/wp-content\/uploads\/2019\/07\/MERCEDES-REINCKE-VP-CONTENT-DEVELOPMENT-VIS-768x738.jpg 768w, https:\/\/tvmasmagazine.com\/wp-content\/uploads\/2019\/07\/MERCEDES-REINCKE-VP-CONTENT-DEVELOPMENT-VIS-1024x985.jpg 1024w\" sizes=\"auto, (max-width: 350px) 100vw, 350px\" \/><p id=\"caption-attachment-41547\" class=\"wp-caption-text\">Mercedes Reincke, VP de Desarrollo del VIS.<\/p><\/div>\n<p><span lang=\"ES-CO\">Viacom International Studios adquiri\u00f3 los derechos de libro editado por Grupo Planeta tiene esta historia en la que la autora logr\u00f3 reconstruir los pormenores de un hecho que se conoci\u00f3 como \u201cOperaci\u00f3n Estrella\u201d, pero que ha sido dejado de lado en la historia de Uruguay y del mundo.<\/span><u><\/u><u><\/u><\/p>\n<p><span lang=\"ES-CO\">Luego de una larga documentaci\u00f3n y de varias entrevistas a muchas de sus protagonistas \u2013entre ellas Luc\u00eda Topolansky, compa\u00f1era de Pepe Mujica (ex presidente de Uruguay)\u2013 Licitra logr\u00f3 armar un relato extraordinario que le vali\u00f3 un lugar entre los mejores de 2018 seg\u00fan el prestigioso diario The New York Times. El boom literario en que se convirti\u00f3 el libro \u201c38 Estrellas\u201d convirti\u00f3 a esta fuga en un hito internacional.\u00a0 La adaptaci\u00f3n de esta novela de no ficci\u00f3n es una excelente oportunidad para avanzar en la recreaci\u00f3n de hechos hist\u00f3ricos que han probado ser muy atractivos para la audiencia.<\/span><u><\/u><u><\/u><\/p>\n<p><span lang=\"ES-CO\">\u201cEn tiempos de empoderamiento femenino, \u201c38 Estrellas\u201d pone el foco en un colectivo de mujeres que no superaban los 25 a\u00f1os de edad, que entregaron el cuerpo por una causa, y que fueron olvidadas en la historia. En la infinidad de libros que se escribieron sobre el movimiento tupamaro apenas mencionaron esta fuga. Iluminar este lado silenciado y oscuro nos pone en sinton\u00eda con nuestra \u00e9poca actual\u201d explic\u00f3 Mercedes Reincke, VP de Desarrollo del VIS.<\/span><\/p>","protected":false},"excerpt":{"rendered":"<p>SERIES\/TV El libro, basado en una historia real, cuenta la fuga m\u00e1s grande de la historia en una c\u00e1rcel de <a class=\"more-link\" href=\"https:\/\/tvmasmagazine.com\/es\/2019\/07\/25\/vis-americas-adquirio-los-derechos-del-libro-38-estrellas-escrito-por-josefina-licitra\/\">&#8230;<\/a><\/p>\n","protected":false},"author":1,"featured_media":0,"comment_status":"closed","ping_status":"closed","sticky":false,"template":"","format":"standard","meta":{"footnotes":""},"categories":[80,73,79,47],"tags":[],"class_list":["post-41546","post","type-post","status-publish","format-standard","hentry","category-ott","category-telenovelas-series","category-tv-abierta","category-tv-de-pagp"],"_links":{"self":[{"href":"https:\/\/tvmasmagazine.com\/es\/wp-json\/wp\/v2\/posts\/41546","targetHints":{"allow":["GET"]}}],"collection":[{"href":"https:\/\/tvmasmagazine.com\/es\/wp-json\/wp\/v2\/posts"}],"about":[{"href":"https:\/\/tvmasmagazine.com\/es\/wp-json\/wp\/v2\/types\/post"}],"author":[{"embeddable":true,"href":"https:\/\/tvmasmagazine.com\/es\/wp-json\/wp\/v2\/users\/1"}],"replies":[{"embeddable":true,"href":"https:\/\/tvmasmagazine.com\/es\/wp-json\/wp\/v2\/comments?post=41546"}],"version-history":[{"count":1,"href":"https:\/\/tvmasmagazine.com\/es\/wp-json\/wp\/v2\/posts\/41546\/revisions"}],"predecessor-version":[{"id":41548,"href":"https:\/\/tvmasmagazine.com\/es\/wp-json\/wp\/v2\/posts\/41546\/revisions\/41548"}],"wp:attachment":[{"href":"https:\/\/tvmasmagazine.com\/es\/wp-json\/wp\/v2\/media?parent=41546"}],"wp:term":[{"taxonomy":"category","embeddable":true,"href":"https:\/\/tvmasmagazine.com\/es\/wp-json\/wp\/v2\/categories?post=41546"},{"taxonomy":"post_tag","embeddable":true,"href":"https:\/\/tvmasmagazine.com\/es\/wp-json\/wp\/v2\/tags?post=41546"}],"curies":[{"name":"wp","href":"https:\/\/api.w.org\/{rel}","templated":true}]}}