{"id":41701,"date":"2019-08-05T08:42:54","date_gmt":"2019-08-05T15:42:54","guid":{"rendered":"http:\/\/www.tvmasmagazine.com\/?p=41701"},"modified":"2019-08-05T08:43:14","modified_gmt":"2019-08-05T15:43:14","slug":"vis-americas-finalizo-el-rodaje-ana-protagonizada-por-ana-de-la-reguera","status":"publish","type":"post","link":"https:\/\/tvmasmagazine.com\/es\/2019\/08\/05\/vis-americas-finalizo-el-rodaje-ana-protagonizada-por-ana-de-la-reguera\/","title":{"rendered":"VIS Am\u00e9ricas finaliz\u00f3 el rodaje \u201cAna\u201d protagonizada por Ana de la Reguera"},"content":{"rendered":"<p>SERIES\/PRODUCCI\u00d3N<\/p>\n<p><strong><span lang=\"ES-CO\">\u00a0<\/span><span lang=\"ES-CO\">Viacom International Studios (VIS) Americas<\/span><span lang=\"ES-CO\">\u00a0anunci\u00f3 el fin del rodaje de\u00a0<b><i>\u201c<\/i><\/b><i>Ana\u201d<\/i>\u00a0la serie de comedia co-creada, producida y protagonizada por la reconocida actriz mexicana\u00a0Ana de la Reguera.<\/span><\/strong><\/p>\n<div id=\"attachment_41702\" style=\"width: 360px\" class=\"wp-caption aligncenter\"><img loading=\"lazy\" decoding=\"async\" aria-describedby=\"caption-attachment-41702\" class=\"wp-image-41702 size-medium\" src=\"http:\/\/www.tvmasmagazine.com\/wp-content\/uploads\/2019\/08\/ANA-DE-LA-REGUERA-350x233.jpg\" alt=\"\" width=\"350\" height=\"233\" srcset=\"https:\/\/tvmasmagazine.com\/wp-content\/uploads\/2019\/08\/ANA-DE-LA-REGUERA-350x233.jpg 350w, https:\/\/tvmasmagazine.com\/wp-content\/uploads\/2019\/08\/ANA-DE-LA-REGUERA-150x100.jpg 150w, https:\/\/tvmasmagazine.com\/wp-content\/uploads\/2019\/08\/ANA-DE-LA-REGUERA-768x512.jpg 768w, https:\/\/tvmasmagazine.com\/wp-content\/uploads\/2019\/08\/ANA-DE-LA-REGUERA-1024x683.jpg 1024w\" sizes=\"auto, (max-width: 350px) 100vw, 350px\" \/><p id=\"caption-attachment-41702\" class=\"wp-caption-text\">Ana de la Reguera<\/p><\/div>\n<p style=\"font-weight: 400;\">Su estreno est\u00e1 previsto en Latinoam\u00e9rica para 2020 y ser\u00e1 transmitida por\u00a0<strong>Comedy Central<\/strong><strong>\u00a0<\/strong>y<strong>\u00a0<\/strong><strong>Amazon Prime Video<\/strong><strong>.<\/strong><strong>\u00a0<\/strong>Las grabaciones comenzaron los primeros d\u00edas de junio en Veracruz, ciudad natal de Ana de la Reguera. Luego continuaron rodando en diferentes locaciones de M\u00e9xico y culminaron en la ciudad de Los \u00c1ngeles.<\/p>\n<p style=\"font-weight: 400;\"><strong>\u201c<\/strong><em>Ana\u201d<\/em>\u00a0cuenta la historia de la hija de una reina de belleza mexicana que busca llegar a la fama como actriz de Hollywood, mientras que tiene que luchar contra el paso del tiempo y el peso de los sue\u00f1os incumplidos.\u00a0La serie revela c\u00f3mo Ana ha vivido una vida gobernada por las apariencias mientras busca el rol ic\u00f3nico que finalmente le permitir\u00e1 triunfar.\u00a0 \u00bfPero se encontrar\u00e1 ella misma en el proceso? \u00bfO aceptar\u00e1 finalmente que es mucho m\u00e1s parecida a su madre de lo que podr\u00eda admitir?<\/p>\n<p style=\"font-weight: 400;\">Ana de la Reguera,\u00a0es una actriz reconocida de\u00a0cine y televisi\u00f3n. Su rol protag\u00f3nico m\u00e1s reciente fue en la aclamada serie original de Amazon\u00a0<em>Goliath<\/em>\u00a0de David E. Kelley, as\u00ed como su papel recurrente en el exitoso show\u00a0<em>Power<\/em>\u00a0y como invitada en\u00a0<em>Narcos<\/em>\u00a0y\u00a0<em>Jane the Virgin<\/em>. Tambi\u00e9n es conocida por su actuaci\u00f3n como\u00a0<em>Sister encarnaci\u00f3n<\/em>\u00a0al lado de Jack Black en el largometraje\u00a0<em>Nacho Libre<\/em>. Anteriormente trabaj\u00f3 con VIMN Am\u00e9ricas cuando particip\u00f3 en la adaptaci\u00f3n mexicana del exitoso formato Comedy Central,\u00a0<em>Drunk History<\/em>.<\/p>\n<p><\/p>","protected":false},"excerpt":{"rendered":"<p>SERIES\/PRODUCCI\u00d3N \u00a0Viacom International Studios (VIS) Americas\u00a0anunci\u00f3 el fin del rodaje de\u00a0\u201cAna\u201d\u00a0la serie de comedia co-creada, producida y protagonizada por la <a class=\"more-link\" href=\"https:\/\/tvmasmagazine.com\/es\/2019\/08\/05\/vis-americas-finalizo-el-rodaje-ana-protagonizada-por-ana-de-la-reguera\/\">&#8230;<\/a><\/p>\n","protected":false},"author":1,"featured_media":0,"comment_status":"closed","ping_status":"closed","sticky":false,"template":"","format":"standard","meta":{"footnotes":""},"categories":[80,73,79,47],"tags":[],"class_list":["post-41701","post","type-post","status-publish","format-standard","hentry","category-ott","category-telenovelas-series","category-tv-abierta","category-tv-de-pagp"],"_links":{"self":[{"href":"https:\/\/tvmasmagazine.com\/es\/wp-json\/wp\/v2\/posts\/41701","targetHints":{"allow":["GET"]}}],"collection":[{"href":"https:\/\/tvmasmagazine.com\/es\/wp-json\/wp\/v2\/posts"}],"about":[{"href":"https:\/\/tvmasmagazine.com\/es\/wp-json\/wp\/v2\/types\/post"}],"author":[{"embeddable":true,"href":"https:\/\/tvmasmagazine.com\/es\/wp-json\/wp\/v2\/users\/1"}],"replies":[{"embeddable":true,"href":"https:\/\/tvmasmagazine.com\/es\/wp-json\/wp\/v2\/comments?post=41701"}],"version-history":[{"count":2,"href":"https:\/\/tvmasmagazine.com\/es\/wp-json\/wp\/v2\/posts\/41701\/revisions"}],"predecessor-version":[{"id":41704,"href":"https:\/\/tvmasmagazine.com\/es\/wp-json\/wp\/v2\/posts\/41701\/revisions\/41704"}],"wp:attachment":[{"href":"https:\/\/tvmasmagazine.com\/es\/wp-json\/wp\/v2\/media?parent=41701"}],"wp:term":[{"taxonomy":"category","embeddable":true,"href":"https:\/\/tvmasmagazine.com\/es\/wp-json\/wp\/v2\/categories?post=41701"},{"taxonomy":"post_tag","embeddable":true,"href":"https:\/\/tvmasmagazine.com\/es\/wp-json\/wp\/v2\/tags?post=41701"}],"curies":[{"name":"wp","href":"https:\/\/api.w.org\/{rel}","templated":true}]}}