{"id":42202,"date":"2019-09-14T14:35:54","date_gmt":"2019-09-14T21:35:54","guid":{"rendered":"http:\/\/www.tvmasmagazine.com\/?p=42202"},"modified":"2019-09-14T14:35:54","modified_gmt":"2019-09-14T21:35:54","slug":"estreno-de-cambiame-el-look-en-e","status":"publish","type":"post","link":"https:\/\/tvmasmagazine.com\/es\/2019\/09\/14\/estreno-de-cambiame-el-look-en-e\/","title":{"rendered":"\u00a1Estreno de C\u00e1mbiame el look en E!"},"content":{"rendered":"<p>TV DE PAGO \/ ENTRETENIMIENTO<\/p>\n<p><strong>\u00a0Con mujeres empoderadas, inclusi\u00f3n masculina, participantes de toda Latinoam\u00e9rica y mucho m\u00e1s este lunes 16 a las 22 hs llega la nueva temporada de la producci\u00f3n original m\u00e1s exitosa de\u00a0<b>E!\u00a0<\/b>despu\u00e9s de \u00abKeeping Up With The Kardashians\u00bb. Bajo el slogan\u00a0<i>#M\u00c1SFASHIONMENOSDRAMA<\/i><\/strong><\/p>\n<div id=\"attachment_42203\" style=\"width: 360px\" class=\"wp-caption aligncenter\"><img loading=\"lazy\" decoding=\"async\" aria-describedby=\"caption-attachment-42203\" class=\"wp-image-42203 size-medium\" src=\"http:\/\/www.tvmasmagazine.com\/wp-content\/uploads\/2019\/09\/CAMBIAME-EL-LOOK-TEMPRADA-4-1-350x233.jpg\" alt=\"\" width=\"350\" height=\"233\" srcset=\"https:\/\/tvmasmagazine.com\/wp-content\/uploads\/2019\/09\/CAMBIAME-EL-LOOK-TEMPRADA-4-1-350x233.jpg 350w, https:\/\/tvmasmagazine.com\/wp-content\/uploads\/2019\/09\/CAMBIAME-EL-LOOK-TEMPRADA-4-1-150x100.jpg 150w, https:\/\/tvmasmagazine.com\/wp-content\/uploads\/2019\/09\/CAMBIAME-EL-LOOK-TEMPRADA-4-1-768x512.jpg 768w, https:\/\/tvmasmagazine.com\/wp-content\/uploads\/2019\/09\/CAMBIAME-EL-LOOK-TEMPRADA-4-1-1024x682.jpg 1024w, https:\/\/tvmasmagazine.com\/wp-content\/uploads\/2019\/09\/CAMBIAME-EL-LOOK-TEMPRADA-4-1.jpg 2000w\" sizes=\"auto, (max-width: 350px) 100vw, 350px\" \/><p id=\"caption-attachment-42203\" class=\"wp-caption-text\">C\u00e1mbiame el look, temporada 4<\/p><\/div>\n<p>Con el objetivo de lograr\u00a0el\u00a0empoderamiento\u00a0<wbr><\/wbr>personal a trav\u00e9s de la moda,\u00a0trae a un \u201cFashion Squad\u201d integrado por\u00a0Sara Galindo, #FashionExpert, Laura Tob\u00f3n, #FashionInfluencer, y Alex C\u00f3rdova, #FashionPhotographer<b>\u00a0<\/b>quienes llevan de la mano a la audiencia a trav\u00e9s de las transformaciones m\u00e1s sorprendentes.<\/p>\n<div id=\"attachment_42204\" style=\"width: 210px\" class=\"wp-caption aligncenter\"><img loading=\"lazy\" decoding=\"async\" aria-describedby=\"caption-attachment-42204\" class=\"wp-image-42204 size-full\" src=\"http:\/\/www.tvmasmagazine.com\/wp-content\/uploads\/2019\/09\/klaudia-bermudez-1.jpg\" alt=\"\" width=\"200\" height=\"200\" srcset=\"https:\/\/tvmasmagazine.com\/wp-content\/uploads\/2019\/09\/klaudia-bermudez-1.jpg 200w, https:\/\/tvmasmagazine.com\/wp-content\/uploads\/2019\/09\/klaudia-bermudez-1-150x150.jpg 150w\" sizes=\"auto, (max-width: 200px) 100vw, 200px\" \/><p id=\"caption-attachment-42204\" class=\"wp-caption-text\">Klaudia Bermudez<\/p><\/div>\n<p><u><\/u><u><\/u>\u201cEsta nueva temporada de\u00a0<i>C\u00e1mbiame el Look<\/i>\u00a0encierra todo lo que E! representa en la cultura pop: moda, glamour, diversidad, inclusi\u00f3n, mujeres fuertes y empoderadas que nos recuerdan que la belleza la llevas por dentro<i>\u201d\u00a0<\/i>coment\u00f3\u00a0Klaudia Berm\u00fadez, Senior Vicepresidente y gerente general de NBCUniversal International Networks, Latin America y productora ejecutiva del programa.<\/p>\n<p><u><\/u><u><\/u>La producci\u00f3n est\u00e1 en cargo de NBCUniversal International Networks Latin Am\u00e9rica y FremantleMedia M\u00e9xico.<u><\/u><u><\/u><\/p>\n<p>Instagram: @cambiameellook\u00a0<a href=\"mailto:facebook.com\/cambiameellook.@CambiameElLook\" target=\"_blank\" rel=\"noopener\">facebook.com\/cambiameellook.@<wbr><\/wbr>CambiameElLook<\/a>\u00a0@saragalindoo, @laura_tobon y @alexcordovaphoto @eonlinelatino<\/p>","protected":false},"excerpt":{"rendered":"<p>TV DE PAGO \/ ENTRETENIMIENTO \u00a0Con mujeres empoderadas, inclusi\u00f3n masculina, participantes de toda Latinoam\u00e9rica y mucho m\u00e1s este lunes 16 <a class=\"more-link\" href=\"https:\/\/tvmasmagazine.com\/es\/2019\/09\/14\/estreno-de-cambiame-el-look-en-e\/\">&#8230;<\/a><\/p>\n","protected":false},"author":1,"featured_media":0,"comment_status":"closed","ping_status":"closed","sticky":false,"template":"","format":"standard","meta":{"footnotes":""},"categories":[40,84,47],"tags":[],"class_list":["post-42202","post","type-post","status-publish","format-standard","hentry","category-estrenos-old","category-innovadores","category-tv-de-pagp"],"_links":{"self":[{"href":"https:\/\/tvmasmagazine.com\/es\/wp-json\/wp\/v2\/posts\/42202","targetHints":{"allow":["GET"]}}],"collection":[{"href":"https:\/\/tvmasmagazine.com\/es\/wp-json\/wp\/v2\/posts"}],"about":[{"href":"https:\/\/tvmasmagazine.com\/es\/wp-json\/wp\/v2\/types\/post"}],"author":[{"embeddable":true,"href":"https:\/\/tvmasmagazine.com\/es\/wp-json\/wp\/v2\/users\/1"}],"replies":[{"embeddable":true,"href":"https:\/\/tvmasmagazine.com\/es\/wp-json\/wp\/v2\/comments?post=42202"}],"version-history":[{"count":1,"href":"https:\/\/tvmasmagazine.com\/es\/wp-json\/wp\/v2\/posts\/42202\/revisions"}],"predecessor-version":[{"id":42205,"href":"https:\/\/tvmasmagazine.com\/es\/wp-json\/wp\/v2\/posts\/42202\/revisions\/42205"}],"wp:attachment":[{"href":"https:\/\/tvmasmagazine.com\/es\/wp-json\/wp\/v2\/media?parent=42202"}],"wp:term":[{"taxonomy":"category","embeddable":true,"href":"https:\/\/tvmasmagazine.com\/es\/wp-json\/wp\/v2\/categories?post=42202"},{"taxonomy":"post_tag","embeddable":true,"href":"https:\/\/tvmasmagazine.com\/es\/wp-json\/wp\/v2\/tags?post=42202"}],"curies":[{"name":"wp","href":"https:\/\/api.w.org\/{rel}","templated":true}]}}