{"id":42273,"date":"2019-09-20T15:23:04","date_gmt":"2019-09-20T22:23:04","guid":{"rendered":"http:\/\/www.tvmasmagazine.com\/?p=42273"},"modified":"2019-09-20T15:23:04","modified_gmt":"2019-09-20T22:23:04","slug":"globo-en-mipcom-2019-series-ineditas-y-formatos-cortos","status":"publish","type":"post","link":"https:\/\/tvmasmagazine.com\/es\/2019\/09\/20\/globo-en-mipcom-2019-series-ineditas-y-formatos-cortos\/","title":{"rendered":"Globo en MIPCOM 2019. Series in\u00e9ditas y formatos cortos"},"content":{"rendered":"<p>TELENOVELAS \/ TV<\/p>\n<p><strong>El 14 al 17 de octubre, la empresa participar\u00e1 en MIPCOM, la feria de contenido televisivo en Cannes con un cat\u00e1logo que incluye series reci\u00e9n lanzadas y formatos cortos in\u00e9ditos.<\/strong><\/p>\n<div id=\"attachment_42100\" style=\"width: 360px\" class=\"wp-caption aligncenter\"><img loading=\"lazy\" decoding=\"async\" aria-describedby=\"caption-attachment-42100\" class=\"wp-image-42100 size-medium\" src=\"http:\/\/www.tvmasmagazine.com\/wp-content\/uploads\/2019\/09\/Aruanas_-1-350x233.jpg\" alt=\"\" width=\"350\" height=\"233\" srcset=\"https:\/\/tvmasmagazine.com\/wp-content\/uploads\/2019\/09\/Aruanas_-1-350x233.jpg 350w, https:\/\/tvmasmagazine.com\/wp-content\/uploads\/2019\/09\/Aruanas_-1-150x100.jpg 150w, https:\/\/tvmasmagazine.com\/wp-content\/uploads\/2019\/09\/Aruanas_-1-768x512.jpg 768w, https:\/\/tvmasmagazine.com\/wp-content\/uploads\/2019\/09\/Aruanas_-1-1024x683.jpg 1024w, https:\/\/tvmasmagazine.com\/wp-content\/uploads\/2019\/09\/Aruanas_-1.jpg 1575w\" sizes=\"auto, (max-width: 350px) 100vw, 350px\" \/><p id=\"caption-attachment-42100\" class=\"wp-caption-text\">\u201cAruanas\u00bb Clara (Thain\u00e1 Duarte), Ver\u00f4nica (Ta\u00eds Ara\u00fajo), Natalie (D\u00e9bora Falabella) and Luiza (Leandra Leal) \u2013 Credit: Globo\/F\u00e1bio Rocha.<\/p><\/div>\n<p style=\"font-weight: 400;\">Entre los\u00a0 titulos estan la exitosa serie &#8216;Aruanas&#8217;, coproducida con Maria Farinha Filmes, que se lanz\u00f3 en junio de este a\u00f1o en m\u00e1s de 150 pa\u00edses y present\u00f3 una estrategia de distribuci\u00f3n in\u00e9dita para Globo -a trav\u00e9s del ambiente digital\u00a0<a href=\"http:\/\/aruanas.tv\/\" data-saferedirecturl=\"https:\/\/www.google.com\/url?q=http:\/\/aruanas.tv&amp;source=gmail&amp;ust=1569104064568000&amp;usg=AFQjCNFLAx27_zs3TbazN_LYmvL--787jw\">aruanas.tv<\/a>, powered by vimeo. En Brasil, la producci\u00f3n original Globoplay est\u00e1 disponible exclusivamente a trav\u00e9s de la plataforma de\u00a0<em>streaming<\/em>\u00a0de Grupo Globo y ahora llega al mercado internacional. El caso de dise\u00f1o y distribuci\u00f3n de &#8216;Aruanas&#8217; y las noticias de Globo en el g\u00e9nero de \u201cSerie\u201d ser\u00e1n el tema de la \u2018<em>Globo Series Screening: 2020<\/em>\u2019, que tendr\u00e1 lugar el 15 de octubre a las 10h30, exclusivamente para invitados.<\/p>\n<div id=\"attachment_42274\" style=\"width: 360px\" class=\"wp-caption aligncenter\"><img loading=\"lazy\" decoding=\"async\" aria-describedby=\"caption-attachment-42274\" class=\"wp-image-42274 size-medium\" src=\"http:\/\/www.tvmasmagazine.com\/wp-content\/uploads\/2019\/09\/Raphael-Correa-Neto-350x263.jpg\" alt=\"\" width=\"350\" height=\"263\" srcset=\"https:\/\/tvmasmagazine.com\/wp-content\/uploads\/2019\/09\/Raphael-Correa-Neto-350x263.jpg 350w, https:\/\/tvmasmagazine.com\/wp-content\/uploads\/2019\/09\/Raphael-Correa-Neto-150x113.jpg 150w, https:\/\/tvmasmagazine.com\/wp-content\/uploads\/2019\/09\/Raphael-Correa-Neto.jpg 468w\" sizes=\"auto, (max-width: 350px) 100vw, 350px\" \/><p id=\"caption-attachment-42274\" class=\"wp-caption-text\">Raphael Corr\u00eaa Netto, Director Ejecutivo de Negocios de Globo.<\/p><\/div>\n<p style=\"font-weight: 400;\">\u2018Onde Est\u00e1 Meu Cora\u00e7\u00e3o&#8217; y \u2018Desalma\u2019, producciones originales Globoplay, se lanzar\u00e1n de primera mano en la feria, incluso antes de su debut en el mercado brasile\u00f1o. Y &#8216;Segunda Chamada&#8217;, coproducci\u00f3n de Globo con O2 Filmes, tiene previsi\u00f3n de estreno en Brasil en octubre. Globo tambi\u00e9n presenta en MIPCOM la tercera temporada de &#8216;Bajo Presi\u00f3n&#8217;, que ya cuenta con licencia para m\u00e1s de 70 pa\u00edses, y la segunda temporada de &#8216;Isla de Hierro&#8217;.<\/p>\n<p style=\"font-weight: 400;\">\u201cEsta estrategia es el resultado de las inversiones de Globo en nuevos y distintos g\u00e9neros y formatos, el aumento de nuestra capacidad de producci\u00f3n de series y otros formatos cortos, adem\u00e1s de la inversi\u00f3n continua en telenovelas y la b\u00fasqueda en diversificar modelos de asociaci\u00f3n y distribuci\u00f3n para satisfacer las demandas actuales de los socios y el p\u00fablico, cada vez m\u00e1s acostumbrados a poder elegir cu\u00e1ndo y d\u00f3nde es m\u00e1s interesante\u00bb, dice Raphael Corr\u00eaa Netto, Director Ejecutivo de Negocios de Globo.<\/p>\n<p style=\"font-weight: 400;\">\u00abHicimos movimientos importantes este a\u00f1o, con una mirada m\u00e1s cercana a los nuevos mercados, la apertura de estudios MG4 que representa un proyecto pionero para la industria audiovisual, as\u00ed como nuevas alianzas y acuerdos de licencia\u00bb, concluye Corr\u00eaa Netto.<\/p>\n<p><\/p>","protected":false},"excerpt":{"rendered":"<p>TELENOVELAS \/ TV El 14 al 17 de octubre, la empresa participar\u00e1 en MIPCOM, la feria de contenido televisivo en <a class=\"more-link\" href=\"https:\/\/tvmasmagazine.com\/es\/2019\/09\/20\/globo-en-mipcom-2019-series-ineditas-y-formatos-cortos\/\">&#8230;<\/a><\/p>\n","protected":false},"author":1,"featured_media":0,"comment_status":"closed","ping_status":"closed","sticky":false,"template":"","format":"standard","meta":{"footnotes":""},"categories":[84,80,73,79,47],"tags":[],"class_list":["post-42273","post","type-post","status-publish","format-standard","hentry","category-innovadores","category-ott","category-telenovelas-series","category-tv-abierta","category-tv-de-pagp"],"_links":{"self":[{"href":"https:\/\/tvmasmagazine.com\/es\/wp-json\/wp\/v2\/posts\/42273","targetHints":{"allow":["GET"]}}],"collection":[{"href":"https:\/\/tvmasmagazine.com\/es\/wp-json\/wp\/v2\/posts"}],"about":[{"href":"https:\/\/tvmasmagazine.com\/es\/wp-json\/wp\/v2\/types\/post"}],"author":[{"embeddable":true,"href":"https:\/\/tvmasmagazine.com\/es\/wp-json\/wp\/v2\/users\/1"}],"replies":[{"embeddable":true,"href":"https:\/\/tvmasmagazine.com\/es\/wp-json\/wp\/v2\/comments?post=42273"}],"version-history":[{"count":1,"href":"https:\/\/tvmasmagazine.com\/es\/wp-json\/wp\/v2\/posts\/42273\/revisions"}],"predecessor-version":[{"id":42275,"href":"https:\/\/tvmasmagazine.com\/es\/wp-json\/wp\/v2\/posts\/42273\/revisions\/42275"}],"wp:attachment":[{"href":"https:\/\/tvmasmagazine.com\/es\/wp-json\/wp\/v2\/media?parent=42273"}],"wp:term":[{"taxonomy":"category","embeddable":true,"href":"https:\/\/tvmasmagazine.com\/es\/wp-json\/wp\/v2\/categories?post=42273"},{"taxonomy":"post_tag","embeddable":true,"href":"https:\/\/tvmasmagazine.com\/es\/wp-json\/wp\/v2\/tags?post=42273"}],"curies":[{"name":"wp","href":"https:\/\/api.w.org\/{rel}","templated":true}]}}