{"id":44181,"date":"2020-04-23T16:20:06","date_gmt":"2020-04-23T23:20:06","guid":{"rendered":"https:\/\/www.tvmasmagazine.com\/?p=44181"},"modified":"2020-04-23T16:20:06","modified_gmt":"2020-04-23T23:20:06","slug":"hitn-trae-la-feria-de-san-marcos","status":"publish","type":"post","link":"https:\/\/tvmasmagazine.com\/es\/2020\/04\/23\/hitn-trae-la-feria-de-san-marcos\/","title":{"rendered":"HITN  trae \u201cLa feria de San Marcos\u201d"},"content":{"rendered":"<p>TV \/ DOCUMENTALES<\/p>\n<p><strong>El documental hace un recorrido por una de las ferias m\u00e1s grande de Latinoam\u00e9rica, invitando a la audiencia a vivir la tradici\u00f3n y riqueza cultural de M\u00e9xico desde sus hogares.<\/strong><\/p>\n<div id=\"attachment_44182\" style=\"width: 360px\" class=\"wp-caption aligncenter\"><img loading=\"lazy\" decoding=\"async\" aria-describedby=\"caption-attachment-44182\" class=\"wp-image-44182 size-medium\" src=\"https:\/\/www.tvmasmagazine.com\/wp-content\/uploads\/2020\/04\/LA-FERIA-DE-SAN-MARCOS-Kiosko_-002-350x196.jpeg\" alt=\"\" width=\"350\" height=\"196\" srcset=\"https:\/\/tvmasmagazine.com\/wp-content\/uploads\/2020\/04\/LA-FERIA-DE-SAN-MARCOS-Kiosko_-002-350x196.jpeg 350w, https:\/\/tvmasmagazine.com\/wp-content\/uploads\/2020\/04\/LA-FERIA-DE-SAN-MARCOS-Kiosko_-002-150x84.jpeg 150w, https:\/\/tvmasmagazine.com\/wp-content\/uploads\/2020\/04\/LA-FERIA-DE-SAN-MARCOS-Kiosko_-002.jpeg 640w\" sizes=\"auto, (max-width: 350px) 100vw, 350px\" \/><p id=\"caption-attachment-44182\" class=\"wp-caption-text\">La feria de San Marcos.<\/p><\/div>\n<p style=\"font-weight: 400;\">El canal HITN TV con el documental sobre la Feria Nacional de San Marcos, producci\u00f3n original de Mexicanal, llegar\u00e1 a m\u00e1s de 40 millones de hispanohablantes en todos los Estados Unidos, el s\u00e1bado 25 de abril. \u2018La Feria Nacional de San Marcos\u2019, conocida tambi\u00e9n como \u201cLa Feria de M\u00e9xico\u201d. El documental acercar\u00e1 la festividad a todos los mexicanos, dentro y fuera del pa\u00eds, mientras pasan la cuarentena en casa.<\/p>\n<p style=\"font-weight: 400;\">\u201cHumberto Montero de Alba, Presidente del Patronato de la Feria Nacional de San Marcos dijo que: \u201cLa Secretar\u00eda de Turismo y el Patronato de la Feria, tambi\u00e9n realizar\u00e1n acciones en redes sociales, de tal manera que todas las familias hispanohablantes puedan conectarse a la celebraci\u00f3n virtual y vivir la feria desde la comodidad de sus hogares\u201d.<\/p>\n<div id=\"attachment_44183\" style=\"width: 360px\" class=\"wp-caption aligncenter\"><img loading=\"lazy\" decoding=\"async\" aria-describedby=\"caption-attachment-44183\" class=\"wp-image-44183 size-medium\" src=\"https:\/\/www.tvmasmagazine.com\/wp-content\/uploads\/2020\/04\/LA-FERI-DE-SAN-MARCOS-Mujeres-charro-002-350x196.jpeg\" alt=\"\" width=\"350\" height=\"196\" srcset=\"https:\/\/tvmasmagazine.com\/wp-content\/uploads\/2020\/04\/LA-FERI-DE-SAN-MARCOS-Mujeres-charro-002-350x196.jpeg 350w, https:\/\/tvmasmagazine.com\/wp-content\/uploads\/2020\/04\/LA-FERI-DE-SAN-MARCOS-Mujeres-charro-002-150x84.jpeg 150w, https:\/\/tvmasmagazine.com\/wp-content\/uploads\/2020\/04\/LA-FERI-DE-SAN-MARCOS-Mujeres-charro-002.jpeg 640w\" sizes=\"auto, (max-width: 350px) 100vw, 350px\" \/><p id=\"caption-attachment-44183\" class=\"wp-caption-text\">La feria de San Marcos.<\/p><\/div>\n<p style=\"font-weight: 400;\">La Feria Nacional de San Marcos es la festividad m\u00e1s importante del estado de Aguascalientes en M\u00e9xico, y una de las 10 m\u00e1s importantes del mundo. Competencias deportivas, la colocaci\u00f3n del bando solemne, las tradicionales ma\u00f1anitas, la coronaci\u00f3n de la reina, el desfile de primavera, la carrera de meseros, actividades culturales, corridas de toros, conciertos musicales, exposiciones ganadera, industrial y agroalimentaria, entre otras muchas actividades.<\/p>\n<p style=\"font-weight: 400;\">El documental se transmitir\u00e1 a trav\u00e9s de televisoras p\u00fablicas en M\u00e9xico, Canad\u00e1, Argentina, Brasil, Ecuador y Colombia, y por HITN TV el pr\u00f3ximo s\u00e1bado 25 de abril a las 6:00 p.m. hora del Este \/ 3:00 p.m. Pac\u00edfico con retransmisi\u00f3n el mismo d\u00eda a las 6:00 p.m. hora del Este\/ 6:00 p.m. Pac\u00edfico.<\/p>\n<p><\/p>","protected":false},"excerpt":{"rendered":"<p>TV \/ DOCUMENTALES El documental hace un recorrido por una de las ferias m\u00e1s grande de Latinoam\u00e9rica, invitando a la <a class=\"more-link\" href=\"https:\/\/tvmasmagazine.com\/es\/2020\/04\/23\/hitn-trae-la-feria-de-san-marcos\/\">&#8230;<\/a><\/p>\n","protected":false},"author":1,"featured_media":0,"comment_status":"closed","ping_status":"closed","sticky":false,"template":"","format":"standard","meta":{"footnotes":""},"categories":[80,47],"tags":[],"class_list":["post-44181","post","type-post","status-publish","format-standard","hentry","category-ott","category-tv-de-pagp"],"_links":{"self":[{"href":"https:\/\/tvmasmagazine.com\/es\/wp-json\/wp\/v2\/posts\/44181","targetHints":{"allow":["GET"]}}],"collection":[{"href":"https:\/\/tvmasmagazine.com\/es\/wp-json\/wp\/v2\/posts"}],"about":[{"href":"https:\/\/tvmasmagazine.com\/es\/wp-json\/wp\/v2\/types\/post"}],"author":[{"embeddable":true,"href":"https:\/\/tvmasmagazine.com\/es\/wp-json\/wp\/v2\/users\/1"}],"replies":[{"embeddable":true,"href":"https:\/\/tvmasmagazine.com\/es\/wp-json\/wp\/v2\/comments?post=44181"}],"version-history":[{"count":1,"href":"https:\/\/tvmasmagazine.com\/es\/wp-json\/wp\/v2\/posts\/44181\/revisions"}],"predecessor-version":[{"id":44184,"href":"https:\/\/tvmasmagazine.com\/es\/wp-json\/wp\/v2\/posts\/44181\/revisions\/44184"}],"wp:attachment":[{"href":"https:\/\/tvmasmagazine.com\/es\/wp-json\/wp\/v2\/media?parent=44181"}],"wp:term":[{"taxonomy":"category","embeddable":true,"href":"https:\/\/tvmasmagazine.com\/es\/wp-json\/wp\/v2\/categories?post=44181"},{"taxonomy":"post_tag","embeddable":true,"href":"https:\/\/tvmasmagazine.com\/es\/wp-json\/wp\/v2\/tags?post=44181"}],"curies":[{"name":"wp","href":"https:\/\/api.w.org\/{rel}","templated":true}]}}