{"id":44825,"date":"2020-06-24T10:00:58","date_gmt":"2020-06-24T17:00:58","guid":{"rendered":"https:\/\/www.tvmasmagazine.com\/?p=44825"},"modified":"2020-06-24T10:00:58","modified_gmt":"2020-06-24T17:00:58","slug":"estrellatv-suma-chisme-en-vivo-a-su-programacion","status":"publish","type":"post","link":"https:\/\/tvmasmagazine.com\/es\/2020\/06\/24\/estrellatv-suma-chisme-en-vivo-a-su-programacion\/","title":{"rendered":"EstrellaTV suma \u201cChisme en vivo\u201d a su programaci\u00f3n"},"content":{"rendered":"<p>Entretenimiento\/Estrenos<\/p>\n<p><strong>Dos de las personalidades m\u00e1s reconocidas de chismes de entretenimiento Elisa Beristain y Javier Ceriani estrenan nuevo programa en la televisora hispana de Estados Unidos.<\/strong><\/p>\n<div id=\"attachment_44826\" style=\"width: 243px\" class=\"wp-caption aligncenter\"><img loading=\"lazy\" decoding=\"async\" aria-describedby=\"caption-attachment-44826\" class=\"size-medium wp-image-44826\" src=\"https:\/\/www.tvmasmagazine.com\/wp-content\/uploads\/2020\/06\/ElisaJavier-233x350.jpeg\" alt=\"\" width=\"233\" height=\"350\" srcset=\"https:\/\/tvmasmagazine.com\/wp-content\/uploads\/2020\/06\/ElisaJavier-233x350.jpeg 233w, https:\/\/tvmasmagazine.com\/wp-content\/uploads\/2020\/06\/ElisaJavier-100x150.jpeg 100w, https:\/\/tvmasmagazine.com\/wp-content\/uploads\/2020\/06\/ElisaJavier-768x1152.jpeg 768w, https:\/\/tvmasmagazine.com\/wp-content\/uploads\/2020\/06\/ElisaJavier-683x1024.jpeg 683w\" sizes=\"auto, (max-width: 233px) 100vw, 233px\" \/><p id=\"caption-attachment-44826\" class=\"wp-caption-text\">Javier Ceriani y Elisa Beristain<\/p><\/div>\n<p>Estrella Media, Inc., una empresa hispana de medios multiplataforma, integrada verticalmente en los Estados Unidos, anunci\u00f3 que su cadena de televisi\u00f3n EstrellaTV recientemente estren\u00f3 Chisme En Vivo, un magazine de espect\u00e1culos que arranca su programaci\u00f3n vespertina y abre paso al importante primetime.<\/p>\n<p>Chisme En Vivo es un programa candente de chismes a nivel nacional con una hora de duraci\u00f3n bajo la conducci\u00f3n de dos de las personalidades de televisi\u00f3n m\u00e1s provocativas y reconocidas del mundo del espect\u00e1culo latino, Elisa Beristain y Javier Ceriani.<\/p>\n<p>Se transmite de lunes a viernes a las 4P\/3P Centro y cuenta con las noticias y chismes de \u00faltima hora sobre las celebridades hispanas del momento, as\u00ed como informes y sucesos exclusivos sobre algunas de las celebridades latinas m\u00e1s influyentes del mundo del entretenimiento hispano en Estados Unidos y el exterior.<\/p>\n<p>Beristain es mejor conocida por ser una de las protagonistas originales del elenco del exitazo televisivo de EstrellaTV <em>Rica Famosa Latina <\/em>y Ceriani construy\u00f3 su reputaci\u00f3n como uno de los paparazis y periodistas miamenses m\u00e1s reconocidos del espect\u00e1culo latino.<\/p>\n<p>El canal lanz\u00f3 la producci\u00f3n de este nuevo programa acatando las normas de seguridad recomendadas, incluyendo medidas estrictas de higiene y distanciamiento social y la contrataci\u00f3n de un nuevo coordinador de seguridad.<\/p>\n<p>Tal como lo ha hecho con todos sus noticieros, el programa s\u00f3lo permite personal esencial en el foro, y el formato ha sido adaptado para cumplir con las nuevas directrices de distanciamiento social requeridas por la crisis de salud actual.<\/p>\n<p>\u201cEstamos entusiasmados por el inter\u00e9s que est\u00e1 generando <em>Chisme En Vivo <\/em>y nuestros talentosos conductores. Aunque quiz\u00e1 nuestro entorno laboral haya cambiado, nuestro compromiso con informar y entretener a nuestra audiencia contin\u00faa siendo el mismo. Estoy orgulloso de la innovaci\u00f3n y la constancia que se ha demostrado en toda nuestra empresa en lo que reiniciamos de manera segura nuestras producciones de entretenimiento\u201d, se\u00f1al\u00f3 Iv\u00e1n Stoilkovich, presidente ejecutivo de programaci\u00f3n.<\/p>\n<p>A medida que los gobiernos estatales y locales en todo el pa\u00eds vuelven a abrir sus econom\u00edas y reducen las restricciones en los negocios que est\u00e1n reiniciando sus operaciones, la cadena EstrellaTV tambi\u00e9n est\u00e1 en el proceso de reiniciar la producci\u00f3n de su programa #1 de b\u00fasqueda de talento <em>Tengo Talento, Mucho Talento a<\/em> principios de julio.<\/p>\n<p>&nbsp;<\/p>","protected":false},"excerpt":{"rendered":"<p>Entretenimiento\/Estrenos Dos de las personalidades m\u00e1s reconocidas de chismes de entretenimiento Elisa Beristain y Javier Ceriani estrenan nuevo programa en <a class=\"more-link\" href=\"https:\/\/tvmasmagazine.com\/es\/2020\/06\/24\/estrellatv-suma-chisme-en-vivo-a-su-programacion\/\">&#8230;<\/a><\/p>\n","protected":false},"author":1,"featured_media":0,"comment_status":"closed","ping_status":"closed","sticky":false,"template":"","format":"standard","meta":{"footnotes":""},"categories":[40,79],"tags":[],"class_list":["post-44825","post","type-post","status-publish","format-standard","hentry","category-estrenos-old","category-tv-abierta"],"_links":{"self":[{"href":"https:\/\/tvmasmagazine.com\/es\/wp-json\/wp\/v2\/posts\/44825","targetHints":{"allow":["GET"]}}],"collection":[{"href":"https:\/\/tvmasmagazine.com\/es\/wp-json\/wp\/v2\/posts"}],"about":[{"href":"https:\/\/tvmasmagazine.com\/es\/wp-json\/wp\/v2\/types\/post"}],"author":[{"embeddable":true,"href":"https:\/\/tvmasmagazine.com\/es\/wp-json\/wp\/v2\/users\/1"}],"replies":[{"embeddable":true,"href":"https:\/\/tvmasmagazine.com\/es\/wp-json\/wp\/v2\/comments?post=44825"}],"version-history":[{"count":1,"href":"https:\/\/tvmasmagazine.com\/es\/wp-json\/wp\/v2\/posts\/44825\/revisions"}],"predecessor-version":[{"id":44827,"href":"https:\/\/tvmasmagazine.com\/es\/wp-json\/wp\/v2\/posts\/44825\/revisions\/44827"}],"wp:attachment":[{"href":"https:\/\/tvmasmagazine.com\/es\/wp-json\/wp\/v2\/media?parent=44825"}],"wp:term":[{"taxonomy":"category","embeddable":true,"href":"https:\/\/tvmasmagazine.com\/es\/wp-json\/wp\/v2\/categories?post=44825"},{"taxonomy":"post_tag","embeddable":true,"href":"https:\/\/tvmasmagazine.com\/es\/wp-json\/wp\/v2\/tags?post=44825"}],"curies":[{"name":"wp","href":"https:\/\/api.w.org\/{rel}","templated":true}]}}