{"id":4558,"date":"2013-04-26T15:01:36","date_gmt":"2013-04-26T15:01:36","guid":{"rendered":"http:\/\/www.tvmasmagazine.com\/?p=4558"},"modified":"2015-01-27T12:09:30","modified_gmt":"2015-01-27T11:09:30","slug":"el-cine-mexicano-aumenta-pero-hay-que-mejorar-en-los-contenidos-y-tecnica-julian-vazquez","status":"publish","type":"post","link":"https:\/\/tvmasmagazine.com\/es\/2013\/04\/26\/el-cine-mexicano-aumenta-pero-hay-que-mejorar-en-los-contenidos-y-tecnica-julian-vazquez\/","title":{"rendered":"\u201cEl cine mexicano aumenta pero hay que mejorar en los contenidos y t\u00e9cnica\u201d, Juli\u00e1n V\u00e1zquez"},"content":{"rendered":"<p><\/p>\n<h3>\u00a0El cineasta inici\u00f3 el rodaje de <em>Fausto<\/em>, su segundo largometraje con una inversi\u00f3n de 25 millones de pesos<\/h3>\n<p><div id=\"attachment_4559\" style=\"width: 660px\" class=\"wp-caption aligncenter\"><a href=\"http:\/\/www.tvmasmagazine.com\/wp-content\/uploads\/2013\/04\/Elenco-y-equipo-de-producci\u00f3n-durante-el-claquetazo-de-Fausto.jpg\"><img loading=\"lazy\" decoding=\"async\" aria-describedby=\"caption-attachment-4559\" src=\"http:\/\/www.tvmasmagazine.com\/wp-content\/uploads\/2013\/04\/Elenco-y-equipo-de-producci\u00f3n-durante-el-claquetazo-de-Fausto.jpg\" alt=\"\" title=\"Elenco-y-equipo-de-producci\u00f3n-durante-el-claquetazo-de-Fausto\" width=\"650\" height=\"434\" class=\"size-full wp-image-4559\" srcset=\"https:\/\/tvmasmagazine.com\/wp-content\/uploads\/2013\/04\/Elenco-y-equipo-de-producci\u00f3n-durante-el-claquetazo-de-Fausto.jpg 650w, https:\/\/tvmasmagazine.com\/wp-content\/uploads\/2013\/04\/Elenco-y-equipo-de-producci\u00f3n-durante-el-claquetazo-de-Fausto-300x200.jpg 300w\" sizes=\"auto, (max-width: 650px) 100vw, 650px\" \/><\/a><p id=\"caption-attachment-4559\" class=\"wp-caption-text\">Elenco y equipo de producci\u00f3n durante el claquetazo de <em>Fausto<\/em><\/p><\/div><br \/>\nEn un conocido hotel de la Ciudad de M\u00e9xico, se realiz\u00f3 el inicio del rodaje de la pel\u00edcula\u00a0<em>Fausto<\/em>; actores, equipo de producci\u00f3n e invitados especiales se dieron cita en una cena previa, donde TVMAS tuvo presencia.<\/p>\n<p>El anfitri\u00f3n de la noche fue Juli\u00e1n V\u00e1zquez, director y productor de la cinta, quien agradeci\u00f3 a todos los presentes por el inicio de una aventura m\u00e1s en su carrera cinematogr\u00e1fica.\u00a0<em>Fausto<\/em>\u00a0ser\u00e1 su segundo largometraje, despu\u00e9s de su exitosa opera prima\u00a0<em>El Silencio del Roble.<\/em><\/p>\n<p>\u201cEs un guion propio y muy cuidado que habla mucho de incidencias de la vida en una historia interesante pero entretenida y atractiva. Buscamos que tuviera trasfondos importantes y temas reflexivos, esto hizo que actores e inversionistas se fueran sumando al proyecto\u201d, coment\u00f3 Juli\u00e1n V\u00e1zquez.<\/p>\n<p><div id=\"attachment_4560\" style=\"width: 310px\" class=\"wp-caption alignright\"><a href=\"http:\/\/www.tvmasmagazine.com\/wp-content\/uploads\/2013\/04\/Juli\u00e1n-V\u00e1zquez-director-y-productor-de-Fausto-junto-al-actor-Pablo-Astiazar\u00e1n.jpg\"><img loading=\"lazy\" decoding=\"async\" aria-describedby=\"caption-attachment-4560\" src=\"http:\/\/www.tvmasmagazine.com\/wp-content\/uploads\/2013\/04\/Juli\u00e1n-V\u00e1zquez-director-y-productor-de-Fausto-junto-al-actor-Pablo-Astiazar\u00e1n.jpg\" alt=\"\" title=\"Juli\u00e1n-V\u00e1zquez,-director-y-productor-de-Fausto,-junto-al-actor-Pablo-Astiazar\u00e1n\" width=\"300\" height=\"413\" class=\"size-full wp-image-4560\" srcset=\"https:\/\/tvmasmagazine.com\/wp-content\/uploads\/2013\/04\/Juli\u00e1n-V\u00e1zquez-director-y-productor-de-Fausto-junto-al-actor-Pablo-Astiazar\u00e1n.jpg 300w, https:\/\/tvmasmagazine.com\/wp-content\/uploads\/2013\/04\/Juli\u00e1n-V\u00e1zquez-director-y-productor-de-Fausto-junto-al-actor-Pablo-Astiazar\u00e1n-217x300.jpg 217w\" sizes=\"auto, (max-width: 300px) 100vw, 300px\" \/><\/a><p id=\"caption-attachment-4560\" class=\"wp-caption-text\">Juli\u00e1n V\u00e1zquez, director y productor de <em>Fausto<\/em>, junto al actor Pablo Astiazar\u00e1n<\/p><\/div>\u00bfQu\u00e9 tan dif\u00edcil es sumar inversionistas a la producci\u00f3n de cine en M\u00e9xico? \u00bfEn qu\u00e9 momento se encuentra la industria?<\/p>\n<p>\u201cHay un tema dinero e infraestructura, pero para nuestras posibilidades estamos logrando grandes cosas, tenemos grandes producciones muy acertadas y cada vez mejores guiones, por algo las empresas apuestan cada vez m\u00e1s. El cine mexicano ha crecido fuertemente, en contenidos siempre tenemos un poco de complicaci\u00f3n y nuestra calidad t\u00e9cnica. Lo que falta es un poco de coordinaci\u00f3n pero vamos por buen camino, por algo hay grandes cineastas, guionistas y fot\u00f3grafos nominados alrededor de los festivales en el mundo\u201d, finaliz\u00f3 el cineasta.<\/p>\n<p><em>Fausto<\/em>\u00a0cuenta con una inversi\u00f3n de 25 millones de pesos. El 85 % del rodaje se har\u00e1 en Puebla y el 15% en la Ciudad de M\u00e9xico. El filme es protagonizado por Juan Carlos Barreto, Rosa Mar\u00eda Bianchi, Odalys Ram\u00edrez y Pablo Astiazaran.<\/p>\n<p>La historia de\u00a0<em>Fausto<\/em>, un exitoso pintor de 64 a\u00f1os, que justo en la cumbre de su carrera, es destinado a vivir el dram\u00e1tico suicidio de su esposa. Siendo ella, su \u00fanica familia. Este suceso detonador, inexplicablemente llevar\u00e1 a <em>Fausto<\/em> a viajar en el tiempo. Abriendo con ello, la posibilidad de cambiar la suerte de la mujer que lo acompa\u00f1\u00f3 toda su vida. Mediante un relato emocionante, profundo e inspirador, esta aventura cinematogr\u00e1fica nos har\u00e1 replantear nuestras prioridades. As\u00ed como tambi\u00e9n, incitar\u00e1 a nuestro pensamiento para profundizar en temas existenciales y filos\u00f3ficos.<\/p>","protected":false},"excerpt":{"rendered":"<p>\u00a0El cineasta inici\u00f3 el rodaje de Fausto, su segundo largometraje con una inversi\u00f3n de 25 millones de pesos En un <a class=\"more-link\" href=\"https:\/\/tvmasmagazine.com\/es\/2013\/04\/26\/el-cine-mexicano-aumenta-pero-hay-que-mejorar-en-los-contenidos-y-tecnica-julian-vazquez\/\">&#8230;<\/a><\/p>\n","protected":false},"author":1,"featured_media":4561,"comment_status":"closed","ping_status":"closed","sticky":false,"template":"","format":"standard","meta":{"footnotes":""},"categories":[18],"tags":[],"class_list":["post-4558","post","type-post","status-publish","format-standard","has-post-thumbnail","hentry","category-latnoamerica"],"_links":{"self":[{"href":"https:\/\/tvmasmagazine.com\/es\/wp-json\/wp\/v2\/posts\/4558","targetHints":{"allow":["GET"]}}],"collection":[{"href":"https:\/\/tvmasmagazine.com\/es\/wp-json\/wp\/v2\/posts"}],"about":[{"href":"https:\/\/tvmasmagazine.com\/es\/wp-json\/wp\/v2\/types\/post"}],"author":[{"embeddable":true,"href":"https:\/\/tvmasmagazine.com\/es\/wp-json\/wp\/v2\/users\/1"}],"replies":[{"embeddable":true,"href":"https:\/\/tvmasmagazine.com\/es\/wp-json\/wp\/v2\/comments?post=4558"}],"version-history":[{"count":5,"href":"https:\/\/tvmasmagazine.com\/es\/wp-json\/wp\/v2\/posts\/4558\/revisions"}],"predecessor-version":[{"id":8250,"href":"https:\/\/tvmasmagazine.com\/es\/wp-json\/wp\/v2\/posts\/4558\/revisions\/8250"}],"wp:featuredmedia":[{"embeddable":true,"href":"https:\/\/tvmasmagazine.com\/es\/wp-json\/wp\/v2\/media\/4561"}],"wp:attachment":[{"href":"https:\/\/tvmasmagazine.com\/es\/wp-json\/wp\/v2\/media?parent=4558"}],"wp:term":[{"taxonomy":"category","embeddable":true,"href":"https:\/\/tvmasmagazine.com\/es\/wp-json\/wp\/v2\/categories?post=4558"},{"taxonomy":"post_tag","embeddable":true,"href":"https:\/\/tvmasmagazine.com\/es\/wp-json\/wp\/v2\/tags?post=4558"}],"curies":[{"name":"wp","href":"https:\/\/api.w.org\/{rel}","templated":true}]}}