{"id":48611,"date":"2020-11-16T12:13:13","date_gmt":"2020-11-16T20:13:13","guid":{"rendered":"https:\/\/www.tvmasmagazine.com\/?p=48611"},"modified":"2020-11-16T12:13:13","modified_gmt":"2020-11-16T20:13:13","slug":"caaci-e-ibermedia-y-la-participacion-del-incaa-de-argentina","status":"publish","type":"post","link":"https:\/\/tvmasmagazine.com\/es\/2020\/11\/16\/caaci-e-ibermedia-y-la-participacion-del-incaa-de-argentina\/","title":{"rendered":"CAACI E IBERMEDIA y la participaci\u00f3n del INCAA de Argentina"},"content":{"rendered":"<p><\/p>\n<ul>\n<li><span style=\"color: #ff6600;\"><strong>Espa\u00f1a, Portugal e Italia junto a las autoridades audiovisuales de pa\u00edses latinoamericanos, reconocieron a Fernando Pino Solanas quien muri\u00f3 en Par\u00eds a los 84 a\u00f1os tras haberse contagiado de coronavirus.<\/strong><\/span><\/li>\n<li><span style=\"color: #ff6600;\"><strong>Acordaron sumar su colaboraci\u00f3n a Ventana Sur en Argentina y Blood Window.<\/strong><\/span><\/li>\n<\/ul>\n<p>El cineasta y dirigente pol\u00edtico fue entrevistado por \u00faltima vez por T\u00e9lam Radio el 13 de mayo pasado, <strong>a pocas horas de ser designado embajador argentino ante la Organizaci\u00f3n de las Naciones Unidas para la Educaci\u00f3n, la Ciencia y la Cultura<\/strong> (UNESCO).<\/p>\n<div id=\"attachment_48612\" style=\"width: 360px\" class=\"wp-caption aligncenter\"><img loading=\"lazy\" decoding=\"async\" aria-describedby=\"caption-attachment-48612\" class=\"size-medium wp-image-48612\" src=\"https:\/\/www.tvmasmagazine.com\/wp-content\/uploads\/2020\/11\/FERNANDO-PINO-SOLANAS-ya-viejo-84-anios-350x258.jpg\" alt=\"\" width=\"350\" height=\"258\" srcset=\"https:\/\/tvmasmagazine.com\/wp-content\/uploads\/2020\/11\/FERNANDO-PINO-SOLANAS-ya-viejo-84-anios-350x258.jpg 350w, https:\/\/tvmasmagazine.com\/wp-content\/uploads\/2020\/11\/FERNANDO-PINO-SOLANAS-ya-viejo-84-anios-150x110.jpg 150w, https:\/\/tvmasmagazine.com\/wp-content\/uploads\/2020\/11\/FERNANDO-PINO-SOLANAS-ya-viejo-84-anios.jpg 512w\" sizes=\"auto, (max-width: 350px) 100vw, 350px\" \/><p id=\"caption-attachment-48612\" class=\"wp-caption-text\">Fernando \u00abPino\u00bb Solanas.<\/p><\/div>\n<p><strong>El Instituto Nacional de Cine y Artes Audiovisuales (INCAA),<\/strong> a trav\u00e9s de su presidente, <strong>Luis Puenzo<\/strong>, y su vicepresidente, <strong>Nicol\u00e1s Batlle<\/strong>, participaron por videoconferencia de las reuniones que la <span style=\"color: #0000ff;\"><a style=\"color: #0000ff;\" href=\"http:\/\/caaci-iberoamerica.org\/\"><strong>Conferencia de Autoridades Audiovisuales y Cinematogr\u00e1ficas de Iberoam\u00e9rica<\/strong> <\/a><\/span>(CAACI) y el <strong>programa Ibermedia<\/strong> realizaron durante el <a href=\"https:\/\/www.gfacct.org\/\"><strong>Gran Foro Mundial de Artes, Cultura, Creatividad y Tecnolog\u00eda<\/strong><\/a> (GFACCT). Durante la primera jornada, se hizo un reconocimiento a la memoria de Fernando Ezequiel Pino Solanas.<\/p>\n<div id=\"attachment_48613\" style=\"width: 360px\" class=\"wp-caption aligncenter\"><img loading=\"lazy\" decoding=\"async\" aria-describedby=\"caption-attachment-48613\" class=\"size-medium wp-image-48613\" src=\"https:\/\/www.tvmasmagazine.com\/wp-content\/uploads\/2020\/11\/Fernando-pino-solanas-joven-350x260.jpg\" alt=\"\" width=\"350\" height=\"260\" srcset=\"https:\/\/tvmasmagazine.com\/wp-content\/uploads\/2020\/11\/Fernando-pino-solanas-joven-350x260.jpg 350w, https:\/\/tvmasmagazine.com\/wp-content\/uploads\/2020\/11\/Fernando-pino-solanas-joven-1024x760.jpg 1024w, https:\/\/tvmasmagazine.com\/wp-content\/uploads\/2020\/11\/Fernando-pino-solanas-joven-150x111.jpg 150w, https:\/\/tvmasmagazine.com\/wp-content\/uploads\/2020\/11\/Fernando-pino-solanas-joven-768x570.jpg 768w, https:\/\/tvmasmagazine.com\/wp-content\/uploads\/2020\/11\/Fernando-pino-solanas-joven-1536x1141.jpg 1536w, https:\/\/tvmasmagazine.com\/wp-content\/uploads\/2020\/11\/Fernando-pino-solanas-joven.jpg 1670w\" sizes=\"auto, (max-width: 350px) 100vw, 350px\" \/><p id=\"caption-attachment-48613\" class=\"wp-caption-text\">Fernando \u00abPino\u00bb Solanas.<\/p><\/div>\n<p><a href=\"https:\/\/www.programaibermedia.com\/\"><strong>En el encuentro Ibermedia decidida a apoyar el cine y el audiovisual iberoamericanos<\/strong><\/a>, se acord\u00f3 sumar la colaboraci\u00f3n al mercado audiovisual <strong><a href=\"https:\/\/ventana-sur.com\/en\/\">Ventana Sur<\/a>,<\/strong> organizado por el INCAA y el <strong>March\u00e9 du Film del Festival de Cannes<\/strong>, que este a\u00f1o se realizar\u00e1 online, entre el 30 de noviembre y el 4 de diciembre. Adem\u00e1s, sumar\u00e1 su colaboraci\u00f3n a <strong>Blood Window<\/strong>, la plataforma del INCAA de promoci\u00f3n y comercializaci\u00f3n del cine de g\u00e9nero fant\u00e1stico iberoamericano.<\/p>\n<p>En la XXXVIII reuni\u00f3n de CAACI, se delinearon ejes como el reconocimiento e incentivo a los aportes de gesti\u00f3n a la industria audiovisual; definici\u00f3n de <strong>Obra Latinoamericana<\/strong>; se present\u00f3 la agenda de <strong>Diversidad y G\u00e9nero<\/strong>, en la que las \u00e1reas de los pa\u00edses participantes intercambiaron experiencias y puntualizaron sobre las acciones a concretar; y se diagram\u00f3 lo que ser\u00e1 la participaci\u00f3n en Ventana Sur.<\/p>\n<p><strong>El <a href=\"http:\/\/www.incaa.gov.ar\/\">INCAA<\/a>, a trav\u00e9s de su vicepresidente, Nicol\u00e1s Batlle<\/strong>, destac\u00f3 \u201cla importancia de que se expusieran las pol\u00edticas de g\u00e9nero que se est\u00e1n llevando adelante en la regi\u00f3n, en las que nuestro instituto tiene una participaci\u00f3n\u201d.<\/p>\n<p>El evento cont\u00f3 con la participaci\u00f3n de la directora ejecutiva de la Agencia del Desarrollo del Cine y Audiovisual Bolivianos &#8211; ADECINE, <strong>Roxana Sdenkamoyano<\/strong> (Bolivia); la asesora de Asuntos Internacionales de la Agencia Nacional del Cine &#8211; ANCINE, <strong>Leticia Godinho<\/strong> (Brasil); el secretario ejecutivo del Fondo de Fomento Audiovisual, <strong>Daniel Laguna<\/strong> (Chile), el director de Audiovisuales, Cine y Medios Interactivos del Ministerio de Cultura, <strong>Jaime Andr\u00e9s Tenorio Tasc\u00f3n<\/strong> (Colombia); el director general del Centro de Cine del Ministerio de Cultura, <strong>Raciel del Toro Hern\u00e1ndez<\/strong> (Costa Rica); la vicepresidenta del Instituto Cubano del Arte e Industria Cinematogr\u00e1ficos &#8211; ICAIC, <strong>Tania Delgado<\/strong> (Cuba); el director de Fomento de Cine y Audiovisual del Instituto de Fomento a la Creatividad y la Innovaci\u00f3n &#8211; IFCI<strong>, Fernando Pont\u00f3n<\/strong> (Ecuador); el representante de la Subdirecci\u00f3n de Cine y Audiovisuales del Ministerio de Cultura, <strong>Mauro Arevalo<\/strong> (El Salvador); la directora General del Instituto de la Cinematograf\u00eda y de las Artes Audiovisuales &#8211; ICAA, <strong>Beatriz Navas<\/strong> (Espa\u00f1a); la representante de la Direzione Generale per il Cinema del Ministerio de Cultura y Turismo, <strong>Maria Giuseppina Troccoli<\/strong> (Italia); la directora general del Instituto Mexicano de Cinematograf\u00eda &#8211; IMCINE, <strong>Mar\u00eda Novaro Pe\u00f1aloza<\/strong> (M\u00e9xico); la codirectora Cinemateca Nacional, <strong>Idania Castillo<\/strong> (Nicaragua); la directora de Cinematograf\u00eda del Ministerio de Cultura, <strong>Sheila Gonz\u00e1lez<\/strong> (Panam\u00e1); la directora Nacional de Cinematograf\u00eda, <strong>Guillermina Villalba<\/strong> (Paraguay); el director de Audiovisual, Fonograf\u00eda y Nuevos Medios del Ministerio de Cultura, <strong>Pierre Emile Vandoorne<\/strong> (Per\u00fa); la vicepresidente del Instituto do Cinema e do Audiovisual, <strong>Maria Mineiro<\/strong> (Portugal); el director del Programa de Desarrollo de la Industria Cinematogr\u00e1fica, <strong>Pedro Piquer<\/strong> (Puerto Rico); la directora General de Cine, <strong>Yvette Marichal <\/strong>(Rep\u00fablica Dominicana); el director de la Direcci\u00f3n del Cine y Audiovisual Nacional &#8211; ICAU, <strong>Roberto Blatt<\/strong> (Uruguay); y el representante del Centro Nacional Aut\u00f3nomo de Cinematograf\u00eda &#8211; CNAC, <strong>Alfredo Caldera<\/strong> (Venezuela)<\/p>","protected":false},"excerpt":{"rendered":"<p>Espa\u00f1a, Portugal e Italia junto a las autoridades audiovisuales de pa\u00edses latinoamericanos, reconocieron a Fernando Pino Solanas quien muri\u00f3 en <a class=\"more-link\" href=\"https:\/\/tvmasmagazine.com\/es\/2020\/11\/16\/caaci-e-ibermedia-y-la-participacion-del-incaa-de-argentina\/\">&#8230;<\/a><\/p>\n","protected":false},"author":1,"featured_media":0,"comment_status":"closed","ping_status":"closed","sticky":false,"template":"","format":"standard","meta":{"footnotes":""},"categories":[15,244],"tags":[],"class_list":["post-48611","post","type-post","status-publish","format-standard","hentry","category-cine","category-eventos"],"_links":{"self":[{"href":"https:\/\/tvmasmagazine.com\/es\/wp-json\/wp\/v2\/posts\/48611","targetHints":{"allow":["GET"]}}],"collection":[{"href":"https:\/\/tvmasmagazine.com\/es\/wp-json\/wp\/v2\/posts"}],"about":[{"href":"https:\/\/tvmasmagazine.com\/es\/wp-json\/wp\/v2\/types\/post"}],"author":[{"embeddable":true,"href":"https:\/\/tvmasmagazine.com\/es\/wp-json\/wp\/v2\/users\/1"}],"replies":[{"embeddable":true,"href":"https:\/\/tvmasmagazine.com\/es\/wp-json\/wp\/v2\/comments?post=48611"}],"version-history":[{"count":1,"href":"https:\/\/tvmasmagazine.com\/es\/wp-json\/wp\/v2\/posts\/48611\/revisions"}],"predecessor-version":[{"id":48614,"href":"https:\/\/tvmasmagazine.com\/es\/wp-json\/wp\/v2\/posts\/48611\/revisions\/48614"}],"wp:attachment":[{"href":"https:\/\/tvmasmagazine.com\/es\/wp-json\/wp\/v2\/media?parent=48611"}],"wp:term":[{"taxonomy":"category","embeddable":true,"href":"https:\/\/tvmasmagazine.com\/es\/wp-json\/wp\/v2\/categories?post=48611"},{"taxonomy":"post_tag","embeddable":true,"href":"https:\/\/tvmasmagazine.com\/es\/wp-json\/wp\/v2\/tags?post=48611"}],"curies":[{"name":"wp","href":"https:\/\/api.w.org\/{rel}","templated":true}]}}