{"id":5344,"date":"2013-08-29T22:59:54","date_gmt":"2013-08-30T01:59:54","guid":{"rendered":"http:\/\/www.tvmasmagazine.com\/?p=5344"},"modified":"2015-03-17T19:04:58","modified_gmt":"2015-03-17T18:04:58","slug":"nueva-alianza-entre-fox-cadenatres-y-argos-tv","status":"publish","type":"post","link":"https:\/\/tvmasmagazine.com\/es\/2013\/08\/29\/nueva-alianza-entre-fox-cadenatres-y-argos-tv\/","title":{"rendered":"Nueva alianza entre FOX, CadenaTres y Argos TV"},"content":{"rendered":"<p><div id=\"attachment_5347\" style=\"width: 209px\" class=\"wp-caption alignleft\"><a href=\"http:\/\/www.tvmasmagazine.com\/wp-content\/uploads\/2013\/08\/Gonzalo-Fiure.png\"><img loading=\"lazy\" decoding=\"async\" aria-describedby=\"caption-attachment-5347\" class=\"size-medium wp-image-5347\" alt=\"Gonzalo Fiure\" src=\"http:\/\/www.tvmasmagazine.com\/wp-content\/uploads\/2013\/08\/Gonzalo-Fiure-199x300.png\" width=\"199\" height=\"300\" \/><\/a><p id=\"caption-attachment-5347\" class=\"wp-caption-text\">Gonzalo Fiure, Chief Content Officer de FOX International Channels Latin America<\/p><\/div><\/p>\n<p id=\"yui_3_7_2_1_1377819472784_10260\"><span id=\"yui_3_7_2_1_1377819472784_10262\" style=\"font-family: Tahoma; font-size: medium;\">La alianza entre ambas compa\u00f1\u00edas prev\u00e9 la producci\u00f3n y emisi\u00f3n de m\u00e1s de 800 horas de contenido original en espa\u00f1ol a trav\u00e9s del canal Mundo FOX en Los Estados Unidos como en Mundo FOX Latinoam\u00e9rica, que tiene fecha de lanzamiento en Noviembre pr\u00f3ximo.<\/span><\/p>\n<p id=\"yui_3_7_2_1_1377819472784_10277\"><span id=\"yui_3_7_2_1_1377819472784_10292\" style=\"font-family: Tahoma; font-size: medium;\">Mundo Fox transmitir\u00e1 producciones originales tales como <i>Infames,<\/i> <i>El Octavo Mandamiento<\/i> y <i>Fortuna<\/i>; as\u00ed como <i>Dos Lunas<\/i>, la nueva serie protagonizada por la mexicana B\u00e1rbara Mori y el argentino Leonardo Sbaraglia, m\u00e1s tres nuevas producciones a realizarse pr\u00f3ximamente entre otros contenidos.<\/span><\/p>\n<p id=\"yui_3_7_2_1_1377819472784_10282\"><span id=\"yui_3_7_2_1_1377819472784_10281\" style=\"font-family: Tahoma; font-size: medium;\">\u201cHaber conformado esta alianza con compa\u00f1\u00edas de la relevancia de Argos y CadenaTres que son sin\u00f3nimo de contenido mexicano de calidad y que est\u00e1 en perfecta sinton\u00eda con la oferta de producciones que FOX International Channels presenta en Am\u00e9rica Latina, es algo que nos entusiasma much\u00edsimo. Nos enorgullece como medio potenciar a\u00fan m\u00e1s que producciones originales 100% mexicanas lleguen a toda la regi\u00f3n y al mercado norteamericano a trav\u00e9s de nuestro portafolio de canales\u201d, coment\u00f3 Gonzalo Fiure, Chief Content Officer de FOX International Channels Latin America. <\/span><\/p>\n<div id=\"attachment_5346\" style=\"width: 209px\" class=\"wp-caption alignleft\"><a href=\"http:\/\/www.tvmasmagazine.com\/wp-content\/uploads\/2013\/08\/epigmenio-ibarratex.png\"><img loading=\"lazy\" decoding=\"async\" aria-describedby=\"caption-attachment-5346\" class=\"size-medium wp-image-5346\" alt=\"Epigmenio Ibarra\" src=\"http:\/\/www.tvmasmagazine.com\/wp-content\/uploads\/2013\/08\/epigmenio-ibarratex-199x300.png\" width=\"199\" height=\"300\" \/><\/a><p id=\"caption-attachment-5346\" class=\"wp-caption-text\">Epigmenio Ibarra, director general de Argos Comunicaci\u00f3n<\/p><\/div>\n<p id=\"yui_3_7_2_1_1377819472784_10287\"><span id=\"yui_3_7_2_1_1377819472784_10286\" style=\"font-family: Tahoma; font-size: medium;\">Por su parte, Epigmenio Ibarra, director general de Argos Comunicaci\u00f3n, destac\u00f3 \u201cEl establecimiento de esta alianza entre FOX International Channels, CadenaTres y Argos representa para nosotros la posibilidad real de consolidar y hacer crecer una l\u00ednea de producci\u00f3n de contenido que se distingue por su alta calidad, su respeto a la audiencia y el compromiso de romper los paradigmas del melodrama tradicional\u201d, finaliz\u00f3 Ibarra.<\/span><\/p>\n<p><\/p>","protected":false},"excerpt":{"rendered":"<p>La alianza entre ambas compa\u00f1\u00edas prev\u00e9 la producci\u00f3n y emisi\u00f3n de m\u00e1s de 800 horas de contenido original en espa\u00f1ol <a class=\"more-link\" href=\"https:\/\/tvmasmagazine.com\/es\/2013\/08\/29\/nueva-alianza-entre-fox-cadenatres-y-argos-tv\/\">&#8230;<\/a><\/p>\n","protected":false},"author":1,"featured_media":5345,"comment_status":"closed","ping_status":"closed","sticky":false,"template":"","format":"standard","meta":{"footnotes":""},"categories":[73,13],"tags":[],"class_list":["post-5344","post","type-post","status-publish","format-standard","has-post-thumbnail","hentry","category-telenovelas-series","category-ultimas-noticias"],"_links":{"self":[{"href":"https:\/\/tvmasmagazine.com\/es\/wp-json\/wp\/v2\/posts\/5344","targetHints":{"allow":["GET"]}}],"collection":[{"href":"https:\/\/tvmasmagazine.com\/es\/wp-json\/wp\/v2\/posts"}],"about":[{"href":"https:\/\/tvmasmagazine.com\/es\/wp-json\/wp\/v2\/types\/post"}],"author":[{"embeddable":true,"href":"https:\/\/tvmasmagazine.com\/es\/wp-json\/wp\/v2\/users\/1"}],"replies":[{"embeddable":true,"href":"https:\/\/tvmasmagazine.com\/es\/wp-json\/wp\/v2\/comments?post=5344"}],"version-history":[{"count":7,"href":"https:\/\/tvmasmagazine.com\/es\/wp-json\/wp\/v2\/posts\/5344\/revisions"}],"predecessor-version":[{"id":5356,"href":"https:\/\/tvmasmagazine.com\/es\/wp-json\/wp\/v2\/posts\/5344\/revisions\/5356"}],"wp:featuredmedia":[{"embeddable":true,"href":"https:\/\/tvmasmagazine.com\/es\/wp-json\/wp\/v2\/media\/5345"}],"wp:attachment":[{"href":"https:\/\/tvmasmagazine.com\/es\/wp-json\/wp\/v2\/media?parent=5344"}],"wp:term":[{"taxonomy":"category","embeddable":true,"href":"https:\/\/tvmasmagazine.com\/es\/wp-json\/wp\/v2\/categories?post=5344"},{"taxonomy":"post_tag","embeddable":true,"href":"https:\/\/tvmasmagazine.com\/es\/wp-json\/wp\/v2\/tags?post=5344"}],"curies":[{"name":"wp","href":"https:\/\/api.w.org\/{rel}","templated":true}]}}