{"id":5389,"date":"2013-09-03T04:55:34","date_gmt":"2013-09-03T07:55:34","guid":{"rendered":"http:\/\/www.tvmasmagazine.com\/?p=5389"},"modified":"2015-03-17T19:04:58","modified_gmt":"2015-03-17T18:04:58","slug":"globo-celebra-acuerdo-con-compania-aerea-de-angola","status":"publish","type":"post","link":"https:\/\/tvmasmagazine.com\/es\/2013\/09\/03\/globo-celebra-acuerdo-con-compania-aerea-de-angola\/","title":{"rendered":"Globo celebra acuerdo con  compa\u00f1\u00eda a\u00e9rea de Angola"},"content":{"rendered":"<p><div id=\"attachment_5390\" style=\"width: 310px\" class=\"wp-caption alignleft\"><a href=\"http:\/\/www.tvmasmagazine.com\/wp-content\/uploads\/2013\/09\/Revista_\u00c1frica_text.png\"><img loading=\"lazy\" decoding=\"async\" aria-describedby=\"caption-attachment-5390\" class=\"size-medium wp-image-5390\" alt=\"Revista \u00c1frica\" src=\"http:\/\/www.tvmasmagazine.com\/wp-content\/uploads\/2013\/09\/Revista_\u00c1frica_text-300x200.png\" width=\"300\" height=\"200\" srcset=\"https:\/\/tvmasmagazine.com\/wp-content\/uploads\/2013\/09\/Revista_\u00c1frica_text-300x200.png 300w, https:\/\/tvmasmagazine.com\/wp-content\/uploads\/2013\/09\/Revista_\u00c1frica_text.png 600w\" sizes=\"auto, (max-width: 300px) 100vw, 300px\" \/><\/a><p id=\"caption-attachment-5390\" class=\"wp-caption-text\">Revista \u00c1frica<\/p><\/div><\/p>\n<p id=\"yui_3_7_2_1_1378193925054_1929\">A partir del 1\u00ba de noviembre el programa <i>Revista \u00c1frica<\/i>, realizado exclusivamente para los suscriptores del canal <i>Globo<\/i> en \u00c1frica, podr\u00e1 ser visto tambi\u00e9n por los pasajeros de TAAG \u2013 L\u00edneas a\u00e9reas de Angola. La compa\u00f1\u00eda a\u00e9rea de Angola licenci\u00f3 episodios del programa que ser\u00e1 exhibido en los vuelos de Luanda a S\u00e3o Paulo, Rio de Janeiro, Lisboa, La Habana, Dub\u00e1i, Cabo Verde, Sud\u00e1frica y tambi\u00e9n en los vuelos internos en Angola.<\/p>\n<p><i>Revista \u00c1frica<\/i> es un programa semanal producido a partir de Luanda con exclusividad para el canal internacional de <i>Globo<\/i>, que presenta lo mejor de la cultura, deporte, moda, gastronom\u00eda y otras particularidades del continente africano. El programa va dirigido a la comunidad angolana y brasile\u00f1a que vive en \u00c1frica y busca acercar ambas culturas.<\/p>","protected":false},"excerpt":{"rendered":"<p>A partir del 1\u00ba de noviembre el programa Revista \u00c1frica, realizado exclusivamente para los suscriptores del canal Globo en \u00c1frica, <a class=\"more-link\" href=\"https:\/\/tvmasmagazine.com\/es\/2013\/09\/03\/globo-celebra-acuerdo-con-compania-aerea-de-angola\/\">&#8230;<\/a><\/p>\n","protected":false},"author":1,"featured_media":5391,"comment_status":"closed","ping_status":"closed","sticky":false,"template":"","format":"standard","meta":{"footnotes":""},"categories":[73,13],"tags":[],"class_list":["post-5389","post","type-post","status-publish","format-standard","has-post-thumbnail","hentry","category-telenovelas-series","category-ultimas-noticias"],"_links":{"self":[{"href":"https:\/\/tvmasmagazine.com\/es\/wp-json\/wp\/v2\/posts\/5389","targetHints":{"allow":["GET"]}}],"collection":[{"href":"https:\/\/tvmasmagazine.com\/es\/wp-json\/wp\/v2\/posts"}],"about":[{"href":"https:\/\/tvmasmagazine.com\/es\/wp-json\/wp\/v2\/types\/post"}],"author":[{"embeddable":true,"href":"https:\/\/tvmasmagazine.com\/es\/wp-json\/wp\/v2\/users\/1"}],"replies":[{"embeddable":true,"href":"https:\/\/tvmasmagazine.com\/es\/wp-json\/wp\/v2\/comments?post=5389"}],"version-history":[{"count":2,"href":"https:\/\/tvmasmagazine.com\/es\/wp-json\/wp\/v2\/posts\/5389\/revisions"}],"predecessor-version":[{"id":9040,"href":"https:\/\/tvmasmagazine.com\/es\/wp-json\/wp\/v2\/posts\/5389\/revisions\/9040"}],"wp:featuredmedia":[{"embeddable":true,"href":"https:\/\/tvmasmagazine.com\/es\/wp-json\/wp\/v2\/media\/5391"}],"wp:attachment":[{"href":"https:\/\/tvmasmagazine.com\/es\/wp-json\/wp\/v2\/media?parent=5389"}],"wp:term":[{"taxonomy":"category","embeddable":true,"href":"https:\/\/tvmasmagazine.com\/es\/wp-json\/wp\/v2\/categories?post=5389"},{"taxonomy":"post_tag","embeddable":true,"href":"https:\/\/tvmasmagazine.com\/es\/wp-json\/wp\/v2\/tags?post=5389"}],"curies":[{"name":"wp","href":"https:\/\/api.w.org\/{rel}","templated":true}]}}