{"id":5411,"date":"2013-09-03T06:03:40","date_gmt":"2013-09-03T09:03:40","guid":{"rendered":"http:\/\/www.tvmasmagazine.com\/?p=5411"},"modified":"2015-03-17T19:04:58","modified_gmt":"2015-03-17T18:04:58","slug":"argentina-doat-realiza-capacitacion-en-direccion-audiovisual-2","status":"publish","type":"post","link":"https:\/\/tvmasmagazine.com\/es\/2013\/09\/03\/argentina-doat-realiza-capacitacion-en-direccion-audiovisual-2\/","title":{"rendered":"Argentina: DOAT realiza capacitaci\u00f3n en direcci\u00f3n audiovisual"},"content":{"rendered":"<p><div id=\"attachment_5549\" style=\"width: 310px\" class=\"wp-caption alignleft\"><a href=\"http:\/\/www.tvmasmagazine.com\/wp-content\/uploads\/2013\/09\/directores.png\"><img loading=\"lazy\" decoding=\"async\" aria-describedby=\"caption-attachment-5549\" class=\"size-medium wp-image-5549\" alt=\"Directores\" src=\"http:\/\/www.tvmasmagazine.com\/wp-content\/uploads\/2013\/09\/directores-300x257.png\" width=\"300\" height=\"257\" \/><\/a><p id=\"caption-attachment-5549\" class=\"wp-caption-text\">Reconocidos directores con experiencia&#8230;.<\/p><\/div><\/p>\n<p id=\"yui_3_7_2_1_1378194391620_4644\"><span id=\"yui_3_7_2_1_1378194391620_4643\" style=\"font-family: Tahoma; font-size: medium;\">La asociaci\u00f3n Directores de Obras Audiovisuales para Televisi\u00f3n (DOAT) lanza un ciclo de capacitaciones sobre las distintas facetas de la realizaci\u00f3n de ficciones, a partir de septiembre en la Ciudad de Buenos Aires. Reconocidos directores con experiencia y producciones televisivas emitidas en el primetime de la televisi\u00f3n argentina, estar\u00e1n a cargo de diferentes cursos, seminarios y talleres dirigidos a estudiantes y profesionales del medio audiovisual.<\/span><\/p>\n<p id=\"yui_3_7_2_1_1378194391620_4633\"><span id=\"yui_3_7_2_1_1378194391620_4632\" style=\"font-family: Tahoma; font-size: medium;\">Jorge Montero (Herederos de una venganza, Los Rold\u00e1n, Patito Feo) dar\u00e1 el curso sobre \u00abDirecci\u00f3n de TV y operaci\u00f3n de switcher\u00bb. V\u00edctor Stella (Los \u00fanicos, Son amores, producciones en Latam y RAI) y la actriz Coni Vera (Universal GC Group) conducir\u00e1n \u00abActuaci\u00f3n ante C\u00e1mara\/Casting para Cine, TV y Comerciales\u00bb.<\/span><\/p>\n<p id=\"yui_3_7_2_1_1378194391620_4843\"><span id=\"yui_3_7_2_1_1378194391620_4842\" style=\"font-family: Tahoma; font-size: medium;\">Por su parte, Mat\u00edas Bertilotti (Contra las cuerdas, Amas de casa desesperadas \u2013Univisi\u00f3n- y Las huellas del Secretario) estar\u00e1 a cargo del curso sobre Desarrollo de Proyectos audiovisuales; y Rodolfo Hermida (INCAA, FLACSO, UBA, BAC, RAI, El Monitor Argentino) capacitar\u00e1 sobre Nuevas Tecnolog\u00edas y lenguajes audiovisuales.<\/span><\/p>\n<p id=\"yui_3_7_2_1_1378194391620_4641\"><span id=\"yui_3_7_2_1_1378194391620_4640\" style=\"font-family: Tahoma; font-size: medium;\">El objetivo de los cursos es capacitar a los estudiantes y profesionales interesados en desempe\u00f1arse en nuestra industria audiovisual, brind\u00e1ndoles herramientas, t\u00e9cnicas y conceptos que contribuyan a la calidad y el profesionalismo de los productos audiovisuales.<\/span><\/p>\n<p id=\"yui_3_7_2_1_1378194391620_4861\"><span id=\"yui_3_7_2_1_1378194391620_4860\" style=\"font-family: Tahoma; font-size: medium;\">Los cursos se dictar\u00e1n en el Centro de Experimentaci\u00f3n Audiovisual del FECIC (Moreno 431, CABA). Para informes e inscripci\u00f3n, el tel\u00e9fono es 5199-3020, y el e-mail fundaci\u00f3n@fecic.org.ar.<\/span><\/p>\n<p><\/p>","protected":false},"excerpt":{"rendered":"<p>La asociaci\u00f3n Directores de Obras Audiovisuales para Televisi\u00f3n (DOAT) lanza un ciclo de capacitaciones sobre las distintas facetas de la <a class=\"more-link\" href=\"https:\/\/tvmasmagazine.com\/es\/2013\/09\/03\/argentina-doat-realiza-capacitacion-en-direccion-audiovisual-2\/\">&#8230;<\/a><\/p>\n","protected":false},"author":1,"featured_media":5548,"comment_status":"closed","ping_status":"closed","sticky":false,"template":"","format":"standard","meta":{"footnotes":""},"categories":[73,13],"tags":[],"class_list":["post-5411","post","type-post","status-publish","format-standard","has-post-thumbnail","hentry","category-telenovelas-series","category-ultimas-noticias"],"_links":{"self":[{"href":"https:\/\/tvmasmagazine.com\/es\/wp-json\/wp\/v2\/posts\/5411","targetHints":{"allow":["GET"]}}],"collection":[{"href":"https:\/\/tvmasmagazine.com\/es\/wp-json\/wp\/v2\/posts"}],"about":[{"href":"https:\/\/tvmasmagazine.com\/es\/wp-json\/wp\/v2\/types\/post"}],"author":[{"embeddable":true,"href":"https:\/\/tvmasmagazine.com\/es\/wp-json\/wp\/v2\/users\/1"}],"replies":[{"embeddable":true,"href":"https:\/\/tvmasmagazine.com\/es\/wp-json\/wp\/v2\/comments?post=5411"}],"version-history":[{"count":6,"href":"https:\/\/tvmasmagazine.com\/es\/wp-json\/wp\/v2\/posts\/5411\/revisions"}],"predecessor-version":[{"id":9039,"href":"https:\/\/tvmasmagazine.com\/es\/wp-json\/wp\/v2\/posts\/5411\/revisions\/9039"}],"wp:featuredmedia":[{"embeddable":true,"href":"https:\/\/tvmasmagazine.com\/es\/wp-json\/wp\/v2\/media\/5548"}],"wp:attachment":[{"href":"https:\/\/tvmasmagazine.com\/es\/wp-json\/wp\/v2\/media?parent=5411"}],"wp:term":[{"taxonomy":"category","embeddable":true,"href":"https:\/\/tvmasmagazine.com\/es\/wp-json\/wp\/v2\/categories?post=5411"},{"taxonomy":"post_tag","embeddable":true,"href":"https:\/\/tvmasmagazine.com\/es\/wp-json\/wp\/v2\/tags?post=5411"}],"curies":[{"name":"wp","href":"https:\/\/api.w.org\/{rel}","templated":true}]}}