{"id":5437,"date":"2013-09-04T02:04:35","date_gmt":"2013-09-04T05:04:35","guid":{"rendered":"http:\/\/www.tvmasmagazine.com\/?p=5437"},"modified":"2015-03-17T19:04:58","modified_gmt":"2015-03-17T18:04:58","slug":"septiembre-sera-un-gran-mes-en-materia-de-estrenos-para-endemol-latinoamerica","status":"publish","type":"post","link":"https:\/\/tvmasmagazine.com\/es\/2013\/09\/04\/septiembre-sera-un-gran-mes-en-materia-de-estrenos-para-endemol-latinoamerica\/","title":{"rendered":"Septiembre ser\u00e1 un gran mes en materia de estrenos para Endemol Latinoam\u00e9rica"},"content":{"rendered":"<p><div id=\"attachment_5439\" style=\"width: 310px\" class=\"wp-caption alignleft\"><a href=\"http:\/\/www.tvmasmagazine.com\/wp-content\/uploads\/2013\/09\/Tu-Cara-Me-Suena.jpg\"><img loading=\"lazy\" decoding=\"async\" aria-describedby=\"caption-attachment-5439\" class=\"size-medium wp-image-5439\" alt=\"Tu Cara Me Suena\" src=\"http:\/\/www.tvmasmagazine.com\/wp-content\/uploads\/2013\/09\/Tu-Cara-Me-Suena-300x199.jpg\" width=\"300\" height=\"199\" srcset=\"https:\/\/tvmasmagazine.com\/wp-content\/uploads\/2013\/09\/Tu-Cara-Me-Suena-300x199.jpg 300w, https:\/\/tvmasmagazine.com\/wp-content\/uploads\/2013\/09\/Tu-Cara-Me-Suena.jpg 560w\" sizes=\"auto, (max-width: 300px) 100vw, 300px\" \/><\/a><p id=\"caption-attachment-5439\" class=\"wp-caption-text\">Tu Cara Me Suena<\/p><\/div><\/p>\n<p>El primero\u00a0 de mes, se lanzar\u00e1 en prime time \u201cNumber One\u201d por TCS en El Salvador, territorio que apuesta por segunda vez a un formato de la productora holandesa.<\/p>\n<p>Durante la segunda semana se podr\u00e1 ver en la pantalla de Ecuador el primer episodio de la versi\u00f3n local de \u201cMy Name Is\u201d formato que actualmente tambi\u00e9n se encuentra al aire en Per\u00fa, Bolivia y que tuvo excelentes repercusiones en sus ediciones colombianas y chilenas.<\/p>\n<p>Por otro lado, \u201cTu Cara Me Suena\u201d desembarcar\u00e1 en Panam\u00e1 el 11 de Septiembre y contar\u00e1 con su versi\u00f3n Argentina a mediados de\u00a0 mes.<\/p>\n<p>Costa Rica vuelve a asociarse con Endemol estrenando el 17 de Septiembre su segunda temporada de \u201cDeal or No Deal\u201d, buscando as\u00ed repetir los excelentes resultados de su primer entrega.<\/p>\n<p>En los pr\u00f3ximos meses podremos ver una segunda edici\u00f3n de \u201cExtreme Make Over Latin America\u201d por la pantalla de Infinito, con su exhibici\u00f3n en la televisi\u00f3n abierta argentina sumado a una versi\u00f3n de \u201cCuesti\u00f3n de Peso\u201d en Brasil, la cual se agrega a las adaptaciones realizadas en Rep\u00fablica Dominicana, Chile y Paraguay, actualmente al aire y nuevas versiones en Colombia de \u201cMy Name Is\u201d y \u201cTu Cara Me Suena\u201d. Finalmente Ecuador sorprender\u00e1 a su audiencia con sus adaptaciones de \u201cEl Ultimo Pasajero\u201d y \u201cEl Guardaespaldas\u201d.<\/p>\n<p>A esta ola de lanzamientos se le suman los programas que ya est\u00e1n haciendo furor al aire, tales como \u201cA Todo o Nada\u201d en sus versiones chilenas y paraguayas, \u201cDeal or No Deal\u201d en El Salvador y \u201cMoney Drop\u201d en Uruguay y Argentina.<\/p>","protected":false},"excerpt":{"rendered":"<p>El primero\u00a0 de mes, se lanzar\u00e1 en prime time \u201cNumber One\u201d por TCS en El Salvador, territorio que apuesta por <a class=\"more-link\" href=\"https:\/\/tvmasmagazine.com\/es\/2013\/09\/04\/septiembre-sera-un-gran-mes-en-materia-de-estrenos-para-endemol-latinoamerica\/\">&#8230;<\/a><\/p>\n","protected":false},"author":1,"featured_media":5438,"comment_status":"closed","ping_status":"closed","sticky":false,"template":"","format":"standard","meta":{"footnotes":""},"categories":[73,13],"tags":[],"class_list":["post-5437","post","type-post","status-publish","format-standard","has-post-thumbnail","hentry","category-telenovelas-series","category-ultimas-noticias"],"_links":{"self":[{"href":"https:\/\/tvmasmagazine.com\/es\/wp-json\/wp\/v2\/posts\/5437","targetHints":{"allow":["GET"]}}],"collection":[{"href":"https:\/\/tvmasmagazine.com\/es\/wp-json\/wp\/v2\/posts"}],"about":[{"href":"https:\/\/tvmasmagazine.com\/es\/wp-json\/wp\/v2\/types\/post"}],"author":[{"embeddable":true,"href":"https:\/\/tvmasmagazine.com\/es\/wp-json\/wp\/v2\/users\/1"}],"replies":[{"embeddable":true,"href":"https:\/\/tvmasmagazine.com\/es\/wp-json\/wp\/v2\/comments?post=5437"}],"version-history":[{"count":1,"href":"https:\/\/tvmasmagazine.com\/es\/wp-json\/wp\/v2\/posts\/5437\/revisions"}],"predecessor-version":[{"id":5440,"href":"https:\/\/tvmasmagazine.com\/es\/wp-json\/wp\/v2\/posts\/5437\/revisions\/5440"}],"wp:featuredmedia":[{"embeddable":true,"href":"https:\/\/tvmasmagazine.com\/es\/wp-json\/wp\/v2\/media\/5438"}],"wp:attachment":[{"href":"https:\/\/tvmasmagazine.com\/es\/wp-json\/wp\/v2\/media?parent=5437"}],"wp:term":[{"taxonomy":"category","embeddable":true,"href":"https:\/\/tvmasmagazine.com\/es\/wp-json\/wp\/v2\/categories?post=5437"},{"taxonomy":"post_tag","embeddable":true,"href":"https:\/\/tvmasmagazine.com\/es\/wp-json\/wp\/v2\/tags?post=5437"}],"curies":[{"name":"wp","href":"https:\/\/api.w.org\/{rel}","templated":true}]}}