{"id":55842,"date":"2021-09-03T05:46:05","date_gmt":"2021-09-03T12:46:05","guid":{"rendered":"https:\/\/www.tvmasmagazine.com\/?p=55842"},"modified":"2021-09-03T05:46:05","modified_gmt":"2021-09-03T12:46:05","slug":"by-ana-milan-una-historia-vibrante-en-atreseries-internacional","status":"publish","type":"post","link":"https:\/\/tvmasmagazine.com\/es\/2021\/09\/03\/by-ana-milan-una-historia-vibrante-en-atreseries-internacional\/","title":{"rendered":"\u201cBy Ana Milan\u201d  una historia vibrante en Atreseries Internacional"},"content":{"rendered":"<p>SERIES \/ TV DE PAGO<\/p>\n<div id=\"attachment_55844\" style=\"width: 1010px\" class=\"wp-caption aligncenter\"><img loading=\"lazy\" decoding=\"async\" aria-describedby=\"caption-attachment-55844\" class=\"size-full wp-image-55844\" src=\"https:\/\/www.tvmasmagazine.com\/wp-content\/uploads\/2021\/09\/ANA-MILAN-ATRESERIES.jpg\" alt=\"ANA MILAN - ATRESERIES\" width=\"1000\" height=\"567\" srcset=\"https:\/\/tvmasmagazine.com\/wp-content\/uploads\/2021\/09\/ANA-MILAN-ATRESERIES.jpg 1000w, https:\/\/tvmasmagazine.com\/wp-content\/uploads\/2021\/09\/ANA-MILAN-ATRESERIES-350x198.jpg 350w, https:\/\/tvmasmagazine.com\/wp-content\/uploads\/2021\/09\/ANA-MILAN-ATRESERIES-150x85.jpg 150w, https:\/\/tvmasmagazine.com\/wp-content\/uploads\/2021\/09\/ANA-MILAN-ATRESERIES-768x435.jpg 768w\" sizes=\"auto, (max-width: 1000px) 100vw, 1000px\" \/><p id=\"caption-attachment-55844\" class=\"wp-caption-text\">ANA MILAN &#8211; ATRESERIES<\/p><\/div>\n<p><span style=\"color: #333399;\"><strong>Tab\u00fas, amistad, \u00e9xitos y fracasos: Los protagonistas de &#8216;By Ana Mil\u00e1n&#8217; te dan las claves de su \u00e9xito.<\/strong><\/span><\/p>\n<p><span style=\"color: #333399;\"><strong>La serie llega el 5 de septiembre a Atreseries Internacional. Ana Mil\u00e1n nos presenta una serie llena de realidad y con puntos de ficci\u00f3n que nos har\u00e1 re\u00edr y llorar cada domingo.<\/strong><\/span><\/p>\n<p><span style=\"color: #333399;\"><strong>Creada y protagonizada por ella misma y dirigida por R\u00f3mulo Aguillaume, as\u00ed es \u00abBy Ana Mil\u00e1n\u00bb. actriz de la que el p\u00fablico\u00a0 ha disfrutado en series como \u00abF\u00edsica o qu\u00edmica\u00bb o \u00abEl tiempo entre costuras\u00bb<\/strong><\/span><\/p>\n<p>\u00abBy Ana Mil\u00e1n\u00bb es un proyecto personal que nace del \u00e9xito de los directos que Ana Mil\u00e1n realiz\u00f3 durante los primeros meses de pandemia y con los que ha encandilado a sus seguidores por su frescura y naturalidad a la hora de hablar de todo tipo de temas.<\/p>\n<p>En esta serie hay an\u00e9cdotas y vivencias reales, adem\u00e1s de hechos ficticios y un elenco brillante que rodea a esta actriz de la que ya hemos disfrutado en series como \u00abF\u00edsica o qu\u00edmica\u00bb o \u00abEl tiempo entre costuras\u00bb en Atreseries Internacional.<\/p>\n<p>El primer episodio, \u00abCuando me mataron\u00bb, cuenta como el \u00e9xito ha llamado a la puerta de las redes sociales de Ana m\u00e1s fuerte que nunca con las cifras alcanzadas en su perfil de Instagram. Enamorada de su prometido, Mario, tiene que enfrentarse a una ruptura forzosa cuando \u00e9l desaparece.<\/p>\n<p>La pel\u00edcula que le hab\u00edan prometido tampoco existe y no hay boda, as\u00ed que se pondr\u00e1 su vestido y asumir\u00e1 lo que le est\u00e1 pasando con un vino y la dignidad por bandera. As\u00ed comienza esta serie en la que veremos la evoluci\u00f3n de la actriz y su personaje.<\/p>","protected":false},"excerpt":{"rendered":"<p>SERIES \/ TV DE PAGO Tab\u00fas, amistad, \u00e9xitos y fracasos: Los protagonistas de &#8216;By Ana Mil\u00e1n&#8217; te dan las claves <a class=\"more-link\" href=\"https:\/\/tvmasmagazine.com\/es\/2021\/09\/03\/by-ana-milan-una-historia-vibrante-en-atreseries-internacional\/\">&#8230;<\/a><\/p>\n","protected":false},"author":1,"featured_media":0,"comment_status":"closed","ping_status":"closed","sticky":false,"template":"","format":"standard","meta":{"footnotes":""},"categories":[40,80,256,79,47],"tags":[],"class_list":["post-55842","post","type-post","status-publish","format-standard","hentry","category-estrenos-old","category-ott","category-series","category-tv-abierta","category-tv-de-pagp"],"_links":{"self":[{"href":"https:\/\/tvmasmagazine.com\/es\/wp-json\/wp\/v2\/posts\/55842","targetHints":{"allow":["GET"]}}],"collection":[{"href":"https:\/\/tvmasmagazine.com\/es\/wp-json\/wp\/v2\/posts"}],"about":[{"href":"https:\/\/tvmasmagazine.com\/es\/wp-json\/wp\/v2\/types\/post"}],"author":[{"embeddable":true,"href":"https:\/\/tvmasmagazine.com\/es\/wp-json\/wp\/v2\/users\/1"}],"replies":[{"embeddable":true,"href":"https:\/\/tvmasmagazine.com\/es\/wp-json\/wp\/v2\/comments?post=55842"}],"version-history":[{"count":3,"href":"https:\/\/tvmasmagazine.com\/es\/wp-json\/wp\/v2\/posts\/55842\/revisions"}],"predecessor-version":[{"id":55846,"href":"https:\/\/tvmasmagazine.com\/es\/wp-json\/wp\/v2\/posts\/55842\/revisions\/55846"}],"wp:attachment":[{"href":"https:\/\/tvmasmagazine.com\/es\/wp-json\/wp\/v2\/media?parent=55842"}],"wp:term":[{"taxonomy":"category","embeddable":true,"href":"https:\/\/tvmasmagazine.com\/es\/wp-json\/wp\/v2\/categories?post=55842"},{"taxonomy":"post_tag","embeddable":true,"href":"https:\/\/tvmasmagazine.com\/es\/wp-json\/wp\/v2\/tags?post=55842"}],"curies":[{"name":"wp","href":"https:\/\/api.w.org\/{rel}","templated":true}]}}