{"id":5607,"date":"2013-09-15T00:30:10","date_gmt":"2013-09-15T03:30:10","guid":{"rendered":"http:\/\/www.tvmasmagazine.com\/?p=5607"},"modified":"2015-03-17T19:04:57","modified_gmt":"2015-03-17T18:04:57","slug":"se-esclarecen-posiciones-en-la-plantilla-de-univision","status":"publish","type":"post","link":"https:\/\/tvmasmagazine.com\/es\/2013\/09\/15\/se-esclarecen-posiciones-en-la-plantilla-de-univision\/","title":{"rendered":"SE ESCLARECEN POSICIONES EN LA PLANTILLA DE UNIVISI\u00d3N"},"content":{"rendered":"<p><div id=\"attachment_5605\" style=\"width: 296px\" class=\"wp-caption alignleft\"><a href=\"http:\/\/www.tvmasmagazine.com\/wp-content\/uploads\/2013\/09\/Alberto-Ciruana.png\"><img loading=\"lazy\" decoding=\"async\" aria-describedby=\"caption-attachment-5605\" class=\"size-medium wp-image-5605\" alt=\"Alberto-Ciruana\" src=\"http:\/\/www.tvmasmagazine.com\/wp-content\/uploads\/2013\/09\/Alberto-Ciruana-286x300.png\" width=\"286\" height=\"300\" \/><\/a><p id=\"caption-attachment-5605\" class=\"wp-caption-text\">Alberto Ciruana<\/p><\/div><\/p>\n<p>El pasado viernes 6 de septiembre, circul\u00f3 en varios medios de comunicaci\u00f3n una noticia acerca de la repentina renuncia de Alberto Ciurana a su cargo de Presidente de Programaci\u00f3n y Contenido de Univision, supuestamente debida a conflictos internos en la empresa.<\/p>\n<p>Sin embargo, ya se ha aclarado el panorama gracias a un comunicado de Univision seg\u00fan el cual quien realmente renunci\u00f3 es C\u00e9sar Conde, ex-presidente de la cadena, anunciando que va a dedicarse a oportunidades en medios de comunicaci\u00f3n en ingl\u00e9s.<\/p>\n<p>El equipo de directivos, conformado por Ciurana, quien se mantiene en su cargo; Isaac Lee, presidente de Noticias, y Juan Carlos Rodr\u00edguez, presidente de Univision Deportes, estar\u00e1n ahora bajo la supervisi\u00f3n inmediata de Randy Falco, presidente y CEO de Univision Communications, Inc. Falco expres\u00f3 que en el canal est\u00e1n \u201cagradecidos por los aportes de C\u00e9sar a Univision en la \u00faltima d\u00e9cada\u201d.<\/p>","protected":false},"excerpt":{"rendered":"<p>El pasado viernes 6 de septiembre, circul\u00f3 en varios medios de comunicaci\u00f3n una noticia acerca de la repentina renuncia de <a class=\"more-link\" href=\"https:\/\/tvmasmagazine.com\/es\/2013\/09\/15\/se-esclarecen-posiciones-en-la-plantilla-de-univision\/\">&#8230;<\/a><\/p>\n","protected":false},"author":1,"featured_media":5606,"comment_status":"closed","ping_status":"closed","sticky":false,"template":"","format":"standard","meta":{"footnotes":""},"categories":[73,13],"tags":[],"class_list":["post-5607","post","type-post","status-publish","format-standard","has-post-thumbnail","hentry","category-telenovelas-series","category-ultimas-noticias"],"_links":{"self":[{"href":"https:\/\/tvmasmagazine.com\/es\/wp-json\/wp\/v2\/posts\/5607","targetHints":{"allow":["GET"]}}],"collection":[{"href":"https:\/\/tvmasmagazine.com\/es\/wp-json\/wp\/v2\/posts"}],"about":[{"href":"https:\/\/tvmasmagazine.com\/es\/wp-json\/wp\/v2\/types\/post"}],"author":[{"embeddable":true,"href":"https:\/\/tvmasmagazine.com\/es\/wp-json\/wp\/v2\/users\/1"}],"replies":[{"embeddable":true,"href":"https:\/\/tvmasmagazine.com\/es\/wp-json\/wp\/v2\/comments?post=5607"}],"version-history":[{"count":2,"href":"https:\/\/tvmasmagazine.com\/es\/wp-json\/wp\/v2\/posts\/5607\/revisions"}],"predecessor-version":[{"id":5609,"href":"https:\/\/tvmasmagazine.com\/es\/wp-json\/wp\/v2\/posts\/5607\/revisions\/5609"}],"wp:featuredmedia":[{"embeddable":true,"href":"https:\/\/tvmasmagazine.com\/es\/wp-json\/wp\/v2\/media\/5606"}],"wp:attachment":[{"href":"https:\/\/tvmasmagazine.com\/es\/wp-json\/wp\/v2\/media?parent=5607"}],"wp:term":[{"taxonomy":"category","embeddable":true,"href":"https:\/\/tvmasmagazine.com\/es\/wp-json\/wp\/v2\/categories?post=5607"},{"taxonomy":"post_tag","embeddable":true,"href":"https:\/\/tvmasmagazine.com\/es\/wp-json\/wp\/v2\/tags?post=5607"}],"curies":[{"name":"wp","href":"https:\/\/api.w.org\/{rel}","templated":true}]}}