{"id":56810,"date":"2021-10-26T05:31:02","date_gmt":"2021-10-26T12:31:02","guid":{"rendered":"https:\/\/www.tvmasmagazine.com\/?p=56810"},"modified":"2021-10-26T05:31:02","modified_gmt":"2021-10-26T12:31:02","slug":"antena-3-internacional-estrena-hoy-el-documental-pongamos-que-hablo-de-ronaldo","status":"publish","type":"post","link":"https:\/\/tvmasmagazine.com\/es\/2021\/10\/26\/antena-3-internacional-estrena-hoy-el-documental-pongamos-que-hablo-de-ronaldo\/","title":{"rendered":"Antena 3 Internacional estrena hoy el documental \u2018Pongamos que hablo de Ronaldo\u2019"},"content":{"rendered":"<p>DOCUMENTALES \/ TELEVISION<\/p>\n<p><img loading=\"lazy\" decoding=\"async\" class=\"aligncenter size-large wp-image-56812\" src=\"https:\/\/www.tvmasmagazine.com\/wp-content\/uploads\/2021\/10\/ATRESPALAYER-PREMIUM-_RONALDO_-1024x724.jpg\" alt=\"\" width=\"754\" height=\"533\" srcset=\"https:\/\/tvmasmagazine.com\/wp-content\/uploads\/2021\/10\/ATRESPALAYER-PREMIUM-_RONALDO_-1024x724.jpg 1024w, https:\/\/tvmasmagazine.com\/wp-content\/uploads\/2021\/10\/ATRESPALAYER-PREMIUM-_RONALDO_-350x247.jpg 350w, https:\/\/tvmasmagazine.com\/wp-content\/uploads\/2021\/10\/ATRESPALAYER-PREMIUM-_RONALDO_-150x106.jpg 150w, https:\/\/tvmasmagazine.com\/wp-content\/uploads\/2021\/10\/ATRESPALAYER-PREMIUM-_RONALDO_-768x543.jpg 768w, https:\/\/tvmasmagazine.com\/wp-content\/uploads\/2021\/10\/ATRESPALAYER-PREMIUM-_RONALDO_-1536x1086.jpg 1536w, https:\/\/tvmasmagazine.com\/wp-content\/uploads\/2021\/10\/ATRESPALAYER-PREMIUM-_RONALDO_.jpg 1754w\" sizes=\"auto, (max-width: 754px) 100vw, 754px\" \/><\/p>\n<p><span style=\"color: #333399;\"><strong>Conducido por I\u00f1aki L\u00f3pez, repasa en 3 cap\u00edtulos semanales la carrera profesional y descubre el lado m\u00e1s personal del futbolista.<\/strong><\/span><\/p>\n<p><span style=\"color: #333399;\"><strong>Tras las figuras de Joaqu\u00edn Sabina, Pedro Almod\u00f3var, Mecano, Pen\u00e9lope Cruz y Julio Iglesias \u2018Pongamos que hablo de\u2026\u2019 se ha convertido en una serie documental en la que se repasa la vida de algunas de las personalidades m\u00e1s importantes<\/strong><\/span><\/p>\n<p><span style=\"color: #333399;\"><strong>Roberto Carlos, una de las personas que mejor conoce a\u00a0 Ronaldo habla en este especial\u00a0\u00a0<\/strong><\/span><\/p>\n<p>\u2018Pongamos que hablo de Ronaldo\u2019 estrena la\u00a0 primera entrega hoy. Producido por Atresmedia en colaboraci\u00f3n con Happy Ending, es un documental de tres episodios conducido por I\u00f1aki L\u00f3pez y dirigido por Alberto del Pozo\u00a0 y\u00a0 se descubre la trayectoria art\u00edstica del jugador de f\u00fatbol.<\/p>\n<p><span style=\"color: #ff0000;\"><strong>Es la historia de Ronaldo Nazario de Lima a<\/strong><\/span> trav\u00e9s de sus testigos. Pocos futbolistas en el mundo han protagonizado m\u00e1s portadas y rellenado m\u00e1s minutos de radio y televisi\u00f3n.<\/p>\n<p>\u00bfC\u00f3mo vivi\u00f3 su retirada el mejor \u20189\u2019 de la historia? \u00bfQu\u00e9 ha llevado a esta leyenda del f\u00fatbol a comprar un equipo como el Real Valladolid? \u00bfEs cierto que va a ser padre de nuevo a pesar de haberse realizado una vasectom\u00eda?<\/p>\n<p>Con el objetivo de responder a\u00a0 estas inc\u00f3gnitas, esta nueva entrega\u00a0 se centra en la vida de Ronaldo, para descubrir c\u00f3mo ha vivido su ascenso a la gloria\u00a0 y su posterior bajada a los infiernos tras las graves lesiones que ha sufrido a lo largo de su carrera, adem\u00e1s de conocer los secretos de su azarosa vida sentimental y su nueva faceta como presidente de un equipo de f\u00fatbol espa\u00f1ol.<\/p>\n<p>&nbsp;<\/p>\n<p><span style=\"color: #ff0000;\"><strong>Primer cap\u00edtulo: \u2018Dadado\u2019<\/strong><\/span><\/p>\n<p>Considerado un dios del f\u00fatbol mundial y\u00a0 m\u00e1ximo goleador de la historia de los mundiales. Su \u00e9xito internacional se consagr\u00f3 con la llegada al F\u00fatbol Club Barcelona.\u00a0 \u00bfPero c\u00f3mo pasa un ni\u00f1o brasile\u00f1o de familia humilde a convertirse en el mejor 9 de la historia?<\/p>\n<p>I\u00f1aki L\u00f3pez conversa\u00a0 en profundidad con uno de sus mejores amigos, Roberto Carlos, que desde 1992 se convirti\u00f3 en el mejor amigo, fueron\u00a0 compa\u00f1eros de habitaci\u00f3n cuando se concentraban con la selecci\u00f3n brasile\u00f1a, a mediados de la d\u00e9cada de los 90. \u201cDesde entonces nos hicimos inseparables. \u00c9l ha compartido habitaci\u00f3n m\u00e1s veces conmigo que con su mujer\u201d, nos cuenta entre bromas.<\/p>\n<p><span style=\"color: #ff0000;\"><strong>HORARIOS DE EMISI\u00d3N<\/strong><\/span><\/p>\n<p>ESTRENO \u2013 martes, 26 de octubre<\/p>\n<p>LATAM: 8:30PM M\u00e9x &#8211; Col \/ 9:30PM Ven \/ 10:30PM Arg<\/p>\n<p>US: 9:30PM ET \/ 6:30PM PT<\/p>","protected":false},"excerpt":{"rendered":"<p>DOCUMENTALES \/ TELEVISION Conducido por I\u00f1aki L\u00f3pez, repasa en 3 cap\u00edtulos semanales la carrera profesional y descubre el lado m\u00e1s <a class=\"more-link\" href=\"https:\/\/tvmasmagazine.com\/es\/2021\/10\/26\/antena-3-internacional-estrena-hoy-el-documental-pongamos-que-hablo-de-ronaldo\/\">&#8230;<\/a><\/p>\n","protected":false},"author":1,"featured_media":0,"comment_status":"closed","ping_status":"closed","sticky":false,"template":"","format":"standard","meta":{"footnotes":""},"categories":[80,79,47],"tags":[],"class_list":["post-56810","post","type-post","status-publish","format-standard","hentry","category-ott","category-tv-abierta","category-tv-de-pagp"],"_links":{"self":[{"href":"https:\/\/tvmasmagazine.com\/es\/wp-json\/wp\/v2\/posts\/56810","targetHints":{"allow":["GET"]}}],"collection":[{"href":"https:\/\/tvmasmagazine.com\/es\/wp-json\/wp\/v2\/posts"}],"about":[{"href":"https:\/\/tvmasmagazine.com\/es\/wp-json\/wp\/v2\/types\/post"}],"author":[{"embeddable":true,"href":"https:\/\/tvmasmagazine.com\/es\/wp-json\/wp\/v2\/users\/1"}],"replies":[{"embeddable":true,"href":"https:\/\/tvmasmagazine.com\/es\/wp-json\/wp\/v2\/comments?post=56810"}],"version-history":[{"count":3,"href":"https:\/\/tvmasmagazine.com\/es\/wp-json\/wp\/v2\/posts\/56810\/revisions"}],"predecessor-version":[{"id":56814,"href":"https:\/\/tvmasmagazine.com\/es\/wp-json\/wp\/v2\/posts\/56810\/revisions\/56814"}],"wp:attachment":[{"href":"https:\/\/tvmasmagazine.com\/es\/wp-json\/wp\/v2\/media?parent=56810"}],"wp:term":[{"taxonomy":"category","embeddable":true,"href":"https:\/\/tvmasmagazine.com\/es\/wp-json\/wp\/v2\/categories?post=56810"},{"taxonomy":"post_tag","embeddable":true,"href":"https:\/\/tvmasmagazine.com\/es\/wp-json\/wp\/v2\/tags?post=56810"}],"curies":[{"name":"wp","href":"https:\/\/api.w.org\/{rel}","templated":true}]}}