{"id":57015,"date":"2021-11-05T12:29:15","date_gmt":"2021-11-05T19:29:15","guid":{"rendered":"https:\/\/www.tvmasmagazine.com\/?p=57015"},"modified":"2021-11-05T12:29:15","modified_gmt":"2021-11-05T19:29:15","slug":"antena-3-internacional-estrena-hoy-la-novena-edicion-de-tu-cara-me-suena","status":"publish","type":"post","link":"https:\/\/tvmasmagazine.com\/es\/2021\/11\/05\/antena-3-internacional-estrena-hoy-la-novena-edicion-de-tu-cara-me-suena\/","title":{"rendered":"Antena 3 Internacional estrena hoy la novena edici\u00f3n de \u2018Tu cara me suena\u2019"},"content":{"rendered":"<p>ENTRETENIMIENTO \/\u00a0 TALENT SHOW<\/p>\n<p><span style=\"color: #333399;\"><strong>Tras ocho ediciones, el talent show regresa este viernes con grandes novedades, como un plat\u00f3 espectacular, y mec\u00e1nicas nuevas<\/strong><\/span><\/p>\n<p><span style=\"color: #333399;\"><strong>Manel Fuentes se vuelve a poner al frente de este formato musical, junto a Carlos Latre, Lolita, Chenoa y \u00c0ngel Ll\u00e0cer quienes vuelven a asumir la tarea de jurado<\/strong><\/span><\/p>\n<p><img loading=\"lazy\" decoding=\"async\" class=\"aligncenter size-large wp-image-57019\" src=\"https:\/\/www.tvmasmagazine.com\/wp-content\/uploads\/2021\/11\/TCMS_JURADO_logo-1024x572.jpg\" alt=\"\" width=\"754\" height=\"421\" srcset=\"https:\/\/tvmasmagazine.com\/wp-content\/uploads\/2021\/11\/TCMS_JURADO_logo-1024x572.jpg 1024w, https:\/\/tvmasmagazine.com\/wp-content\/uploads\/2021\/11\/TCMS_JURADO_logo-350x195.jpg 350w, https:\/\/tvmasmagazine.com\/wp-content\/uploads\/2021\/11\/TCMS_JURADO_logo-150x84.jpg 150w, https:\/\/tvmasmagazine.com\/wp-content\/uploads\/2021\/11\/TCMS_JURADO_logo-768x429.jpg 768w, https:\/\/tvmasmagazine.com\/wp-content\/uploads\/2021\/11\/TCMS_JURADO_logo-1536x857.jpg 1536w, https:\/\/tvmasmagazine.com\/wp-content\/uploads\/2021\/11\/TCMS_JURADO_logo-2048x1143.jpg 2048w\" sizes=\"auto, (max-width: 754px) 100vw, 754px\" \/><\/p>\n<p>Vuelve \u2018Tu cara me suena\u2019 a Antena 3 Internacional. Se trata de la novena edici\u00f3n del espect\u00e1culo de mayor \u00e9xito de Espa\u00f1a y arranca con muchas: nuevo elenco de concursantes y un renovado plat\u00f3.<\/p>\n<p>Desde que se estrenara en 2011, el espect\u00e1culo se ha convertido en todo un fen\u00f3meno que ha triunfado y viajado por todo el mundo. Adem\u00e1s, ha puesto sobre el escenario a una gran variedad de artistas, que han visto c\u00f3mo sus carreras despuntaban tras participar en el programa.<\/p>\n<p><strong>Manel Fuentes se vuelve a poner al frente de este formato musical<\/strong>, donde suceden las mejores imitaciones de grandes artistas a cargo de un grupo de valientes concursantes, que han demostrado en multitud de ocasiones sus dotes art\u00edsticas. Por supuesto, el presentador no estar\u00e1 solo con los concursantes. Carlos Latre, Lolita, Chenoa y \u00c0ngel Ll\u00e0cer vuelven a asumir la tarea de jurado y ser\u00e1n ellos quienes sometan a su escrutinio cada actuaci\u00f3n.<\/p>\n<p>Los concursantes que se subir\u00e1n a este deseado escenario son Agoney, David Fern\u00e1ndez, Eva Soriano, Loles Le\u00f3n, Lydia Bosch, Mar\u00eda Pel\u00e1e, Los Morancos, Nia y Rasel<\/p>\n<p><span style=\"color: #ff0000;\"><strong>Un espectacular nuevo plat\u00f3<\/strong><\/span><\/p>\n<p>Este a\u00f1o m\u00e1s grande y este cambio pasa por presentar un impresionante nuevo plat\u00f3, con mucho m\u00e1s especio para las incre\u00edbles actuaciones del programa, pero manteniendo el esp\u00edritu de siempre.<\/p>\n<p>Con 1.800 metros cuadrados, se ha desplazado el clonador (y escaleras) dejando m\u00e1s de un 50% m\u00e1s de espacio para las actuaciones. Con una capacidad para 500 personas de p\u00fablico, tiene m\u00e1s de 160 metros cuadrados de pantalla LED de alta definici\u00f3n y una pantalla principal que se compone de cuatro partes m\u00f3viles automatizadas y programables<\/p>\n<p>\u2018Tu cara me suena\u2019 cuenta con m\u00e1s de 500 aparatos de luz de \u00faltima generaci\u00f3n y unos ca\u00f1ones de seguimiento que utilizan sistemas remotos robotizados mediante la ayuda de c\u00e1maras externas. Un impresionante despliegue tecnol\u00f3gico para acompa\u00f1ar a un espect\u00e1culo \u00fanico en la televisi\u00f3n.<\/p>\n<p><span style=\"color: #ff0000;\"><strong>Nuevas casillas en el buscador<\/strong><\/span><\/p>\n<p><span style=\"color: #ff0000;\"><em>Te lo regalo<\/em><\/span><\/p>\n<p>Funcionar\u00e1 como el \u2018Te lo robo\u2019, pero al rev\u00e9s. Es un regalo envenenado, por supuesto. El concursante al que le toque \u2018Te lo regalo\u2019 regalar\u00e1 su personaje a qui\u00e9n quiera de sus compa\u00f1eros. Deber\u00e1 esperarse a que todos hayan pasado por el pulsador y entonces dir\u00e1 a qui\u00e9n le quiere regalar el artista. El concursante que \u00abregala\u00bb el artista deber\u00e1 volver a tirar del pulsador para ver a qui\u00e9n imita.<\/p>\n<p><span style=\"color: #ff0000;\"><em>El duelo<\/em><\/span><\/p>\n<p>Les sale el mismo personaje a dos concursantes, que har\u00e1n dos puestas en escena diferentes, y tras la votaci\u00f3n del jurado, los compa\u00f1eros decidir\u00e1n cu\u00e1l de los dos ha hecho una mejor imitaci\u00f3n. Quien gane el duelo recibe 3 puntos extras que se suman a las votaciones del jurado (una vez transformadas a puntos finales) y qui\u00e9n pierde, resta 3 puntos a la puntuaci\u00f3n del jurado.<\/p>\n<p><span style=\"color: #ff0000;\"><strong>El entretenimiento a lo grande, en Antena 3 Internacional<\/strong><\/span><\/p>\n<p>\u2018Tu cara me suena\u2019 forma parte de la familia de grandes formatos de entretenimiento de Atresmedia Televisi\u00f3n. El grupo contin\u00faa su apuesta por los t\u00edtulos que triunfan a nivel internacional y que han visto la luz en Antena 3, como \u2018\u00a1Boom!\u2019, \u2018La ruleta de la suerte\u2019, \u2018Pasapalabra\u2019, \u2018Mask Singer: adivina qui\u00e9n canta\u2019, \u2018Family Feud: la batalla de los famosos\u2019 o \u2018Veo c\u00f3mo cantas\u2019.<\/p>\n<p>Adem\u00e1s, Antena 3 emite actualmente su tercera edici\u00f3n de \u2018La Voz\u2019 y pr\u00f3ximamente llegar\u00e1n las nuevas ediciones de \u2018La Voz Kids\u2019 y \u2018La Voz Senior\u2019.<\/p>\n<p>El entretenimiento juega un papel muy importante en Antena 3 de manera diaria. \u2018El Hormiguero 3.0\u2019 se ha consolidado este a\u00f1o como el formato diario de mayor \u00e9xito de nuestra televisi\u00f3n y, tras finalizar su anterior temporada, se coronaba por s\u00e9ptimo a\u00f1o consecutivo como el programa l\u00edder de su franja.<\/p>\n<p><img loading=\"lazy\" decoding=\"async\" class=\"aligncenter size-large wp-image-57020\" src=\"https:\/\/www.tvmasmagazine.com\/wp-content\/uploads\/2021\/11\/TCMS_CONCURSANTES_logo-1024x524.jpg\" alt=\"\" width=\"754\" height=\"386\" srcset=\"https:\/\/tvmasmagazine.com\/wp-content\/uploads\/2021\/11\/TCMS_CONCURSANTES_logo-1024x524.jpg 1024w, https:\/\/tvmasmagazine.com\/wp-content\/uploads\/2021\/11\/TCMS_CONCURSANTES_logo-350x179.jpg 350w, https:\/\/tvmasmagazine.com\/wp-content\/uploads\/2021\/11\/TCMS_CONCURSANTES_logo-150x77.jpg 150w, https:\/\/tvmasmagazine.com\/wp-content\/uploads\/2021\/11\/TCMS_CONCURSANTES_logo-768x393.jpg 768w, https:\/\/tvmasmagazine.com\/wp-content\/uploads\/2021\/11\/TCMS_CONCURSANTES_logo-1536x785.jpg 1536w, https:\/\/tvmasmagazine.com\/wp-content\/uploads\/2021\/11\/TCMS_CONCURSANTES_logo-2048x1047.jpg 2048w\" sizes=\"auto, (max-width: 754px) 100vw, 754px\" \/><\/p>\n<p><span style=\"color: #ff0000;\"><strong>HORARIOS DE EMISI\u00d3N<\/strong><\/span><\/p>\n<p>ESTRENO \u2013 viernes, 5 de noviembre<\/p>\n<p>LATAM: 8:30PM M\u00e9x \/ 9:30PM Col \/ 10:30PM Ven \/ 11:30PM Arg<\/p>\n<p>US: 10:30PM ET \/ 7:30PM PT<\/p>","protected":false},"excerpt":{"rendered":"<p>ENTRETENIMIENTO \/\u00a0 TALENT SHOW Tras ocho ediciones, el talent show regresa este viernes con grandes novedades, como un plat\u00f3 espectacular, <a class=\"more-link\" href=\"https:\/\/tvmasmagazine.com\/es\/2021\/11\/05\/antena-3-internacional-estrena-hoy-la-novena-edicion-de-tu-cara-me-suena\/\">&#8230;<\/a><\/p>\n","protected":false},"author":1,"featured_media":0,"comment_status":"closed","ping_status":"closed","sticky":false,"template":"","format":"standard","meta":{"footnotes":""},"categories":[80,79,47],"tags":[],"class_list":["post-57015","post","type-post","status-publish","format-standard","hentry","category-ott","category-tv-abierta","category-tv-de-pagp"],"_links":{"self":[{"href":"https:\/\/tvmasmagazine.com\/es\/wp-json\/wp\/v2\/posts\/57015","targetHints":{"allow":["GET"]}}],"collection":[{"href":"https:\/\/tvmasmagazine.com\/es\/wp-json\/wp\/v2\/posts"}],"about":[{"href":"https:\/\/tvmasmagazine.com\/es\/wp-json\/wp\/v2\/types\/post"}],"author":[{"embeddable":true,"href":"https:\/\/tvmasmagazine.com\/es\/wp-json\/wp\/v2\/users\/1"}],"replies":[{"embeddable":true,"href":"https:\/\/tvmasmagazine.com\/es\/wp-json\/wp\/v2\/comments?post=57015"}],"version-history":[{"count":4,"href":"https:\/\/tvmasmagazine.com\/es\/wp-json\/wp\/v2\/posts\/57015\/revisions"}],"predecessor-version":[{"id":57022,"href":"https:\/\/tvmasmagazine.com\/es\/wp-json\/wp\/v2\/posts\/57015\/revisions\/57022"}],"wp:attachment":[{"href":"https:\/\/tvmasmagazine.com\/es\/wp-json\/wp\/v2\/media?parent=57015"}],"wp:term":[{"taxonomy":"category","embeddable":true,"href":"https:\/\/tvmasmagazine.com\/es\/wp-json\/wp\/v2\/categories?post=57015"},{"taxonomy":"post_tag","embeddable":true,"href":"https:\/\/tvmasmagazine.com\/es\/wp-json\/wp\/v2\/tags?post=57015"}],"curies":[{"name":"wp","href":"https:\/\/api.w.org\/{rel}","templated":true}]}}