{"id":57311,"date":"2021-11-20T05:21:41","date_gmt":"2021-11-20T13:21:41","guid":{"rendered":"https:\/\/www.tvmasmagazine.com\/?p=57311"},"modified":"2021-11-20T05:21:41","modified_gmt":"2021-11-20T13:21:41","slug":"el-36-festival-internacional-de-cine-de-mar-del-plata-ya-empezo","status":"publish","type":"post","link":"https:\/\/tvmasmagazine.com\/es\/2021\/11\/20\/el-36-festival-internacional-de-cine-de-mar-del-plata-ya-empezo\/","title":{"rendered":"EL 36\u00b0 FESTIVAL INTERNACIONAL DE CINE DE MAR DEL PLATA YA EMPEZO"},"content":{"rendered":"<p>FESTIVALES DE CINE \/ CINE<\/p>\n<p><strong><span style=\"color: #333399;\">Producido por el Instituto Nacional de Cine y Artes Audiovisuales (INCAA) y realizado con el apoyo del Ministerio de Cultura de la Naci\u00f3n.<\/span><\/strong><\/p>\n<p><strong><span style=\"color: #333399;\">La directora art\u00edstica, Cecilia Barrionuevo y el presidente del Festival, Fernando Juan Lima qui\u00e9n, dijo: \u201cVamos a ver la pel\u00edcula Madres Paralelas, la \u00faltima pel\u00edcula de Pedro Alm\u00f3dovar, gracias a la cortes\u00eda de Netflix que ha posibilitado esta proyecci\u00f3n en pantalla grande.<\/span><\/strong><\/p>\n<p><img loading=\"lazy\" decoding=\"async\" class=\"aligncenter size-full wp-image-57312\" src=\"https:\/\/www.tvmasmagazine.com\/wp-content\/uploads\/2021\/11\/16285751864517.jpeg\" alt=\"\" width=\"990\" height=\"557\" srcset=\"https:\/\/tvmasmagazine.com\/wp-content\/uploads\/2021\/11\/16285751864517.jpeg 990w, https:\/\/tvmasmagazine.com\/wp-content\/uploads\/2021\/11\/16285751864517-350x197.jpeg 350w, https:\/\/tvmasmagazine.com\/wp-content\/uploads\/2021\/11\/16285751864517-150x84.jpeg 150w, https:\/\/tvmasmagazine.com\/wp-content\/uploads\/2021\/11\/16285751864517-768x432.jpeg 768w\" sizes=\"auto, (max-width: 990px) 100vw, 990px\" \/><\/p>\n<p><strong><span style=\"color: #333399;\">El melodrama, en el que se entrecruzan la maternidad y la memoria hist\u00f3rica, est\u00e1 protagonizado por Pen\u00e9lope Cruz, Milena Smit, Aitana S\u00e1nchez Gij\u00f3n, Rossy de Palma, Israel Elejalde y Julieta Serrano.\u00a0\u00a0<\/span><\/strong><\/p>\n<p>La apertura la hizo el ministro de Cultura de la Naci\u00f3n, <strong>Trist\u00e1n Bauer; el presidente del INCAA, Luis Puenzo; el intendente de la Ciudad de Mar del Plata, Guillermo Montenegro; el ministro de Producci\u00f3n, Ciencia e Innovaci\u00f3n de la Provincia de Buenos Aires, Augusto Costa; el actor Pepe Soriano e integrantes de las familias de Pino Solanas y de Coco Blaustein.\u00a0\u00a0 <\/strong><\/p>\n<p>El intendente Guillermo Montenegro di\u00f3 la bienvenida: \u201cEs un orgullo para Mar del Plata tener un festival de categor\u00eda internacional, y es muy lindo ver las postales que se generan en este festival. Nosotros sabemos que vivimos en la ciudad m\u00e1s linda del mundo y nos gusta que vengan de otros pa\u00edses a disfrutarla\u201d.<\/p>\n<p><span style=\"color: #ff0000;\"><strong>La proyecci\u00f3n en salas del esperado largometraje del cineasta espa\u00f1ol oficiar\u00e1 de cierre de esta edici\u00f3n 36\u00b0 del festival.<\/strong><\/span> El melodrama, en el que se entrecruzan la maternidad y la memoria hist\u00f3rica, est\u00e1 protagonizado por Pen\u00e9lope Cruz, Milena Smit, Aitana S\u00e1nchez Gij\u00f3n, Rossy de Palma, Israel Elejalde y Julieta Serrano.<\/p>\n<p><span style=\"color: #ff0000;\"><strong>Cecilia Barrionuevo emocionada dijo<\/strong><\/span> \u201cEn esta edici\u00f3n n\u00famero 36 dedicada a Coco Blaustein celebramos, programamos y compartimos un cine que pertenece a su tiempo, lo hacemos en un lugar tan especial como son las salas de cine. Esta comunidad vuelve a reunirse aqu\u00ed frente a una pantalla y esa es una posibilidad que parec\u00eda impensada hace un tiempo atr\u00e1s, as\u00ed que ahora es momento de much\u00edsima alegr\u00eda. El cine crea arte, crea historias y crea afectos\u00bb.<\/p>\n<p><span style=\"color: #ff0000;\"><strong>En el Festival, tuvo lugar la entrega al\u00a0 Premio a la Trayectoria, para el actor Pepe Soriano<\/strong>,<\/span> qui\u00e9n expres\u00f3: \u201cCon 92 a\u00f1os y 74 de trabajo agradezco al mundo del cine, el teatro, el mundo del arte donde todos son amigos. La comunidad me di\u00f3 la alegr\u00eda de ser actor, de estar vivo y hoy compartir con uds la vida\u201d.<\/p>\n<p>El ministro de Producci\u00f3n, Ciencia e Innovaci\u00f3n Tecnol\u00f3gica de la provincia de Buenos Aires, Augusto Costa declar\u00f3 : \u201cEs una gran alegr\u00eda recibir en\u00a0 Mar del Plata un festival internacional y reconocido en todo el mundo. <strong>Y adem\u00e1s, volver a poner el cine donde tiene que estar, con gente en las salas<\/strong>, y que esta versi\u00f3n mixta va a permitir que mucha gente pueda disfrutar las propuestas.\u201d<\/p>\n<p>Se celebrar\u00e1 adem\u00e1s el centenario de Fernando Fern\u00e1n G\u00f3mez con la proyecci\u00f3n de \u00abManicomio\u00bb, se realizar\u00e1 un tributo al cr\u00edtico Manny Farber, y se exhibir\u00e1 una selecci\u00f3n de cortometrajes animados argentinos, recuperados por el Museo del Cine Pablo Ducr\u00f3s Hickens.<\/p>\n<p>Aqui la programaci\u00f3n e informaci\u00f3n del Festival en <a href=\"http:\/\/mardelplatafilmfest.com\">mardelplatafilmfest.com<\/a><\/p>","protected":false},"excerpt":{"rendered":"<p>FESTIVALES DE CINE \/ CINE Producido por el Instituto Nacional de Cine y Artes Audiovisuales (INCAA) y realizado con el <a class=\"more-link\" href=\"https:\/\/tvmasmagazine.com\/es\/2021\/11\/20\/el-36-festival-internacional-de-cine-de-mar-del-plata-ya-empezo\/\">&#8230;<\/a><\/p>\n","protected":false},"author":1,"featured_media":0,"comment_status":"closed","ping_status":"closed","sticky":false,"template":"","format":"standard","meta":{"footnotes":""},"categories":[15,80,79,47],"tags":[],"class_list":["post-57311","post","type-post","status-publish","format-standard","hentry","category-cine","category-ott","category-tv-abierta","category-tv-de-pagp"],"_links":{"self":[{"href":"https:\/\/tvmasmagazine.com\/es\/wp-json\/wp\/v2\/posts\/57311","targetHints":{"allow":["GET"]}}],"collection":[{"href":"https:\/\/tvmasmagazine.com\/es\/wp-json\/wp\/v2\/posts"}],"about":[{"href":"https:\/\/tvmasmagazine.com\/es\/wp-json\/wp\/v2\/types\/post"}],"author":[{"embeddable":true,"href":"https:\/\/tvmasmagazine.com\/es\/wp-json\/wp\/v2\/users\/1"}],"replies":[{"embeddable":true,"href":"https:\/\/tvmasmagazine.com\/es\/wp-json\/wp\/v2\/comments?post=57311"}],"version-history":[{"count":2,"href":"https:\/\/tvmasmagazine.com\/es\/wp-json\/wp\/v2\/posts\/57311\/revisions"}],"predecessor-version":[{"id":57314,"href":"https:\/\/tvmasmagazine.com\/es\/wp-json\/wp\/v2\/posts\/57311\/revisions\/57314"}],"wp:attachment":[{"href":"https:\/\/tvmasmagazine.com\/es\/wp-json\/wp\/v2\/media?parent=57311"}],"wp:term":[{"taxonomy":"category","embeddable":true,"href":"https:\/\/tvmasmagazine.com\/es\/wp-json\/wp\/v2\/categories?post=57311"},{"taxonomy":"post_tag","embeddable":true,"href":"https:\/\/tvmasmagazine.com\/es\/wp-json\/wp\/v2\/tags?post=57311"}],"curies":[{"name":"wp","href":"https:\/\/api.w.org\/{rel}","templated":true}]}}