{"id":57656,"date":"2021-12-11T05:40:10","date_gmt":"2021-12-11T13:40:10","guid":{"rendered":"https:\/\/www.tvmasmagazine.com\/?p=57656"},"modified":"2021-12-11T05:40:10","modified_gmt":"2021-12-11T13:40:10","slug":"perdida-un-tenso-thriller-rodado-en-espana-y-colombia","status":"publish","type":"post","link":"https:\/\/tvmasmagazine.com\/es\/2021\/12\/11\/perdida-un-tenso-thriller-rodado-en-espana-y-colombia\/","title":{"rendered":"\u2018PERDIDA\u201d un tenso thriller rodado en Espa\u00f1a y Colombia."},"content":{"rendered":"<p>TELEVISION \/ ENTRETENIMIENTO \/ SERIES<\/p>\n<p><img loading=\"lazy\" decoding=\"async\" class=\"aligncenter size-large wp-image-57658\" src=\"https:\/\/www.tvmasmagazine.com\/wp-content\/uploads\/2021\/12\/Perdida-Horizontal--1024x576.jpg\" alt=\"\" width=\"754\" height=\"424\" srcset=\"https:\/\/tvmasmagazine.com\/wp-content\/uploads\/2021\/12\/Perdida-Horizontal--1024x576.jpg 1024w, https:\/\/tvmasmagazine.com\/wp-content\/uploads\/2021\/12\/Perdida-Horizontal--350x197.jpg 350w, https:\/\/tvmasmagazine.com\/wp-content\/uploads\/2021\/12\/Perdida-Horizontal--150x84.jpg 150w, https:\/\/tvmasmagazine.com\/wp-content\/uploads\/2021\/12\/Perdida-Horizontal--768x432.jpg 768w, https:\/\/tvmasmagazine.com\/wp-content\/uploads\/2021\/12\/Perdida-Horizontal--1536x864.jpg 1536w, https:\/\/tvmasmagazine.com\/wp-content\/uploads\/2021\/12\/Perdida-Horizontal-.jpg 1920w\" sizes=\"auto, (max-width: 754px) 100vw, 754px\" \/><\/p>\n<p><span style=\"color: #333399;\"><strong>Desde el 13 de diciembre por ATRESERIES, \u2018Perdida\u2019 narra el viaje de unos padres que har\u00e1n lo indecible para saber qu\u00e9 ha pasado con su hija. Protagonizada por Daniel Grao y la mexicana Adriana Paz<\/strong><\/span><\/p>\n<p><span style=\"color: #333399;\"><strong>La serie (11&#215;50) est\u00e1 rodada en m\u00e1s de 120 localizaciones, durante 23 semanas de trabajo, con un centenar de actores , entre ellos, Ana Maria Orozco (Betty la fea) y \u00a0m\u00e1s de 3.600 figurantes\u00a0<\/strong><\/span><\/p>\n<p>ATRESERIES estrena el 13 de diciembre \u2018Perdida\u2019 (11&#215;50). <span style=\"color: #ff0000;\"><strong>La serie original de ATRESMEDIA<\/strong><\/span>, producida en colaboraci\u00f3n con <strong>Big Bang Media<\/strong> (THE MEDIAPRO STUDIO), est\u00e1 protagonizada por Daniel Grao (\u2018Sin Identidad\u2019, \u2018Luna, el misterio de Calenda\u2019) y la mexicana Adriana Paz. Ambos forman parte de un elenco que supera el centenar de actores, procedentes de Espa\u00f1a, Colombia, M\u00e9xico y Cuba, como Ana Mar\u00eda Orozco, Carolina Lapausa, Fernando Solorzano, Melani Olivares, Ver\u00f3nica Vel\u00e1squez, Jon Arias, Luis Miguel Hurtado, Juan Carlos Messier, Pedro Su\u00e1rez, Mar\u00eda del Rosario Barreto, David Trejos y Mario Bola\u00f1os.<\/p>\n<p><img loading=\"lazy\" decoding=\"async\" class=\"aligncenter size-large wp-image-57660\" src=\"https:\/\/www.tvmasmagazine.com\/wp-content\/uploads\/2021\/12\/JUNTOS-1024x790.jpg\" alt=\"\" width=\"754\" height=\"582\" srcset=\"https:\/\/tvmasmagazine.com\/wp-content\/uploads\/2021\/12\/JUNTOS-1024x790.jpg 1024w, https:\/\/tvmasmagazine.com\/wp-content\/uploads\/2021\/12\/JUNTOS-350x270.jpg 350w, https:\/\/tvmasmagazine.com\/wp-content\/uploads\/2021\/12\/JUNTOS-150x116.jpg 150w, https:\/\/tvmasmagazine.com\/wp-content\/uploads\/2021\/12\/JUNTOS-768x592.jpg 768w, https:\/\/tvmasmagazine.com\/wp-content\/uploads\/2021\/12\/JUNTOS.jpg 1400w\" sizes=\"auto, (max-width: 754px) 100vw, 754px\" \/><\/p>\n<p><strong>\u2018Perdida\u2019 nos lleva hasta Colombia<\/strong>, donde Antonio es encarcelado por narcotr\u00e1fico, aunque sus motivaciones tienen que ver con la desaparici\u00f3n de su hija, a\u00f1os atr\u00e1s, en una playa de Valencia. Antonio har\u00e1 lo imposible para descubrir qu\u00e9 ha sido de su hija, mientras su abogada intenta conseguir la extradici\u00f3n a Espa\u00f1a para evitar que sea trasladado a una de las peores prisiones del mundo.<\/p>\n<p><span style=\"color: #ff0000;\"><strong>As\u00ed es \u2018Perdida\u2019<\/strong><\/span><\/p>\n<p><strong>Bogot\u00e1, Colombia.<\/strong> Antonio, un hombre espa\u00f1ol, traga bolas de coca\u00edna en una habitaci\u00f3n de hotel. Parece estar nervioso. Al terminar, se dirige al aeropuerto, callado, reservado. All\u00ed es detenido.<\/p>\n<p><strong>Valencia, Espa\u00f1a. <\/strong>Trece a\u00f1os antes. Antonio se dispone a comer en un chiringuito de playa junto a su mujer Inma y su familia. Su hija Soledad, de cinco a\u00f1os, juega en la arena. La madre avisa a la ni\u00f1a, pero la peque\u00f1a no responde\u2026 Todos acuden a buscarla, no hay ni rastro. Es como si se la hubiera tragado el mar.<\/p>\n<p><img loading=\"lazy\" decoding=\"async\" class=\"aligncenter size-large wp-image-57661\" src=\"https:\/\/www.tvmasmagazine.com\/wp-content\/uploads\/2021\/12\/PERDIDA-1-1024x576.jpg\" alt=\"\" width=\"754\" height=\"424\" srcset=\"https:\/\/tvmasmagazine.com\/wp-content\/uploads\/2021\/12\/PERDIDA-1-1024x576.jpg 1024w, https:\/\/tvmasmagazine.com\/wp-content\/uploads\/2021\/12\/PERDIDA-1-350x197.jpg 350w, https:\/\/tvmasmagazine.com\/wp-content\/uploads\/2021\/12\/PERDIDA-1-150x84.jpg 150w, https:\/\/tvmasmagazine.com\/wp-content\/uploads\/2021\/12\/PERDIDA-1-768x432.jpg 768w, https:\/\/tvmasmagazine.com\/wp-content\/uploads\/2021\/12\/PERDIDA-1-1536x864.jpg 1536w, https:\/\/tvmasmagazine.com\/wp-content\/uploads\/2021\/12\/PERDIDA-1.jpg 1920w\" sizes=\"auto, (max-width: 754px) 100vw, 754px\" \/><\/p>\n<p><strong><span style=\"color: #ff0000;\">Ficha t\u00e9cnica<\/span> <\/strong><\/p>\n<p>Producci\u00f3n ejecutiva: Sonia Mart\u00ednez y Alberto Carullo<\/p>\n<p>Coproducci\u00f3n ejecutiva: Juanma Manzanares y Natxo L\u00f3pez<\/p>\n<p>Historia Original: Ruth Garcia y David Oliva<\/p>\n<p>Creada por: Natxo L\u00f3pez<\/p>\n<p>Direcci\u00f3n: I\u00f1aki Pe\u00f1afiel, David Ulloa y Rafa Montesinos<\/p>\n<p>Guion: Natxo L\u00f3pez, Almudena Oca\u00f1a, Aurora Graci\u00e1, Mikel Bar\u00f3n, Carlos de Pando.<\/p>\n<p>Direcci\u00f3n de producci\u00f3n: Adolfo Alarc\u00f3n y Jes\u00fas D\u00edaz.<\/p>\n<p>Director de Fotograf\u00eda: Jes\u00fas Haro.<\/p>\n<p>Director de Arte: David Temprano.<\/p>\n<p>Figurinista: Mar L\u00f3pez.<\/p>\n<p>Delegada de Contenidos de Atresmedia: Luc\u00eda Alonso y Ana Bel\u00e9n G\u00f3mez<\/p>\n<p>Delegado de Producci\u00f3n de Atresmedia: \u00c1ngel Ossorio<\/p>\n<p>&nbsp;<\/p>\n<p><strong>HORARIOS DE EMISI\u00d3N<\/strong><\/p>\n<p>Todos los lunes, a partir del 13 de diciembre<\/p>\n<p>Latinoam\u00e9rica<\/p>\n<p>20:30h M\u00e9xico\/21:30h Colombia\/22:30h Venezuela\/23:30h Argentina<\/p>\n<p>UU. 21:30h ET \/18:30 PT<\/p>","protected":false},"excerpt":{"rendered":"<p>TELEVISION \/ ENTRETENIMIENTO \/ SERIES Desde el 13 de diciembre por ATRESERIES, \u2018Perdida\u2019 narra el viaje de unos padres que <a class=\"more-link\" href=\"https:\/\/tvmasmagazine.com\/es\/2021\/12\/11\/perdida-un-tenso-thriller-rodado-en-espana-y-colombia\/\">&#8230;<\/a><\/p>\n","protected":false},"author":1,"featured_media":0,"comment_status":"closed","ping_status":"closed","sticky":false,"template":"","format":"standard","meta":{"footnotes":""},"categories":[80,256,79,47],"tags":[],"class_list":["post-57656","post","type-post","status-publish","format-standard","hentry","category-ott","category-series","category-tv-abierta","category-tv-de-pagp"],"_links":{"self":[{"href":"https:\/\/tvmasmagazine.com\/es\/wp-json\/wp\/v2\/posts\/57656","targetHints":{"allow":["GET"]}}],"collection":[{"href":"https:\/\/tvmasmagazine.com\/es\/wp-json\/wp\/v2\/posts"}],"about":[{"href":"https:\/\/tvmasmagazine.com\/es\/wp-json\/wp\/v2\/types\/post"}],"author":[{"embeddable":true,"href":"https:\/\/tvmasmagazine.com\/es\/wp-json\/wp\/v2\/users\/1"}],"replies":[{"embeddable":true,"href":"https:\/\/tvmasmagazine.com\/es\/wp-json\/wp\/v2\/comments?post=57656"}],"version-history":[{"count":4,"href":"https:\/\/tvmasmagazine.com\/es\/wp-json\/wp\/v2\/posts\/57656\/revisions"}],"predecessor-version":[{"id":57663,"href":"https:\/\/tvmasmagazine.com\/es\/wp-json\/wp\/v2\/posts\/57656\/revisions\/57663"}],"wp:attachment":[{"href":"https:\/\/tvmasmagazine.com\/es\/wp-json\/wp\/v2\/media?parent=57656"}],"wp:term":[{"taxonomy":"category","embeddable":true,"href":"https:\/\/tvmasmagazine.com\/es\/wp-json\/wp\/v2\/categories?post=57656"},{"taxonomy":"post_tag","embeddable":true,"href":"https:\/\/tvmasmagazine.com\/es\/wp-json\/wp\/v2\/tags?post=57656"}],"curies":[{"name":"wp","href":"https:\/\/api.w.org\/{rel}","templated":true}]}}