{"id":58404,"date":"2022-01-18T07:38:55","date_gmt":"2022-01-18T15:38:55","guid":{"rendered":"https:\/\/www.tvmasmagazine.com\/?p=58404"},"modified":"2022-01-18T07:38:55","modified_gmt":"2022-01-18T15:38:55","slug":"patricia-jasin-de-tv-azteca-ahora-en-warnermedia","status":"publish","type":"post","link":"https:\/\/tvmasmagazine.com\/es\/2022\/01\/18\/patricia-jasin-de-tv-azteca-ahora-en-warnermedia\/","title":{"rendered":"Patricia Jasin de TV AZTECA ahora en WarnerMedia"},"content":{"rendered":"<p><span style=\"color: #333399;\"><strong>WarnerMedia Latin America anunci\u00f3 que la argentina Patricia Jasin se ha incorporado a la compa\u00f1\u00eda como directora de distribuci\u00f3n de Televisi\u00f3n para Am\u00e9rica Latina, Warner Bros. Entertainment.<\/strong><\/span><\/p>\n<div id=\"attachment_58405\" style=\"width: 243px\" class=\"wp-caption alignnone\"><img loading=\"lazy\" decoding=\"async\" aria-describedby=\"caption-attachment-58405\" class=\"size-medium wp-image-58405\" src=\"https:\/\/www.tvmasmagazine.com\/wp-content\/uploads\/2022\/01\/PATRICIA-JASIN-NUEVA-FOTO-233x350.jpg\" alt=\"Patricia Jasin\" width=\"233\" height=\"350\" srcset=\"https:\/\/tvmasmagazine.com\/wp-content\/uploads\/2022\/01\/PATRICIA-JASIN-NUEVA-FOTO-233x350.jpg 233w, https:\/\/tvmasmagazine.com\/wp-content\/uploads\/2022\/01\/PATRICIA-JASIN-NUEVA-FOTO-100x150.jpg 100w, https:\/\/tvmasmagazine.com\/wp-content\/uploads\/2022\/01\/PATRICIA-JASIN-NUEVA-FOTO.jpg 682w\" sizes=\"auto, (max-width: 233px) 100vw, 233px\" \/><p id=\"caption-attachment-58405\" class=\"wp-caption-text\">Patricia Jasin<\/p><\/div>\n<p>La ejecutiva estar\u00e1 a cargo de la sindicaci\u00f3n de todo el cat\u00e1logo de contenidos de WarnerMedia, incluyendo pel\u00edculas, series y miniseries, pel\u00edculas para televisi\u00f3n, productos de animaci\u00f3n y de la \u00a0biblioteca, para todos los mercados de televisi\u00f3n de Am\u00e9rica Latina. Reportar\u00e1 a <strong>Whit Richardson,<\/strong> Presidente de WarnerMedia Latin America, integrando el equipo de liderazgo ejecutivo regional.\u00a0 Jasin tambi\u00e9n trabajar\u00e1 en estrecha colaboraci\u00f3n con Robert Blair, Presidente de Warner Bros. International Television, para estar en l\u00ednea con los objetivos dela divisi\u00f3n a nivel global.<\/p>\n<p>\u201cPatricia es una talentosa y respetada ejecutiva, y estoy encantado de que haya decidido aportar su gran experiencia a nuestra organizaci\u00f3n,\u201d expres\u00f3 Richardson.\u00a0 \u201cJunto con su equipo, estoy seguro de que Patricia seguir\u00e1 elevando la poderosa cartera de contenidos de WarnerMedia, ampliando nuestra red de sindicaci\u00f3n en toda la regi\u00f3n.\u201d<\/p>\n<p>Jasin tiene m\u00e1s de 25 a\u00f1os de experiencia cuando se inici\u00f3 como directora de ventas Internacionales de <strong>Frecuencia latina (FLI)<\/strong> apoyada por la destacada empresaria peruana Miki<strong> Ivcher,<\/strong> titular de la empresa. Recientemente se desempe\u00f1\u00f3 como vicepresidente <strong>de Azteca International y directora de Azteca Studio.<\/strong>\u00a0 En Azteca, Patricia era responsable del desarrollo y ejecuci\u00f3n de la estrategia de distribuci\u00f3n de contenidos audiovisuales de la compa\u00f1\u00eda en todas las plataformas de televisi\u00f3n a nivel mundial, estaba a cargo de la estrategia del negocio de TV paga, y tambi\u00e9n del d\u00eda a d\u00eda de los servicios operativos brindados desde M\u00e9xico al canal \u201cAzteca America\u201d, dirigido al p\u00fablico de habla hispana en EE.UU. \u00a0A principios de 2021, tambi\u00e9n estuvo a cargo de dar nueva forma al negocio existente de Azteca Studio, incluyendo el desarrollo y lanzamiento de una nueva instalaci\u00f3n de producci\u00f3n audiovisual.<\/p>\n<p>Ella es una abogada de profesi\u00f3n y una reconocida l\u00edder de la industria.<\/p>","protected":false},"excerpt":{"rendered":"<p>WarnerMedia Latin America anunci\u00f3 que la argentina Patricia Jasin se ha incorporado a la compa\u00f1\u00eda como directora de distribuci\u00f3n de <a class=\"more-link\" href=\"https:\/\/tvmasmagazine.com\/es\/2022\/01\/18\/patricia-jasin-de-tv-azteca-ahora-en-warnermedia\/\">&#8230;<\/a><\/p>\n","protected":false},"author":1,"featured_media":0,"comment_status":"closed","ping_status":"closed","sticky":false,"template":"","format":"standard","meta":{"footnotes":""},"categories":[11,26,17,47],"tags":[],"class_list":["post-58404","post","type-post","status-publish","format-standard","hentry","category-negocios","category-nombramientos","category-television","category-tv-de-pagp"],"_links":{"self":[{"href":"https:\/\/tvmasmagazine.com\/es\/wp-json\/wp\/v2\/posts\/58404","targetHints":{"allow":["GET"]}}],"collection":[{"href":"https:\/\/tvmasmagazine.com\/es\/wp-json\/wp\/v2\/posts"}],"about":[{"href":"https:\/\/tvmasmagazine.com\/es\/wp-json\/wp\/v2\/types\/post"}],"author":[{"embeddable":true,"href":"https:\/\/tvmasmagazine.com\/es\/wp-json\/wp\/v2\/users\/1"}],"replies":[{"embeddable":true,"href":"https:\/\/tvmasmagazine.com\/es\/wp-json\/wp\/v2\/comments?post=58404"}],"version-history":[{"count":3,"href":"https:\/\/tvmasmagazine.com\/es\/wp-json\/wp\/v2\/posts\/58404\/revisions"}],"predecessor-version":[{"id":58419,"href":"https:\/\/tvmasmagazine.com\/es\/wp-json\/wp\/v2\/posts\/58404\/revisions\/58419"}],"wp:attachment":[{"href":"https:\/\/tvmasmagazine.com\/es\/wp-json\/wp\/v2\/media?parent=58404"}],"wp:term":[{"taxonomy":"category","embeddable":true,"href":"https:\/\/tvmasmagazine.com\/es\/wp-json\/wp\/v2\/categories?post=58404"},{"taxonomy":"post_tag","embeddable":true,"href":"https:\/\/tvmasmagazine.com\/es\/wp-json\/wp\/v2\/tags?post=58404"}],"curies":[{"name":"wp","href":"https:\/\/api.w.org\/{rel}","templated":true}]}}