{"id":59171,"date":"2022-02-19T10:00:22","date_gmt":"2022-02-19T13:00:22","guid":{"rendered":"https:\/\/www.tvmasmagazine.com\/?p=59171"},"modified":"2025-05-30T17:54:22","modified_gmt":"2025-05-30T20:54:22","slug":"claro-abre-la-puerta-de-las-audiencias-de-brasil-a-europa","status":"publish","type":"post","link":"https:\/\/tvmasmagazine.com\/es\/2022\/02\/19\/claro-abre-la-puerta-de-las-audiencias-de-brasil-a-europa\/","title":{"rendered":"Claro abre la puerta de las audiencias de Brasil a Europa+"},"content":{"rendered":"<p><span style=\"color: #ff0000;\"><strong>STREAMING | BRASIL<\/strong><\/span><\/p>\n<p><strong><span style=\"color: #000080;\">Los suscriptores tendr\u00e1n ahora acceso a un cat\u00e1logo premium de las series m\u00e1s vistas y premiadas de Europa.<\/span><\/strong><\/p>\n<p><img loading=\"lazy\" decoding=\"async\" class=\"wp-image-59168 aligncenter\" src=\"https:\/\/www.tvmasmagazine.com\/wp-content\/uploads\/2022\/02\/EUROPA-PLUS.jpg\" alt=\"\" width=\"642\" height=\"418\" \/><\/p>\n<p>Las series m\u00e1s exitosas de toda Europa ya est\u00e1n \u00a0deleitando a las audiencias de uno de los mercados m\u00e1s grandes del mundo a trav\u00e9s de <strong>Europa+<\/strong> (<strong>Europa M\u00e1s<\/strong>), la plataforma de video digital creada para los europeos expatriados, los brasile\u00f1os de ascendencia europea y la gran comunidad de apasionados por la cultura europea en Brasil.<\/p>\n<p>Series, documentales y realities de productoras reconocidas a nivel internacional como <strong>BBC Studios, ZDF, RAI Italia, StudioCanal, ITV, Beta, Mediaset Italia<\/strong> y <strong>Nordic World<\/strong>, entre otras.<\/p>\n<p>Algunos de los t\u00edtulos disponibles en su idioma original y con subt\u00edtulos en portugu\u00e9s son las series brit\u00e1nicas <strong><em>Os Durrells, Bancroft <\/em><\/strong>y los dramas italianos <strong><em>A vida prometida<\/em><\/strong> y <strong><em>O Sil\u00eancio da \u00c1gua.<\/em><\/strong><\/p>\n<p>El servicio est\u00e1 disponible por R$14,90 (real brasile\u00f1o) al mes y los suscriptores tienen la oportunidad de acceder a trav\u00e9s de <strong>NOW,<\/strong> la plataforma de streaming de Claro, por medio de la TV, la app y online; todo esto sin publicidad, en alta definici\u00f3n.<\/p>\n<p><span style=\"color: #ff0000;\">Como parte del lanzamiento, los usuarios de Claro<\/span> pueden disfrutar sin ning\u00fan cargo de la primera temporada de <strong><em>\u00a1Zumbarco!<\/em><\/strong>, serie de ciencia ficci\u00f3n y humor negro sobre el apocalipsis zombi, ambientada en la ciudad brit\u00e1nica de Birmingham. Durante esta etapa tambi\u00e9n se ofrecen de forma gratuita el drama policial de la televisi\u00f3n francesa <strong><em>Engrenagens;<\/em><\/strong> la temporada 1 de <strong><em>Rosy Abate<\/em><\/strong>, considerada una de las series italianas m\u00e1s exitosas de los \u00faltimos a\u00f1os; <strong><em>Me Ame<\/em><\/strong>, una conmovedora historia sueca; as\u00ed como <strong><em>Bad Banks<\/em><\/strong>, drama alem\u00e1n sobre el mundo financiero europeo.<\/p>\n<p>\u00abEsta es nuestra primera incursi\u00f3n en el mercado brasile\u00f1o y estamos muy entusiasmados por tener un aliado como Claro. Es una alianza que forma parte de nuestra estrategia global de llevar las mejores historias a nuevas audiencias y territorios\u00bb, dijo <strong>Miguel Torres-Bohl, director de Ventas y Marketing para Am\u00e9rica del Sur y el Caribe de Castalia Communications.<\/strong><\/p>\n<p>\u00abPara Claro, incluir <strong>Europa+<\/strong> al portafolio en Brasil refuerza nuestra posici\u00f3n como el mayor hub de contenidos en Am\u00e9rica Latina. Sabemos que los programas de la televisi\u00f3n europea tienen una amplia aceptaci\u00f3n a nivel global y Brasil no es la excepci\u00f3n. Con el lanzamiento de Europa+, nuestros suscriptores tendr\u00e1n ahora acceso a un cat\u00e1logo premium de las series m\u00e1s vistas y premiadas, dentro y fuera de sus hogares\u201d, manifest\u00f3 el<strong> director de TV de Claro, Ricardo Falc\u00e3o.<\/strong><\/p>\n<p>Redacci\u00f3n TVMAS<\/p>","protected":false},"excerpt":{"rendered":"<p>STREAMING | BRASIL Los suscriptores tendr\u00e1n ahora acceso a un cat\u00e1logo premium de las series m\u00e1s vistas y premiadas de <a class=\"more-link\" href=\"https:\/\/tvmasmagazine.com\/es\/2022\/02\/19\/claro-abre-la-puerta-de-las-audiencias-de-brasil-a-europa\/\">&#8230;<\/a><\/p>\n","protected":false},"author":1,"featured_media":59168,"comment_status":"closed","ping_status":"closed","sticky":false,"template":"","format":"standard","meta":{"footnotes":""},"categories":[80,47],"tags":[],"class_list":["post-59171","post","type-post","status-publish","format-standard","has-post-thumbnail","hentry","category-ott","category-tv-de-pagp"],"_links":{"self":[{"href":"https:\/\/tvmasmagazine.com\/es\/wp-json\/wp\/v2\/posts\/59171","targetHints":{"allow":["GET"]}}],"collection":[{"href":"https:\/\/tvmasmagazine.com\/es\/wp-json\/wp\/v2\/posts"}],"about":[{"href":"https:\/\/tvmasmagazine.com\/es\/wp-json\/wp\/v2\/types\/post"}],"author":[{"embeddable":true,"href":"https:\/\/tvmasmagazine.com\/es\/wp-json\/wp\/v2\/users\/1"}],"replies":[{"embeddable":true,"href":"https:\/\/tvmasmagazine.com\/es\/wp-json\/wp\/v2\/comments?post=59171"}],"version-history":[{"count":5,"href":"https:\/\/tvmasmagazine.com\/es\/wp-json\/wp\/v2\/posts\/59171\/revisions"}],"predecessor-version":[{"id":69194,"href":"https:\/\/tvmasmagazine.com\/es\/wp-json\/wp\/v2\/posts\/59171\/revisions\/69194"}],"wp:featuredmedia":[{"embeddable":true,"href":"https:\/\/tvmasmagazine.com\/es\/wp-json\/wp\/v2\/media\/59168"}],"wp:attachment":[{"href":"https:\/\/tvmasmagazine.com\/es\/wp-json\/wp\/v2\/media?parent=59171"}],"wp:term":[{"taxonomy":"category","embeddable":true,"href":"https:\/\/tvmasmagazine.com\/es\/wp-json\/wp\/v2\/categories?post=59171"},{"taxonomy":"post_tag","embeddable":true,"href":"https:\/\/tvmasmagazine.com\/es\/wp-json\/wp\/v2\/tags?post=59171"}],"curies":[{"name":"wp","href":"https:\/\/api.w.org\/{rel}","templated":true}]}}