{"id":5966,"date":"1999-09-30T13:51:05","date_gmt":"1999-09-30T16:51:05","guid":{"rendered":"http:\/\/www.tvmasmagazine.com\/?p=5966"},"modified":"2013-10-01T19:03:10","modified_gmt":"2013-10-01T22:03:10","slug":"rumores-sobre-gustavo-yankelevich-y-marcelo-tinelli","status":"publish","type":"post","link":"https:\/\/tvmasmagazine.com\/es\/1999\/09\/30\/rumores-sobre-gustavo-yankelevich-y-marcelo-tinelli\/","title":{"rendered":"Rumores sobre Gustavo Yankelevich y Marcelo Tinelli"},"content":{"rendered":"<p>Rumores sobre Gustavo Yankelevich y Marcelo Tinelli <\/p>\n<p>En las \u00faltimas horas circul\u00f3 una versi\u00f3n que revolucion\u00f3 el ambiente televisivo local y es la posibilidad de que el Gerente General de Contenido de Telefe, Gustavo Yankelevich, abandone su cargo en Telefe para ocupar el mismo en Am\u00e9rica 2, mientras que el puesto de Director Art\u00edstico del canal de la calle Pav\u00f3n le ser\u00eda ofrecido a Marcelo Tinelli, qui\u00e9n viaj\u00f3 en forma rel\u00e1mpago a Nueva York el fin de semana pasado para reunirse con Carlos Avila, uno de los titulares de Torneos y Competencias, Constancio Vigil, accionista de Telefe y Azul TV, Eduardo Eurnekian, propietario de Am\u00e9rica 2, y Alfredo Odorisio, gerente art\u00edstico de Am\u00e9rica 2, en una reuni\u00f3n cumbre que se habr\u00eda llevado en la ciudad estadounidense. El acuerdo al que habr\u00edan arribado comenzar\u00eda a entrar en vigencia a partir del primer d\u00eda del nuevo milenio, una vez que se haya cerrado con todos los detalles de la operaci\u00f3n. Pero una vez llegado al pa\u00eds, Gustavo Yankelevich sali\u00f3 a desmentir esa ola de rumores por Radio Rivadavia al periodista Guillermo Blanc que estaba en el aire con el programa \u201cSexta edici\u00f3n\u201d que conducen Enrique Llamas de Madariaga y Any Ventura diciendo que va a continuar en Telefe, que ya seleccion\u00f3 la programaci\u00f3n que ir\u00e1 en el verano y parte del a\u00f1o pr\u00f3ximo, que desconoce el origen de las versiones que se lanzaron aqu\u00ed, precisamente en  un momento en el que los canales est\u00e1n padeciendo la actual crisis, y que deben ajustarse a lo que tienen cada uno. Que si se encontr\u00f3 con Eurnekian, Odorisio, Vigil y Avila en Cerde\u00f1a donde compartieron una cena por la buena relaci\u00f3n que existe entre ellos y que fue la \u00fanica vez que se habl\u00f3 de televisi\u00f3n porque el hab\u00eda ido a descansar. De cualquier manera, se sabe que hay muchas tratativas y reuniones y que en los pr\u00f3ximos d\u00edas puede haber m\u00e1s novedades al respecto, porque tambi\u00e9n hay otra versi\u00f3n que asegura que Tinelli ser\u00eda otro de los que emigrar\u00eda a Am\u00e9rica 2. <\/p>\n<p>LUCHO AVILES vs IBOPE<\/p>\n<p>La justicia orden\u00f3 a la empresa Ibope Argentina S.A. que se encarga de registrar el rating de los canales de televisi\u00f3n, se abstenga de suministrar datos sobre la audiencia del programa \u201cIndiscreciones\u201d que conduce Luis C\u00e9sar Avil\u00e9s diariamente por ATC, cuya producci\u00f3n denunci\u00f3 irregularidades que afectan a los trabajadores del medio. Seg\u00fan el fallo del juez Juan Mart\u00edn Converset, Ibope  deber\u00e1 abstenerse de suministrar datos sobre la audiencia que confeccione con relaci\u00f2n a ese ciclo mientras se mantenga la no homologaci\u00f3n por parte de la Comisi\u00f3n de Control de Medici\u00f3n de Audiencia (CCMA).<\/p>\n<p>Consultado el presidente de Ibope, Alberto Arnaldo comunic\u00f3 que apelar\u00e1n la medida precautoria despu\u00e9s de la feria judicial de invierno, al tiempo que invit\u00f3 \u201cal se\u00f1or Avil\u00e9s a que venga a ver c\u00f3mo se mide la audiencia en nuestra empresa\u201d. \u201cQuiero aclarar que nosotros podemos no cumplir con algunos requisitos pedidos por la CCMA, pero eso no implica que nuestros datos no sean precisos\u201d afirm\u00f3 el directivo.<\/p>\n<p>Como se sabe, Ibope es la \u00fanica empresa en la Argentina que mide la audiencia televisiva, ya que el a\u00f1o pasado se fusion\u00f3 con Ipsa Nielsen y el \u00faltimo mes de mayo absorbi\u00f3 la totalidad del paquete accionario de Mercados &#038; Tendencias y que actualmente sigue operando normalmente<\/p>","protected":false},"excerpt":{"rendered":"<p>Rumores sobre Gustavo Yankelevich y Marcelo Tinelli En las \u00faltimas horas circul\u00f3 una versi\u00f3n que revolucion\u00f3 el ambiente televisivo local <a class=\"more-link\" href=\"https:\/\/tvmasmagazine.com\/es\/1999\/09\/30\/rumores-sobre-gustavo-yankelevich-y-marcelo-tinelli\/\">&#8230;<\/a><\/p>\n","protected":false},"author":1,"featured_media":0,"comment_status":"closed","ping_status":"closed","sticky":false,"template":"","format":"standard","meta":{"footnotes":""},"categories":[67],"tags":[],"class_list":["post-5966","post","type-post","status-publish","format-standard","hentry","category-archivo"],"_links":{"self":[{"href":"https:\/\/tvmasmagazine.com\/es\/wp-json\/wp\/v2\/posts\/5966","targetHints":{"allow":["GET"]}}],"collection":[{"href":"https:\/\/tvmasmagazine.com\/es\/wp-json\/wp\/v2\/posts"}],"about":[{"href":"https:\/\/tvmasmagazine.com\/es\/wp-json\/wp\/v2\/types\/post"}],"author":[{"embeddable":true,"href":"https:\/\/tvmasmagazine.com\/es\/wp-json\/wp\/v2\/users\/1"}],"replies":[{"embeddable":true,"href":"https:\/\/tvmasmagazine.com\/es\/wp-json\/wp\/v2\/comments?post=5966"}],"version-history":[{"count":1,"href":"https:\/\/tvmasmagazine.com\/es\/wp-json\/wp\/v2\/posts\/5966\/revisions"}],"predecessor-version":[{"id":6304,"href":"https:\/\/tvmasmagazine.com\/es\/wp-json\/wp\/v2\/posts\/5966\/revisions\/6304"}],"wp:attachment":[{"href":"https:\/\/tvmasmagazine.com\/es\/wp-json\/wp\/v2\/media?parent=5966"}],"wp:term":[{"taxonomy":"category","embeddable":true,"href":"https:\/\/tvmasmagazine.com\/es\/wp-json\/wp\/v2\/categories?post=5966"},{"taxonomy":"post_tag","embeddable":true,"href":"https:\/\/tvmasmagazine.com\/es\/wp-json\/wp\/v2\/tags?post=5966"}],"curies":[{"name":"wp","href":"https:\/\/api.w.org\/{rel}","templated":true}]}}