{"id":60150,"date":"2022-03-30T22:07:39","date_gmt":"2022-03-31T01:07:39","guid":{"rendered":"https:\/\/tvmasmagazine.com\/?p=60150"},"modified":"2022-03-30T22:31:28","modified_gmt":"2022-03-31T01:31:28","slug":"las-telenovelas-de-globo-hoy-en-el-mercado-internacional-de-natpe-v-fronts","status":"publish","type":"post","link":"https:\/\/tvmasmagazine.com\/es\/2022\/03\/30\/las-telenovelas-de-globo-hoy-en-el-mercado-internacional-de-natpe-v-fronts\/","title":{"rendered":"Las TELENOVELAS de GLOBO hoy en el MERCADO INTERNACIONAL de  NATPE V-FRONTS&#x2122;"},"content":{"rendered":"<p><span style=\"color: #ff6600;\">TELENOVELAS \/ EVENTOS INTERNACIONALES \/ NEGOCIOS<\/span><\/p>\n<div id=\"attachment_60152\" style=\"width: 994px\" class=\"wp-caption alignleft\"><img loading=\"lazy\" decoding=\"async\" aria-describedby=\"caption-attachment-60152\" class=\"size-full wp-image-60152\" src=\"https:\/\/tvmasmagazine.com\/wp-content\/uploads\/2022\/03\/Julia-Dalavia-Actriz-PANTANAL-Foto-de-Joao-Miguel-Junior-GLOBO.png\" alt=\"\" width=\"984\" height=\"657\" srcset=\"https:\/\/tvmasmagazine.com\/wp-content\/uploads\/2022\/03\/Julia-Dalavia-Actriz-PANTANAL-Foto-de-Joao-Miguel-Junior-GLOBO.png 984w, https:\/\/tvmasmagazine.com\/wp-content\/uploads\/2022\/03\/Julia-Dalavia-Actriz-PANTANAL-Foto-de-Joao-Miguel-Junior-GLOBO-350x234.png 350w, https:\/\/tvmasmagazine.com\/wp-content\/uploads\/2022\/03\/Julia-Dalavia-Actriz-PANTANAL-Foto-de-Joao-Miguel-Junior-GLOBO-150x100.png 150w, https:\/\/tvmasmagazine.com\/wp-content\/uploads\/2022\/03\/Julia-Dalavia-Actriz-PANTANAL-Foto-de-Joao-Miguel-Junior-GLOBO-768x513.png 768w\" sizes=\"auto, (max-width: 984px) 100vw, 984px\" \/><p id=\"caption-attachment-60152\" class=\"wp-caption-text\">Julia Dalavia de PANTANAL. Foto: Joao Miguel Junior, GLOBO<\/p><\/div>\n<p><span style=\"color: #000080;\"><strong>En espa\u00f1ol e ingl\u00e9s, la muestra &#8216;Telenovelas By Globo: Brand New Releases Showcase&#8217; da relevancia del g\u00e9nero y compartir\u00e1 novedades de nuevas superproducciones, como la \u00e9pica \u00abPantanal\u00bb.<\/strong><\/span><\/p>\n<p>Hoy Globo, la productora latinoamericana de contenidos audiovisuales, presenta sus nuevas superproducciones para el mercado internacional en un showcase exclusivo en NATPE V-FRONTS&#x2122;. Durante el evento, los participantes podr\u00e1n conocer con exclusividad los principales secretos y aspectos destacados de cuatro nuevos t\u00edtulos: <strong>la esperada superproducci\u00f3n \u00abPantanal\u00bb, \u00abM\u00e1s Que Una Ilusi\u00f3n\u00bb, as\u00ed como las reci\u00e9n estrenadas \u00abVidas Ajenas\u00bb y \u00ab\u00a1S\u00f3lo Se Vive Dos Veces!\u00bb.<\/strong><\/p>\n<p><span style=\"color: #ff0000;\"><strong>El programa &#8216;Telenovelas de Globo: Showcase de estrenos&#8217;<\/strong><\/span>, ser\u00e1 presentado por <strong>Ali May<\/strong> (ingl\u00e9s) <strong>y Carolina Diago<\/strong> (espa\u00f1ol). En el showcase, autores, directores y talentos de las cuatro telenovelas compartir\u00e1n los principales detalles de cada obra, as\u00ed como los ingredientes responsables por atraer a los m\u00e1s diversos targets.<\/p>\n<div id=\"attachment_60159\" style=\"width: 1716px\" class=\"wp-caption alignleft\"><img loading=\"lazy\" decoding=\"async\" aria-describedby=\"caption-attachment-60159\" class=\"size-full wp-image-60159\" src=\"https:\/\/tvmasmagazine.com\/wp-content\/uploads\/2022\/03\/Alanis-Guillen_Juliana-Paes-Credit-Globo_Joao-Miguel-Jr-scaled.jpg\" alt=\"\" width=\"1706\" height=\"2560\" srcset=\"https:\/\/tvmasmagazine.com\/wp-content\/uploads\/2022\/03\/Alanis-Guillen_Juliana-Paes-Credit-Globo_Joao-Miguel-Jr-scaled.jpg 1706w, https:\/\/tvmasmagazine.com\/wp-content\/uploads\/2022\/03\/Alanis-Guillen_Juliana-Paes-Credit-Globo_Joao-Miguel-Jr-233x350.jpg 233w, https:\/\/tvmasmagazine.com\/wp-content\/uploads\/2022\/03\/Alanis-Guillen_Juliana-Paes-Credit-Globo_Joao-Miguel-Jr-682x1024.jpg 682w, https:\/\/tvmasmagazine.com\/wp-content\/uploads\/2022\/03\/Alanis-Guillen_Juliana-Paes-Credit-Globo_Joao-Miguel-Jr-100x150.jpg 100w, https:\/\/tvmasmagazine.com\/wp-content\/uploads\/2022\/03\/Alanis-Guillen_Juliana-Paes-Credit-Globo_Joao-Miguel-Jr-768x1152.jpg 768w, https:\/\/tvmasmagazine.com\/wp-content\/uploads\/2022\/03\/Alanis-Guillen_Juliana-Paes-Credit-Globo_Joao-Miguel-Jr-1024x1536.jpg 1024w, https:\/\/tvmasmagazine.com\/wp-content\/uploads\/2022\/03\/Alanis-Guillen_Juliana-Paes-Credit-Globo_Joao-Miguel-Jr-1365x2048.jpg 1365w\" sizes=\"auto, (max-width: 1706px) 100vw, 1706px\" \/><p id=\"caption-attachment-60159\" class=\"wp-caption-text\">Alanis Guillen, Juliana Paes &#8211; Foto: Jo\u00e3o Miguel Jr, Globo<\/p><\/div>\n<div id=\"attachment_60160\" style=\"width: 1716px\" class=\"wp-caption alignnone\"><img loading=\"lazy\" decoding=\"async\" aria-describedby=\"caption-attachment-60160\" class=\"size-full wp-image-60160\" src=\"https:\/\/tvmasmagazine.com\/wp-content\/uploads\/2022\/03\/Alanis-Guillen-Credit-Globo_Joao-Miguel-Jr-scaled.jpg\" alt=\"\" width=\"1706\" height=\"2560\" srcset=\"https:\/\/tvmasmagazine.com\/wp-content\/uploads\/2022\/03\/Alanis-Guillen-Credit-Globo_Joao-Miguel-Jr-scaled.jpg 1706w, https:\/\/tvmasmagazine.com\/wp-content\/uploads\/2022\/03\/Alanis-Guillen-Credit-Globo_Joao-Miguel-Jr-233x350.jpg 233w, https:\/\/tvmasmagazine.com\/wp-content\/uploads\/2022\/03\/Alanis-Guillen-Credit-Globo_Joao-Miguel-Jr-682x1024.jpg 682w, https:\/\/tvmasmagazine.com\/wp-content\/uploads\/2022\/03\/Alanis-Guillen-Credit-Globo_Joao-Miguel-Jr-100x150.jpg 100w, https:\/\/tvmasmagazine.com\/wp-content\/uploads\/2022\/03\/Alanis-Guillen-Credit-Globo_Joao-Miguel-Jr-768x1152.jpg 768w, https:\/\/tvmasmagazine.com\/wp-content\/uploads\/2022\/03\/Alanis-Guillen-Credit-Globo_Joao-Miguel-Jr-1024x1536.jpg 1024w, https:\/\/tvmasmagazine.com\/wp-content\/uploads\/2022\/03\/Alanis-Guillen-Credit-Globo_Joao-Miguel-Jr-1365x2048.jpg 1365w\" sizes=\"auto, (max-width: 1706px) 100vw, 1706px\" \/><p id=\"caption-attachment-60160\" class=\"wp-caption-text\">Alanis Guillen &#8211; Photo: Jo\u00e3o Miguel Jr, Globo<\/p><\/div>\n<div id=\"attachment_60161\" style=\"width: 1716px\" class=\"wp-caption alignleft\"><img loading=\"lazy\" decoding=\"async\" aria-describedby=\"caption-attachment-60161\" class=\"size-full wp-image-60161\" src=\"https:\/\/tvmasmagazine.com\/wp-content\/uploads\/2022\/03\/Larissa-Manoela_Rafael-Vitti-Credit-Globo_Paulo-Belote-scaled.jpg\" alt=\"\" width=\"1706\" height=\"2560\" srcset=\"https:\/\/tvmasmagazine.com\/wp-content\/uploads\/2022\/03\/Larissa-Manoela_Rafael-Vitti-Credit-Globo_Paulo-Belote-scaled.jpg 1706w, https:\/\/tvmasmagazine.com\/wp-content\/uploads\/2022\/03\/Larissa-Manoela_Rafael-Vitti-Credit-Globo_Paulo-Belote-233x350.jpg 233w, https:\/\/tvmasmagazine.com\/wp-content\/uploads\/2022\/03\/Larissa-Manoela_Rafael-Vitti-Credit-Globo_Paulo-Belote-682x1024.jpg 682w, https:\/\/tvmasmagazine.com\/wp-content\/uploads\/2022\/03\/Larissa-Manoela_Rafael-Vitti-Credit-Globo_Paulo-Belote-100x150.jpg 100w, https:\/\/tvmasmagazine.com\/wp-content\/uploads\/2022\/03\/Larissa-Manoela_Rafael-Vitti-Credit-Globo_Paulo-Belote-768x1152.jpg 768w, https:\/\/tvmasmagazine.com\/wp-content\/uploads\/2022\/03\/Larissa-Manoela_Rafael-Vitti-Credit-Globo_Paulo-Belote-1024x1536.jpg 1024w, https:\/\/tvmasmagazine.com\/wp-content\/uploads\/2022\/03\/Larissa-Manoela_Rafael-Vitti-Credit-Globo_Paulo-Belote-1365x2048.jpg 1365w\" sizes=\"auto, (max-width: 1706px) 100vw, 1706px\" \/><p id=\"caption-attachment-60161\" class=\"wp-caption-text\">Larissa Manoela, Rafael Vitti &#8211; Foto: Paulo Belote, Globo<\/p><\/div>\n<p><span style=\"color: #ff0000;\"><strong>Exclusivo de GLOBO<\/strong><\/span><\/p>\n<p><strong><em>Vidas Ajenas.<\/em><\/strong><strong>\u00a0 <\/strong>Escrita por el autor del \u00e9xito mundial \u00abLa Vida Sigue\u201d, la telenovela cuenta la historia de los gemelos Christian y Renato que, separados al nacer, crecieron en realidades completamente opuestas. Mientras Christian viv\u00eda en un orfanato luchando por sobrevivir, Renato fue adoptado por una familia rica y tiene todo lo que el dinero puede comprar. De adultos, el destino los vuelve a unir. Pero cuando por fin se encuentran cara a cara, la tragedia golpea y Renato muere. Con esto, Christian ve una oportunidad \u00fanica y decide tomar el lugar de su hermano, dejando atr\u00e1s su identidad y su gran amor. En esta nueva vida, la fortuna, el \u00e9xito y el estatus social har\u00e1n de \u00e9l una nueva persona.<\/p>\n<p><strong><em>\u00a1S\u00f3lo Se Vive Dos Veces<\/em><\/strong><strong>!.\u00a0 <\/strong>Escrita por el ganador del Emmy Internacional Mauro Wilson, \u201c\u00a1S\u00f3lo Se Vive Dos Veces!\u00bb cuenta la historia del cuarteto formado por un ex futbolista simp\u00e1tico y arruinado, un cirujano rico y arrogante, un ejecutivo poderoso y prepotente y un estafador con coraz\u00f3n de piedra. Son v\u00edctimas de un accidente de avi\u00f3n el mismo d\u00eda que se conocen y acaban muriendo. Cuando se encuentran con la Muerte, se les dice que a\u00fan no ha llegado su hora de partir y que deben volver a la vida para ocuparse de sus problemas personales. Sin embargo, la Muerte les advierte que, dentro de un a\u00f1o, uno de ellos morir\u00e1 realmente, y los cuatro deciden aprovechar esta segunda oportunidad para alcanzar sus mayores objetivos en la vida.<\/p>\n<p><strong><em>M\u00e1s Que Una Ilusi\u00f3n.<\/em><\/strong> Dirigida por Luiz Henrique Rios, director de \u00abTotalmente Diva\u00bb y \u00abSuerte de Vivir\u00bb, la telenovela es una historia de amor entre el mago Davi y la modelo Isadora. La pasi\u00f3n entre los dos despierta la ira de Matias Tapaj\u00f3s, un juez de prestigio que no acepta la relaci\u00f3n porque piensa que el mago no est\u00e1 a la altura de su hija. A pesar de los obst\u00e1culos, los dos resisten y deciden vivir este amor, con la ayuda de la peque\u00f1a Isadora. Pero el romance acaba en tragedia cuando Elisa es asesinada accidentalmente y Davi acaba siendo culpado injustamente del crimen. A\u00f1os despu\u00e9s, los caminos de Davi e Isadora se cruzan y tendr\u00e1n nuevos obst\u00e1culos que afrontar.<\/p>\n<div id=\"attachment_60151\" style=\"width: 1018px\" class=\"wp-caption alignleft\"><img loading=\"lazy\" decoding=\"async\" aria-describedby=\"caption-attachment-60151\" class=\"size-full wp-image-60151\" src=\"https:\/\/tvmasmagazine.com\/wp-content\/uploads\/2022\/03\/BENEDITO-RUY-BARBOSA-autor-de-PANTANAL-Foto-Globo-Reporter.png\" alt=\"\" width=\"1008\" height=\"564\" srcset=\"https:\/\/tvmasmagazine.com\/wp-content\/uploads\/2022\/03\/BENEDITO-RUY-BARBOSA-autor-de-PANTANAL-Foto-Globo-Reporter.png 1008w, https:\/\/tvmasmagazine.com\/wp-content\/uploads\/2022\/03\/BENEDITO-RUY-BARBOSA-autor-de-PANTANAL-Foto-Globo-Reporter-350x196.png 350w, https:\/\/tvmasmagazine.com\/wp-content\/uploads\/2022\/03\/BENEDITO-RUY-BARBOSA-autor-de-PANTANAL-Foto-Globo-Reporter-150x84.png 150w, https:\/\/tvmasmagazine.com\/wp-content\/uploads\/2022\/03\/BENEDITO-RUY-BARBOSA-autor-de-PANTANAL-Foto-Globo-Reporter-768x430.png 768w\" sizes=\"auto, (max-width: 1008px) 100vw, 1008px\" \/><p id=\"caption-attachment-60151\" class=\"wp-caption-text\">Benedito Ruy Barbosa de PANTANAL. Foto: Globo<\/p><\/div>\n<p><strong><em>Pantanal. <\/em><\/strong>Una de las telenovelas m\u00e1s cl\u00e1sicas y \u00e9picas de la dramaturgia brasile\u00f1a, el mercado internacional podr\u00e1 conocer la nueva versi\u00f3n de \u00abPantanal\u00bb, escrita por Bruno Luperi, nieto del autor original Benedito Ruy Barbosa, y que contar\u00e1 con Marcos Palmeiras y Juliana Paes, actores del \u00e9xito \u00abDulce Ambici\u00f3n\u00bb. La saga familiar de Jos\u00e9 Le\u00f4nico, hijo de Joventino y padre de Jove, y Maria Marru\u00e1, Gil, y su hija Juma, llega a las pantallas 32 a\u00f1os despu\u00e9s de la primera versi\u00f3n y trae el amor como hilo conductor de la historia y la impresionante naturaleza de la regi\u00f3n del Pantanal brasile\u00f1o como protagonista.<\/p>\n<p>Los interesados en seguir los estrenos y conocer m\u00e1s novedades de las producciones en el NATPE V-FRONTS&#x2122; presenta &#8216;Telenovelas de Globo: Escaparate de estrenos&#8217; pueden inscribirse a trav\u00e9s del sitio web: <a href=\"https:\/\/www.natpe.com\/virtual\/brand-new-releases-showcase\/\">https:\/\/www.natpe.com\/virtual\/brand-new-releases-showcase\/<\/a><\/p>\n<p>30 DE MARZO<\/p>\n<p>9 AM (US &#8211; EST)<\/p>\n<p>2 PM (UK)<\/p>\n<p>4 PM (EUROPA DEL ESTE)<\/p>","protected":false},"excerpt":{"rendered":"<p>TELENOVELAS \/ EVENTOS INTERNACIONALES \/ NEGOCIOS En espa\u00f1ol e ingl\u00e9s, la muestra &#8216;Telenovelas By Globo: Brand New Releases Showcase&#8217; da <a class=\"more-link\" href=\"https:\/\/tvmasmagazine.com\/es\/2022\/03\/30\/las-telenovelas-de-globo-hoy-en-el-mercado-internacional-de-natpe-v-fronts\/\">&#8230;<\/a><\/p>\n","protected":false},"author":1,"featured_media":0,"comment_status":"closed","ping_status":"closed","sticky":false,"template":"","format":"standard","meta":{"footnotes":""},"categories":[244,80,256,73,79,47],"tags":[],"class_list":["post-60150","post","type-post","status-publish","format-standard","hentry","category-eventos","category-ott","category-series","category-telenovelas-series","category-tv-abierta","category-tv-de-pagp"],"_links":{"self":[{"href":"https:\/\/tvmasmagazine.com\/es\/wp-json\/wp\/v2\/posts\/60150","targetHints":{"allow":["GET"]}}],"collection":[{"href":"https:\/\/tvmasmagazine.com\/es\/wp-json\/wp\/v2\/posts"}],"about":[{"href":"https:\/\/tvmasmagazine.com\/es\/wp-json\/wp\/v2\/types\/post"}],"author":[{"embeddable":true,"href":"https:\/\/tvmasmagazine.com\/es\/wp-json\/wp\/v2\/users\/1"}],"replies":[{"embeddable":true,"href":"https:\/\/tvmasmagazine.com\/es\/wp-json\/wp\/v2\/comments?post=60150"}],"version-history":[{"count":3,"href":"https:\/\/tvmasmagazine.com\/es\/wp-json\/wp\/v2\/posts\/60150\/revisions"}],"predecessor-version":[{"id":60163,"href":"https:\/\/tvmasmagazine.com\/es\/wp-json\/wp\/v2\/posts\/60150\/revisions\/60163"}],"wp:attachment":[{"href":"https:\/\/tvmasmagazine.com\/es\/wp-json\/wp\/v2\/media?parent=60150"}],"wp:term":[{"taxonomy":"category","embeddable":true,"href":"https:\/\/tvmasmagazine.com\/es\/wp-json\/wp\/v2\/categories?post=60150"},{"taxonomy":"post_tag","embeddable":true,"href":"https:\/\/tvmasmagazine.com\/es\/wp-json\/wp\/v2\/tags?post=60150"}],"curies":[{"name":"wp","href":"https:\/\/api.w.org\/{rel}","templated":true}]}}