{"id":6039,"date":"1999-09-30T15:30:42","date_gmt":"1999-09-30T18:30:42","guid":{"rendered":"http:\/\/www.tvmasmagazine.com\/?p=6039"},"modified":"2013-09-30T15:31:01","modified_gmt":"2013-09-30T18:31:01","slug":"editorial","status":"publish","type":"post","link":"https:\/\/tvmasmagazine.com\/es\/1999\/09\/30\/editorial\/","title":{"rendered":"Editorial"},"content":{"rendered":"<p>La  comunicaci\u00f3n  no se debilita  en los  medios sino que los medios  deben  redefinirse: promover la educaci\u00f3n, la formaci\u00f3n, la cultura, la civilidad y estimular  intercambios  culturales enriquecedores es el gran reto.<\/p>\n<p>Con esta premisa TVMAS conciente de la importancia de la educaci\u00f3n asume el protag\u00f3nismo que exigen los lectores de una publicaci\u00f3n especializada y encara el  compromiso incorpor\u00e1ndo  una secci\u00f3n titulada TV.COM dedicada  a difundir y  apoyar la televisi\u00f3n y las nuevas tecnolog\u00edas que facilitan la interacci\u00f3n del televidente en esa busqueda de la capacitaci\u00f3n, la superaci\u00f3n, y el desarrollo del individuo y de una sociedad.<\/p>\n<p>Esta es una secci\u00f3n general tem\u00e1tica que incluye  las areas de: arte, cultura general,  ciencia, tecnolog\u00eda, programas curriculares, debates,  razonamientos y  cuestionamientos por parte de los sistemas audiovisuales gubernamentales y  privados  de la comunidad hispana en el mundo, con el \u00fanico prop\u00f3sito de difundir la actividad de  los medios y la  comunicaci\u00f3n como espacios de socializaci\u00f3n y como instrumentos  formadores ya que  en la interacci\u00f3n con ellos  se adquieren actitudes, valores, normas, lenguajes y costumbres  t\u00edpicas de su \u00e1mbito  social imponiendo as\u00ed  estilos y modelos de vida.<\/p>\n<p>TV.COM  aspira a trascender adem\u00e1s de la programaci\u00f3n netamente  educativa  y cultural el  contenido  dinamico y formativo destacando, apoyando y propiciando el papel de los canales abiertos, por cable, satelitales y circuitos educativos como motores del desarrollo regional, nacional, internacional y global centrados en la  creaci\u00f3n, producci\u00f3n y emisi\u00f3n de lo formativo y transformativo en la distintas disciplinas anteriormente  mencionadas.<\/p>\n<p>A cargo de  Amanda Ospina, profesional de gran trayectoria y reconocimiento en la televisi\u00f3n de Am\u00e9rica latina, y con la  participaci\u00f3n  activa y directa en  los  distintos eventos  en los  que la televisi\u00f3n educativa sea protagonista,  esta  secci\u00f3n  har\u00e1  un seguimiento a las regulaciones, organismos y propuestas  para facilitar  las iniciativas y el trabajo de quienes se nutren de tan  indispensable segmento.<\/p>\n<p>El futuro es el resultado de la inversi\u00f3n en la educaci\u00f3n y el conocimiento. Esta es una mejor manera de resolver los problemas actuales y del porvenir de los pueblos.<\/p>","protected":false},"excerpt":{"rendered":"<p>La comunicaci\u00f3n no se debilita en los medios sino que los medios deben redefinirse: promover la educaci\u00f3n, la formaci\u00f3n, la <a class=\"more-link\" href=\"https:\/\/tvmasmagazine.com\/es\/1999\/09\/30\/editorial\/\">&#8230;<\/a><\/p>\n","protected":false},"author":1,"featured_media":0,"comment_status":"closed","ping_status":"closed","sticky":false,"template":"","format":"standard","meta":{"footnotes":""},"categories":[67],"tags":[],"class_list":["post-6039","post","type-post","status-publish","format-standard","hentry","category-archivo"],"_links":{"self":[{"href":"https:\/\/tvmasmagazine.com\/es\/wp-json\/wp\/v2\/posts\/6039","targetHints":{"allow":["GET"]}}],"collection":[{"href":"https:\/\/tvmasmagazine.com\/es\/wp-json\/wp\/v2\/posts"}],"about":[{"href":"https:\/\/tvmasmagazine.com\/es\/wp-json\/wp\/v2\/types\/post"}],"author":[{"embeddable":true,"href":"https:\/\/tvmasmagazine.com\/es\/wp-json\/wp\/v2\/users\/1"}],"replies":[{"embeddable":true,"href":"https:\/\/tvmasmagazine.com\/es\/wp-json\/wp\/v2\/comments?post=6039"}],"version-history":[{"count":0,"href":"https:\/\/tvmasmagazine.com\/es\/wp-json\/wp\/v2\/posts\/6039\/revisions"}],"wp:attachment":[{"href":"https:\/\/tvmasmagazine.com\/es\/wp-json\/wp\/v2\/media?parent=6039"}],"wp:term":[{"taxonomy":"category","embeddable":true,"href":"https:\/\/tvmasmagazine.com\/es\/wp-json\/wp\/v2\/categories?post=6039"},{"taxonomy":"post_tag","embeddable":true,"href":"https:\/\/tvmasmagazine.com\/es\/wp-json\/wp\/v2\/tags?post=6039"}],"curies":[{"name":"wp","href":"https:\/\/api.w.org\/{rel}","templated":true}]}}