{"id":6045,"date":"1999-09-30T15:37:25","date_gmt":"1999-09-30T18:37:25","guid":{"rendered":"http:\/\/www.tvmasmagazine.com\/?p=6045"},"modified":"2013-09-30T15:38:18","modified_gmt":"2013-09-30T18:38:18","slug":"acuerdo-para-transmision-internacional-de-senales-televisivas","status":"publish","type":"post","link":"https:\/\/tvmasmagazine.com\/es\/1999\/09\/30\/acuerdo-para-transmision-internacional-de-senales-televisivas\/","title":{"rendered":"Mercados"},"content":{"rendered":"<p>Chile<br \/>\nAcuerdo para transmisi\u00f3n internacional de se\u00f1ales televisivas<\/p>\n<p>Con el prop\u00f3sito de transmitir su se\u00f1al a todos los pa\u00edses del Mercosur y trascender as\u00ed las fronteras locales, V\u00eda Comunicaciones suscribi\u00f3 un acuerdo con la operadora de larga distancia 188 Mundo Telef\u00f3nica, contrato que fue firmado por Velko Petric, gerente general de 188 Mundo Telef\u00f3nica, y Luis Venegas, presidente de V\u00eda Comunicaciones S.A. Este proyecto posiciona a 188 Mundo Telef\u00f3nica en la operaci\u00f3n de se\u00f1ales de televisi\u00f3n permanentes.<\/p>\n<p>El acuerdo de 188 Mundo Telef\u00f3nica y V\u00eda Comunicaciones S.A. se extender\u00e1 por un per\u00edodo de seis a\u00f1os, vale decir, hasta el a\u00f1o 2005.<\/p>\n<p>\u201cV\u00eda Comunicaciones ha consolidado, en s\u00f3lo cinco a\u00f1os, una posici\u00f3n de liderazgo en el mercado local, convirti\u00e9ndose en la principal productora televisiva de cable del pa\u00eds, que busca consolidar su sitial en la generaci\u00f3n de contenidos para se\u00f1ales propias y otras empresas que lo requieran. En la actualidad V\u00eda Comunicaciones posee 3 canales de televisi\u00f3n -V\u00eda X, Zona Latina y Wurlitzer- que transmiten las 24 horas, con una programaci\u00f3n orientada a diversos grupos objetivos, con claras preferencias musicales\u201d expreso Lu\u00f3s Venegas.<\/p>\n<p>Brasil<br \/>\nInternet en TV por cable<\/p>\n<p>La Agencia Nacional de Telecomunicaciones de Brasil (Anatel) anunci\u00f3 que a partir del 13 de octubre las empresas de televisi\u00f3n por cable podr\u00e1n explotar comercialmente la conexi\u00f3n a internet, a trav\u00e9s de sus redes de fibra \u00f3ptica.<\/p>\n<p>Anatel dio la autorizaci\u00f3n oficial, aunque ya algunas empresas de televisi\u00f3n por cable en Brasil ven\u00edan realizando pruebas en algunas ciudades peque\u00f1as del pa\u00eds antes de ofrecer el servicio, que permitir\u00e1 un acceso 32 veces m\u00e1s r\u00e1pido que el que se obtiene con una l\u00ednea telef\u00f3nica tradicional.<\/p>\n<p>La agencia, de car\u00e1cter estatal, calcula que el mismo d\u00eda 13 de octubre las empresas comenzar\u00e1n a ofrecer el servicio comercialmente.<\/p>","protected":false},"excerpt":{"rendered":"<p>Chile Acuerdo para transmisi\u00f3n internacional de se\u00f1ales televisivas Con el prop\u00f3sito de transmitir su se\u00f1al a todos los pa\u00edses del <a class=\"more-link\" href=\"https:\/\/tvmasmagazine.com\/es\/1999\/09\/30\/acuerdo-para-transmision-internacional-de-senales-televisivas\/\">&#8230;<\/a><\/p>\n","protected":false},"author":1,"featured_media":0,"comment_status":"closed","ping_status":"closed","sticky":false,"template":"","format":"standard","meta":{"footnotes":""},"categories":[67],"tags":[],"class_list":["post-6045","post","type-post","status-publish","format-standard","hentry","category-archivo"],"_links":{"self":[{"href":"https:\/\/tvmasmagazine.com\/es\/wp-json\/wp\/v2\/posts\/6045","targetHints":{"allow":["GET"]}}],"collection":[{"href":"https:\/\/tvmasmagazine.com\/es\/wp-json\/wp\/v2\/posts"}],"about":[{"href":"https:\/\/tvmasmagazine.com\/es\/wp-json\/wp\/v2\/types\/post"}],"author":[{"embeddable":true,"href":"https:\/\/tvmasmagazine.com\/es\/wp-json\/wp\/v2\/users\/1"}],"replies":[{"embeddable":true,"href":"https:\/\/tvmasmagazine.com\/es\/wp-json\/wp\/v2\/comments?post=6045"}],"version-history":[{"count":1,"href":"https:\/\/tvmasmagazine.com\/es\/wp-json\/wp\/v2\/posts\/6045\/revisions"}],"predecessor-version":[{"id":6046,"href":"https:\/\/tvmasmagazine.com\/es\/wp-json\/wp\/v2\/posts\/6045\/revisions\/6046"}],"wp:attachment":[{"href":"https:\/\/tvmasmagazine.com\/es\/wp-json\/wp\/v2\/media?parent=6045"}],"wp:term":[{"taxonomy":"category","embeddable":true,"href":"https:\/\/tvmasmagazine.com\/es\/wp-json\/wp\/v2\/categories?post=6045"},{"taxonomy":"post_tag","embeddable":true,"href":"https:\/\/tvmasmagazine.com\/es\/wp-json\/wp\/v2\/tags?post=6045"}],"curies":[{"name":"wp","href":"https:\/\/api.w.org\/{rel}","templated":true}]}}