{"id":6052,"date":"1999-09-30T15:45:29","date_gmt":"1999-09-30T18:45:29","guid":{"rendered":"http:\/\/www.tvmasmagazine.com\/?p=6052"},"modified":"2013-09-30T15:46:13","modified_gmt":"2013-09-30T18:46:13","slug":"entrevista-con-gustavo-alberto-tovar-presidente-de-un-sistema-comunitario-de-cable-en-cali","status":"publish","type":"post","link":"https:\/\/tvmasmagazine.com\/es\/1999\/09\/30\/entrevista-con-gustavo-alberto-tovar-presidente-de-un-sistema-comunitario-de-cable-en-cali\/","title":{"rendered":"Entrevista con Gustavo Alberto Tovar, presidente de un sistema comunitario de cable en Cali"},"content":{"rendered":"<p>AndinaLink 99<\/p>\n<p>Entrevista con Gustavo Alberto Tovar, presidente de un sistema comunitario de cable en Cali.<\/p>\n<p>Los canales comunitarios en Colombia<\/p>\n<p>La ley los contempla, el Gobierno los desoye, los programadores los resisten, los usuarios los aceptan. Los llaman los \u00abperub\u00f3licos\u00bb.<\/p>\n<p>En el marco del evento TVMAS convers\u00f3 con Gustavo Alberto Tovar, dirigente local que preside un sistema de televisi\u00f3n por cable instalado en un conglomerado de unidades habitacionales en la ciudad de Cali, de los que se desarrollan en barrios abiertos o complejos cerrados en todo Colombia. Estos minisistemas, cuyo apodo de \u00abperub\u00f3licas\u00bb esta dado por retransmitir principalmente se\u00f1ales satelitales originadas en Per\u00fa se estima que representan un mercado actual de 2.000.000 de abonados, y se amparan bajo el derogado Acuerdo N\u00ba 029 de fecha 19 de diciembre de 1997 dictado por la Comisi\u00f3n Nacional de Televisi\u00f3n que en su Cap\u00edtulo I, Principios Generales -Art\u00edculo 2\u00ba-, dec\u00eda: \u00abTelevisi\u00f3n Comunitaria. Es el servicio de televisi\u00f3n prestado por las comunidades organizadas sin \u00e1nimo de lucro, para autoservirse de la televisi\u00f3n nacional e internacional y de la producci\u00f3n propia desarrollada por ella\u00bb. Luego el mismo articulado aclaraba que el servicio deb\u00eda ser prestado utilizando cable f\u00edsico y el organismo en cuesti\u00f3n interpreta que debe actuar dentro de un \u00e1mbito f\u00edsico determinado limitando su crecimiento.<\/p>\n<p> El  testimonio<\/p>\n<p>\u00abEn el pa\u00eds hay aproximadamente 20 mil empresas de televisi\u00f3n comunitaria a lo largo y ancho del pa\u00eds. Existen municipios en donde no hay sino cuatro casas y ya hay all\u00ed televisi\u00f3n comunitaria\u00bb, dijo G.A.Tovar e hizo referencia a quienes ampar\u00e1ndose en la mencionada legislaci\u00f3n ejercen una actividad mercantilista no autorizada, \u00abde los 60 que nos mand\u00f3 la Comisi\u00f3n Nacional de Comisi\u00f3n podemos decir quienes en realidad son y quienes no son comunitarios. El de Aguablanca  y el del barrio Mel\u00e9ndez, entre otros, no son comunitarios, son personas que se quedar\u00f3n con el sistema y  cobran y ese dinero es para sus familias ya que de eso viven\u00bb.<\/p>\n<p> Nos cont\u00f3 de su situaci\u00f3n: \u00abYo la comparto, yo trabajo con el SENA que es una Instituci\u00f3n educativa de Colombia que pertenece al Estado (Instituci\u00f3n que est\u00e1 teniendo acuerdos para contenidos educativos dentro de los canales comunitarios, soy comunicador social, en educaci\u00f3n, hago televisi\u00f3n. Todos mis conocimientos los he dedicado a eso. Yo pude haber hecho lo que muchos hicieron dedicarme al sistema, haber enga\u00f1ado a mi gente, haber sumado mas canales pero no es bueno. Lo que nosotros buscamos es la democratizaci\u00f3n de las tecnolog\u00edas, porque eso se debe hacer de manera urgente, porque no hay opciones de hacerlo. La gente no tiene la oportunidad de acceder a un medio o a un Internet. Yo no he tenido la posibilidad. Entonces, si nosotros logramos romper esas barreras a trav\u00e9s de alianzas, dentro del concepto de comunidades organizadas y logrando contratos porque sabemos que la televisi\u00f3n comunitaria no puede vivir s\u00f3lo de lo que paga el abonado\u00bb.<\/p>\n<p> Haci\u00e9ndonos conocer como se estructuran y cual su actitud ante los proveedores de contenido, manifest\u00f3: \u00abAqu\u00ed estamos varios de COMCOLOMBIA (Confederaci\u00f3n Nacional de Operadores de Televisi\u00f3n Comunitaria de Colombia), que en este momento est\u00e1n contactando proveedores para hablar del tema. Yo habl\u00e9, por ejemplo con Discovery y Cinecanal. Es as\u00ed que, ya han cambiado la imagen de la televisi\u00f3n comunitaria. Incluso, con la gente de Fox comentamos lo bueno de que alguna vez ellos anunciaran un coctel no por haber cerrado un gran negocio con alguna televisi\u00f3n de alg\u00fan pa\u00eds sino por haber cerrado un negocio con la televisi\u00f3n comunitaria de Colombia.\u00bb<\/p>\n<p> Los resultados<\/p>\n<p>Nos cont\u00f3 que opiniones recogieron y cual es la estrateg\u00eda: \u00abAlgunos directivos, como Fox, est\u00e1n dispuestos a ayudarnos porque ven que es muy sano y dicen que ya lleg\u00f3 la hora de  actuar y pensar en millones de ciudadanos del mundo y no s\u00f3lo de Colombia. Nosotros sabemos que no vamos a poder tener, en una primera etapa, m\u00e1s de 5 canales. Es nuestro presupuesto. Pero si podemos generar proyectos podremos conseguir un poco de capital. Por ejemplo; si nos proponemos recoger la basura de una comunidad de los excedentes de ese negocio podremos invertirlo en la televisi\u00f3n. El concepto de comunidad organizada es muy amplio y debe ser muy flexible, y manejado por gente inteligente y honesta se convierte en algo bueno.\u00bb<\/p>\n<p> Ficcion y realidad<\/p>\n<p>Finalmente concluy\u00f3 diciendo: \u00abNosotros sabemos que hay ciertos canales que no vamos a poder comprar, como Cinecanal o el paquete de HBO, pero ya hicimos contacto en Venezuela con los de la Warner, nos est\u00e1n ofreciendo 5 canales por 1.15 centavo de d\u00f3lar. Y es posible y se ha demostrado que en la medida que esas comunidades pobres sean conscientes del pago, de no piratiarse, es posible cumplirles. Porque adem\u00e1s, nosotros contamos con los documentos de la C\u00e1mara de Comercio. Tenemos nuestros contadores, nuestros revisores fiscales y hacemos un proyecto de presupuesto anual aprobado por esas asambleas. En esos proyectos aprobados se incluye desde la compra del amplificador, hasta la compra de canales codificados. Hoy por hoy nosotros estamos recogiendo los aportes especiales en estas comunidades, resto se realiza en reuniones donde se aprueban los precios. Por ejemplo en mi comunidad se est\u00e1n dando 15 mil pesos (7.5 d\u00f3lares) una vez al a\u00f1o para comprar canales codificados. El proyecto aspira a recoger 36 millones de pesos (13 mil d\u00f3lares), en este momento tenemos apenas 8 millones de pesos (4 mil d\u00f3lares) y que hace 2 meses no lo ten\u00edamos y que est\u00e1n en el Banco de Colombia, en una cuenta abierta a nombre de esta asociaci\u00f3n.\u00bb<\/p>\n<p>La empresa y sus responsables han recibido altas distinciones internacionales por sus trabajos. Entre ellas el premio TEC Award 1998 de Estados Unidos en la categor\u00eda Excelencia en el dise\u00f1o ac\u00fastico.<\/p>\n<p>Como novedad exclusiva para la Argentina Fingers Art Group ha montado dos salas de DVD, una destinada exclusivamente a maste-rizaci\u00f3n grabaci\u00f3n y duplicaci\u00f3n de DVDs, y otra dedicada a presen-taciones en DVD con proye-cciones en pantallas de cine, audio digital etc. Respondiendo a los m\u00e1s altos est\u00e1ndares de calidad internacional.<\/p>\n<p>Comunicado para los proveedores<\/p>\n<p>Los \u00abcomunitarios\u00bb distribuyeron entre las empresas expositoras una circular titulada \u00abComunicado a todos los operadores internacionales y programadores que comercializan se\u00f1ales de televisi\u00f3n codificada\u00bb, cuyo texto dec\u00eda:<\/p>\n<p> \u00abNosotros, integrantes de la televisi\u00f3n comunitaria de Colombia, queremos aclararle, a los productores y programadores internacionales, que no es cierto, que LA PIRATERIA DE SE\u00d1ALES CODIFICADAS, sea un prop\u00f3sito, de la televisi\u00f3n comunitaria de nuestro pa\u00eds. Esta fue una versi\u00f3n, que les vendieron mal intencionadamente, las personas interesadas en que esta modalidad de televisi\u00f3n no se convierta en una realidad y no se constituya en una verdadera alternativa para las clases populares.\u00bb<\/p>\n<p> \u00abPor el contrario, siempre hemos estado dispuestos, a cancelar los derechos de autor y a comprar las se\u00f1ales codificadas, pero ustedes saben, que han sido los problemas de legislaci\u00f3n, lo que ha impedido, que este anhelo, tanto de nosotros como de ustedes, se realice. Como prueba de ello, es que los que deseen negociar con nosotros, en el marco de esta FERIA, estamos dispuestos a dialogar.\u00bb<\/p>\n<p> \u00abPor otra parte, como ya es de conocimiento p\u00fablico y del sector, el acuerdo 029 de 1997 y el Acuerdo 036 de 1998, fueron derogados por la Comisi\u00f3n nacional de Televisi\u00f3n y que esta entidad se dispone a reglamentar nuevamente la amteria en forma \u00edntegra, a trav\u00e9s de un nuevo Acuerdo, donde se vislumbra el futuro mercado de la Televisi\u00f3n comunitaria, basada en la recepci\u00f3n y distribuci\u00f3n de cinco (5) canales codificados. Lo que implica, que los productores y programadores deben prepararse para esta modalidad del mercado.\u00bb<\/p>\n<p> \u00abCOMCOLOMBIA, propone, que se organicen, los paquetes de cinco canales, para no tener que negociar con varias empresas, sino que por el contrario sea con una sola Organizaci\u00f3n.\u00bb<\/p>\n<p>\u00abPero desde ya sugerimos, muy respetuosamente, que se debe acordar, una salida negociada a los inconvenientes jur\u00eddicos, que cursan algunos de nuestros miembros. Somos un excelente mercado para sus empresas y debemos ser pr\u00e1cticos.<\/p>\n<p>Nosotros estamos abiertos y dispuestos al di\u00e1logo.\u00bb La nota se cierra con la n\u00f3mina de los firmantes: Fabio Alvarez Blanco, coordinador general; Fecaribe TV, Harold Salazar; Unisander, Fabio Alvarez; Fedeandina, Fernando Rivera; Telecomunidad, Heli Tarsicio Rojas P.; Federa TV, Julian Tenorio; Aclosec, Albeiro Zuluaga; Asotecam, Alejandro henao; y Fedeantioquia, Cesar Arango.<\/p>","protected":false},"excerpt":{"rendered":"<p>AndinaLink 99 Entrevista con Gustavo Alberto Tovar, presidente de un sistema comunitario de cable en Cali. Los canales comunitarios en <a class=\"more-link\" href=\"https:\/\/tvmasmagazine.com\/es\/1999\/09\/30\/entrevista-con-gustavo-alberto-tovar-presidente-de-un-sistema-comunitario-de-cable-en-cali\/\">&#8230;<\/a><\/p>\n","protected":false},"author":1,"featured_media":0,"comment_status":"closed","ping_status":"closed","sticky":false,"template":"","format":"standard","meta":{"footnotes":""},"categories":[67],"tags":[],"class_list":["post-6052","post","type-post","status-publish","format-standard","hentry","category-archivo"],"_links":{"self":[{"href":"https:\/\/tvmasmagazine.com\/es\/wp-json\/wp\/v2\/posts\/6052","targetHints":{"allow":["GET"]}}],"collection":[{"href":"https:\/\/tvmasmagazine.com\/es\/wp-json\/wp\/v2\/posts"}],"about":[{"href":"https:\/\/tvmasmagazine.com\/es\/wp-json\/wp\/v2\/types\/post"}],"author":[{"embeddable":true,"href":"https:\/\/tvmasmagazine.com\/es\/wp-json\/wp\/v2\/users\/1"}],"replies":[{"embeddable":true,"href":"https:\/\/tvmasmagazine.com\/es\/wp-json\/wp\/v2\/comments?post=6052"}],"version-history":[{"count":0,"href":"https:\/\/tvmasmagazine.com\/es\/wp-json\/wp\/v2\/posts\/6052\/revisions"}],"wp:attachment":[{"href":"https:\/\/tvmasmagazine.com\/es\/wp-json\/wp\/v2\/media?parent=6052"}],"wp:term":[{"taxonomy":"category","embeddable":true,"href":"https:\/\/tvmasmagazine.com\/es\/wp-json\/wp\/v2\/categories?post=6052"},{"taxonomy":"post_tag","embeddable":true,"href":"https:\/\/tvmasmagazine.com\/es\/wp-json\/wp\/v2\/tags?post=6052"}],"curies":[{"name":"wp","href":"https:\/\/api.w.org\/{rel}","templated":true}]}}