{"id":6054,"date":"1999-09-30T15:48:54","date_gmt":"1999-09-30T18:48:54","guid":{"rendered":"http:\/\/www.tvmasmagazine.com\/?p=6054"},"modified":"2013-09-30T15:49:39","modified_gmt":"2013-09-30T18:49:39","slug":"cable-%c2%b499-evaluacion-y-puntos-salientes-de-las-disertaciones-fichas-de-sesiones-academicas","status":"publish","type":"post","link":"https:\/\/tvmasmagazine.com\/es\/1999\/09\/30\/cable-%c2%b499-evaluacion-y-puntos-salientes-de-las-disertaciones-fichas-de-sesiones-academicas\/","title":{"rendered":"Cable \u00b499. Evaluaci\u00f3n y puntos salientes de las disertaciones. Fichas de sesiones acad\u00e9micas"},"content":{"rendered":"<p>Evaluaci\u00f3n y puntos salientes de las disertaciones<\/p>\n<p>Fichas de sesiones acad\u00e9micas<\/p>\n<p>Revisi\u00f3n y perspectivas de la industria del<\/p>\n<p>cable en la Argentina.<\/p>\n<p>(Martes 27 de julio)<\/p>\n<p>Disertantes:<\/p>\n<p>Walter Burzaco (Gerente de desarrollo corporativo de CableVisi\u00f3n), Alejandro Mirsky (Gerente de producto de Multicanal), Jos\u00e9 Toledo (Presidente de Red Intercable)<\/p>\n<p>Moderador:<\/p>\n<p>Raul Malisani (Pro Secretario de ATVC, miembro de la Comisi\u00f3n Directiva)<\/p>\n<p>Resumen de contenidos:<\/p>\n<p>Walter Burzaco hizo una reflexi\u00f3n sobre el grado de penetraci\u00f3n relativa de le Televisi\u00f3n por Cable en la sociedad frente a otros medios de comunicaci\u00f3n, continu\u00f3 con un an\u00e1lisis sobre las causas econ\u00f3micas que producen la actual depresi\u00f3n en los negocios del sector. Alejandro Mirski repas\u00f3 las diferentes etapas por las cuales transit\u00f3 la industria de la televisi\u00f3n por cable en nuestro pa\u00eds. Posteriormente, centr\u00f3 su an\u00e1lisis en las exigencias que impone el momento actual. Por su parte, Jos\u00e9 Toledo expuso la posici\u00f3n pol\u00edtica que hoy sostienen los cableoperadores independientes asociados en la Red Intercable.<\/p>\n<p>Algunos puntos destacados:<\/p>\n<p>\u00abLa televisi\u00f3n por cable es el medio de comunicaci\u00f3n por excelencia en nuestro pa\u00eds, dada su extensa inserci\u00f3n en la sociedad.<\/p>\n<p>Un ejemplo: en el interior existen localidades donde no hay cines. En esos lugares, todas las pel\u00edculas llegan a la gente \u00fanicamente gracias a que existe la televisi\u00f3n por cable\u00bb. (Walter Burzaco)<\/p>\n<p>\u00abHay tres \u00edndices econ\u00f3micos que nos permiten visualizar el momento econ\u00f3mico que estamos viviendo: Desocupaci\u00f3n en aumento, baja en la producci\u00f3n de automotores y baja en la venta de shopings y supermercados. Es innegable que estamos en crisis y la industria del cable no es ajena a ella. Pero el peor error que podemos cometer es no ver a esta depresi\u00f3n como parte de un ciclo econ\u00f3mico. En CableVisi\u00f3n estamos invirtiendo m\u00e1s que nunca en redes y tecnolog\u00eda. De esa manera cuando repunte la actividad econ\u00f3mica podremos arrancar en punta y ocupar una posici\u00f3n de liderazgo (Walter Burzaco)<\/p>\n<p>\u00abLa din\u00e1mica que mantengan las empresas en su comunicaci\u00f3n con el cliente va a ser la clave del cable en el futuro. Deleitarlo con productos que satisfagan espec\u00edficamente sus intereses es el desaf\u00edo que se impo-ne para mantener a esa clientela\u00bb (Alejandro Mirski)<\/p>\n<p>El sector independiente es el que dio nacimiento y vida al cable en nuestro pa\u00eds. Hoy tenemos la firme voluntad de permanecer en el mercado gracias a la puesta en pr\u00e1ctica de varios proyectos modernos y revolucionarios que estamos implementando\u00bb (Jos\u00e9 Toledo)<\/p>\n<p>Calificaci\u00f3n:<br \/>\nInteresante.<\/p>\n<p>Servicios de Banda Ancha:<\/p>\n<p>Perspectiva global.<\/p>\n<p>(Martes 27 de julio)<\/p>\n<p>Disertantes:<\/p>\n<p>Jerry Bennington (Vicepresidente de CableLabs), Mike Fries (Presidente de United Global Com), Jed Safarty (Director de Comunicaciones y Finanzas de Toronto Dominion),<\/p>\n<p>Paul Savoldelli (Director de Hicks, Muse, Tate &#038; Furst), Marc<\/p>\n<p>Sena (Vicepresidente de Servicios Internacionales de<\/p>\n<p>Communications Equity Associates) y Dave Wachob (Vicepresidente y Gerente general de WorldGate Comm.)<\/p>\n<p>Moderadora:<\/p>\n<p>Jimena Urquijo (Analista de Kagan World Media, Inc.)<\/p>\n<p>Resumen de contenidos:<\/p>\n<p>Desde diferentes perspectivas, ejecutivos de la industria del cable y de otros sectores vinculados a los operadores de banda ancha, telefon\u00eda, y finanzas, analizaron qu\u00e9 estrategias y alianzas ser\u00e1n necesarias para que en el campo de la convergencia, tres negocios distintos: voz, video y datos, sean econ\u00f3micamente viables.<\/p>\n<p>Paul Salvodelli plante\u00f3 los problemas a resolver en la actualidad para poner en pr\u00e1ctica esta actividad en nuestra regi\u00f3n. Por \u00faltimo Dave Wachob, present\u00f3 los trabajos que vienen realizando en WorldGate Comm. para desarrollar tecnolog\u00eda que permita utilizar Internet con el televisor como terminal.<\/p>\n<p>Algunos puntos destacados:<\/p>\n<p>\u00abEn t\u00e9rminos generales, en los pr\u00f3ximos a\u00f1os el 30 % de los ingresos de las grandes compa\u00f1\u00edas provendran de los servicios de banda ancha\u00bb. (Jimena Urquijo)<\/p>\n<p>\u00abLos puntos a tener en cuenta para desarrollar los servicios de banda ancha en Latinoam\u00e9rica y que estos sean rentables, son los siguientes: 1- Latinoam\u00e9rica necesita socios para desarrollar esta industria. No cuenta con la tecnolog\u00eda necesaria para hacerlo por s\u00ed sola. Hay que interesar a los inversores que poseen esta tecnolog\u00eda mostr\u00e1ndoles las posibilidades reales que tiene esta regi\u00f3n. 2- Se deben hacer profundos estudios de las perspectivas locales. No es lo mismo dise\u00f1ar una estrategia de desarrollo para Jujuy que para Venezuela. 3- Con los resultados de estos estudios se deben dise\u00f1ar productos pensados para un mercado local. Si Argentina no pierde la perspectiva local tiene un enorme potencial para afianzar y hacer crecer estos servicios porque posee el know how como lo demuestra la forma en que desarroll\u00f3 su industria del cable\u00bb (Paul Salvodelli)<\/p>\n<p>Calificaci\u00f3n:<\/p>\n<p>Muy interesante.<\/p>\n<p>Servicios de banda ancha: video<\/p>\n<p>digital &#8211; telefon\u00eda. Datos y valor agregado. Internet y comercio electr\u00f3nico.<\/p>\n<p>(Mi\u00e9rcoles 28 de julio)<\/p>\n<p>Disertantes:<\/p>\n<p>Presentaci\u00f3n del Presidente de la C\u00e1mara de bases de datos de la Rep\u00fablica Argentina, Sr. Oscar Messano y del Presidente de la C\u00e1mara de empresas de Software y Servicios informativos Dr. Jorge Cassino.<\/p>\n<p>Resumen de contenidos:<\/p>\n<p>Los dos disertantes analizaron las posibilidades que existen actualmente en nuestro medio de utilizar las redes de cable existentes, para brindar servicios de banda ancha. Se abocaron a discriminar los factores que hacen factibles o no la realizaci\u00f3n de este tipo de inversiones. En el marco de la convergencia, analizaron los factores de tipo econ\u00f3mico, legal y cultural que existen en nuestro pa\u00eds y c\u00f3mo influyen estos factores en la posibilidad de que puedan desarrollarse en el \u00e1mbito de la Argentina este tipo de negocios.<\/p>\n<p>Algunos puntos destacados:<\/p>\n<p>Con una visi\u00f3n muy particular, el presidente de la c\u00e1mara de empresas de software y servicios informativos plante\u00f3 los factores culturales y comerciales que a su entender todav\u00eda no permiten visualizar una madurez en nuestro medio para aceptar definitivamente el asentamiento y desarrollo de servicios de banda ancha. Estos factores ser\u00edan tres: 1- El peligro comercial de concentrar en una sola cuenta los servicios que se brindan. Si un cliente decide dejar de consumir uno de nuestros servicios, deja de consumir todos. 2- El p\u00fablico de nuestro pa\u00eds no est\u00e1 acostumbrado a utilizar tecnolog\u00eda de manejo complejo. Se necesita un tiempo de acostumbramiento para que la gente empiece a aceptar c\u00f3modamente estos sistemas.3 \u2013 La despersonalizaci\u00f3n, a trav\u00e9s del mousse no sabemos d\u00f3nde encontrar a nuestros proveedores, ni a nuestros competidores<\/p>\n<p>Seg\u00fan la postura del Dr. Cassino, actualmente existe una saturaci\u00f3n en la oferta de tecnolog\u00eda a la gente, sin que esta oferta est\u00e9 acompa\u00f1ada de una maduraci\u00f3n para absorber la avalancha tecnol\u00f3gica. Seg\u00fan \u00e9l se deber\u00eda pensar m\u00e1s en c\u00f3mo ir brindando esta tecnolog\u00eda paulatinamente de manera que el mercado pueda aplicar con mejor eficiencia las posibilidades que estos adelantos suponen.<\/p>\n<p>Calificaci\u00f3n:<\/p>\n<p>Muy interesante.<\/p>","protected":false},"excerpt":{"rendered":"<p>Evaluaci\u00f3n y puntos salientes de las disertaciones Fichas de sesiones acad\u00e9micas Revisi\u00f3n y perspectivas de la industria del cable en <a class=\"more-link\" href=\"https:\/\/tvmasmagazine.com\/es\/1999\/09\/30\/cable-%c2%b499-evaluacion-y-puntos-salientes-de-las-disertaciones-fichas-de-sesiones-academicas\/\">&#8230;<\/a><\/p>\n","protected":false},"author":1,"featured_media":0,"comment_status":"closed","ping_status":"closed","sticky":false,"template":"","format":"standard","meta":{"footnotes":""},"categories":[67],"tags":[],"class_list":["post-6054","post","type-post","status-publish","format-standard","hentry","category-archivo"],"_links":{"self":[{"href":"https:\/\/tvmasmagazine.com\/es\/wp-json\/wp\/v2\/posts\/6054","targetHints":{"allow":["GET"]}}],"collection":[{"href":"https:\/\/tvmasmagazine.com\/es\/wp-json\/wp\/v2\/posts"}],"about":[{"href":"https:\/\/tvmasmagazine.com\/es\/wp-json\/wp\/v2\/types\/post"}],"author":[{"embeddable":true,"href":"https:\/\/tvmasmagazine.com\/es\/wp-json\/wp\/v2\/users\/1"}],"replies":[{"embeddable":true,"href":"https:\/\/tvmasmagazine.com\/es\/wp-json\/wp\/v2\/comments?post=6054"}],"version-history":[{"count":0,"href":"https:\/\/tvmasmagazine.com\/es\/wp-json\/wp\/v2\/posts\/6054\/revisions"}],"wp:attachment":[{"href":"https:\/\/tvmasmagazine.com\/es\/wp-json\/wp\/v2\/media?parent=6054"}],"wp:term":[{"taxonomy":"category","embeddable":true,"href":"https:\/\/tvmasmagazine.com\/es\/wp-json\/wp\/v2\/categories?post=6054"},{"taxonomy":"post_tag","embeddable":true,"href":"https:\/\/tvmasmagazine.com\/es\/wp-json\/wp\/v2\/tags?post=6054"}],"curies":[{"name":"wp","href":"https:\/\/api.w.org\/{rel}","templated":true}]}}