{"id":60761,"date":"2022-04-19T21:19:28","date_gmt":"2022-04-20T00:19:28","guid":{"rendered":"https:\/\/tvmasmagazine.com\/?p=60761"},"modified":"2022-07-20T22:00:52","modified_gmt":"2022-07-21T01:00:52","slug":"combate-global-cristian-perez-vs-sebastian-santana-guedes-en-una-batalla-de-peso-ligero","status":"publish","type":"post","link":"https:\/\/tvmasmagazine.com\/es\/2022\/04\/19\/combate-global-cristian-perez-vs-sebastian-santana-guedes-en-una-batalla-de-peso-ligero\/","title":{"rendered":"COMBATE GLOBAL. Cristian Perez vs. Sebastian Santana Guedes en una batalla de peso ligero"},"content":{"rendered":"<p><span style=\"color: #ff6600;\">DEPORTES \/ TV ABIERTA<\/span><\/p>\n<p><span style=\"color: #000080;\"><strong>Nielsen indica que un 91 por ciento de los espectadores de Combate Global en los EE. UU. no son espectadores habituales de otro contenido de MMA, lo que demuestra que Combate Global ha ganado una nueva audiencia de MMA con su competencia al estilo de la Copa Mundial, pa\u00eds contra pa\u00eds<\/strong><\/span><\/p>\n<p><span style=\"color: #000080;\"><strong>Santana Guedes, de 27 a\u00f1os oriundo de Las Palmas, Gran Canaria, Espa\u00f1a, veterano del primer torneo europeo de una noche de Combate Global que tuvo lugar el pasado 1 de agosto.<\/strong><\/span><\/p>\n<p><span style=\"color: #000080;\"><strong>La pelea estelar es el viernes, 22 de abril en vivo por Univision y TUDN USA<\/strong><\/span><\/p>\n<p>La principal franquicia deportiva hispana de Artes Marciales Mixtas (MMA), convertida r\u00e1pidamente en el deporte n\u00famero dos despu\u00e9s del f\u00fatbol para los fan\u00e1ticos de habla hispana en todo el mundo. \u201cCombate Global\u201d anunci\u00f3 hoy una cartelera de combates encabezada por un combate en el evento principal de peso ligero (155 libras) entre la estrella mexicana y ganador del premio \u00abPeleador del A\u00f1o\u00bb 2021 <strong>Cristian \u00abPuas\u00bb P\u00e9rez<\/strong> (8-1) y el destacado espa\u00f1ol Sebasti\u00e1n Santana Guedes (8-4-1) el viernes 22 de abril, en vivo por Univision (12 a.m. ET \/ PT) y TUDN USA (12 a.m. ET \/ 9 p.m. PT) en los Estados Unidos desde Miami.<\/p>\n<div id=\"attachment_60762\" style=\"width: 1110px\" class=\"wp-caption aligncenter\"><img loading=\"lazy\" decoding=\"async\" aria-describedby=\"caption-attachment-60762\" class=\"size-full wp-image-60762\" src=\"https:\/\/tvmasmagazine.com\/wp-content\/uploads\/2022\/04\/combate-global-foto-1.jpg\" alt=\"\" width=\"1100\" height=\"880\" srcset=\"https:\/\/tvmasmagazine.com\/wp-content\/uploads\/2022\/04\/combate-global-foto-1.jpg 1100w, https:\/\/tvmasmagazine.com\/wp-content\/uploads\/2022\/04\/combate-global-foto-1-350x280.jpg 350w, https:\/\/tvmasmagazine.com\/wp-content\/uploads\/2022\/04\/combate-global-foto-1-1024x819.jpg 1024w, https:\/\/tvmasmagazine.com\/wp-content\/uploads\/2022\/04\/combate-global-foto-1-150x120.jpg 150w, https:\/\/tvmasmagazine.com\/wp-content\/uploads\/2022\/04\/combate-global-foto-1-768x614.jpg 768w\" sizes=\"auto, (max-width: 1100px) 100vw, 1100px\" \/><p id=\"caption-attachment-60762\" class=\"wp-caption-text\">Arriba: Sebasti\u00e1n Santana Guedes (izquierda) de Espa\u00f1a har\u00e1 su segunda salida en La Jaula, la jaula de competencia de combate global, contra Cristian \u00abPuas\u00bb P\u00e9rez en la pelea estelar de peso ligero el viernes 22 de abril.<\/p><\/div>\n<p><span style=\"color: #ff0000;\">P\u00e9rez, de 22 a\u00f1os, de Ensenada, B.C., M\u00e9xico,<\/span> fue casi imparable en 2021, ganando cinco peleas consecutivas, cuatro por medio de (T)KO o sumisi\u00f3n, en un lapso de solo siete meses antes de perder una decisi\u00f3n un\u00e1nime ante Enrique \u00abBaby Bull\u00bb Gonz\u00e1lez en la etapa de campeonato de un torneo de una noche y ocho hombres el pasado 12 de noviembre.<\/p>\n<p><span style=\"color: #ff0000;\">Santana Guedes es un joven de 27 a\u00f1os oriundo de Las Palmas, Gran Canaria, Espa\u00f1a,<\/span> veterano del primer torneo europeo de una noche de Combate Global que tuvo lugar el pasado 1 de agosto y ha obtenido cinco de las ocho victorias de su carrera profesional a trav\u00e9s de la sumisi\u00f3n.<\/p>\n<p>En el evento co-estelar de peso \u00e1tomo femenino (105 libras), Diana Mendoza (2-0) de Dana Point, California, se enfrentar\u00e1 a la invicta Daniela \u00abTiny Mexa\u00bb Hern\u00e1ndez (2-0) de Monterrey, N.L., M\u00e9xico.<\/p>\n<p>Tambi\u00e9n, Gerardo \u00abTerrier\u00bb Graniel (7-3) de la Ciudad de M\u00e9xico, M\u00e9xico se enfrenta a Chris Ocon (5-2) de Memphis, Tennessee en el peso mosca (125 libras).<\/p>\n<p>La cartelera de combate preliminar se destacar\u00e1 con el debut en Combate Global de Georgie Garc\u00eda (9-5) de Pacoima, California.\u00a0 Garc\u00eda se enfrentar\u00e1 a Ismael \u00abKraken\u00bb Zamora (2-1) de la Ciudad de M\u00e9xico, quien viene de una victoria v\u00eda sumisi\u00f3n en el segundo asalto (1:28) (llave de brazo) del invicto Rick Zelada el 8 de abril.<\/p>\n<p>Liderando la cartelera preliminar estar\u00e1 una inclinaci\u00f3n de peso paja femenino (115 libras) entre Valentina Moriel (0-0) de Santiago, Chile, quien har\u00e1 su debut profesional, y Fernanda Larios (0-2) de Guadalajara, J.L., M\u00e9xico.\u00a0 <a href=\"https:\/\/www.combateglobal.com\/\">www.CombateGlobal.com<\/a> \u00a0y a trav\u00e9s de la redes sociales Facebook, Instagram, Twitter y YouTube<\/p>","protected":false},"excerpt":{"rendered":"<p>DEPORTES \/ TV ABIERTA Nielsen indica que un 91 por ciento de los espectadores de Combate Global en los EE. <a class=\"more-link\" href=\"https:\/\/tvmasmagazine.com\/es\/2022\/04\/19\/combate-global-cristian-perez-vs-sebastian-santana-guedes-en-una-batalla-de-peso-ligero\/\">&#8230;<\/a><\/p>\n","protected":false},"author":1,"featured_media":60762,"comment_status":"closed","ping_status":"closed","sticky":false,"template":"","format":"standard","meta":{"footnotes":""},"categories":[79],"tags":[],"class_list":["post-60761","post","type-post","status-publish","format-standard","has-post-thumbnail","hentry","category-tv-abierta"],"_links":{"self":[{"href":"https:\/\/tvmasmagazine.com\/es\/wp-json\/wp\/v2\/posts\/60761","targetHints":{"allow":["GET"]}}],"collection":[{"href":"https:\/\/tvmasmagazine.com\/es\/wp-json\/wp\/v2\/posts"}],"about":[{"href":"https:\/\/tvmasmagazine.com\/es\/wp-json\/wp\/v2\/types\/post"}],"author":[{"embeddable":true,"href":"https:\/\/tvmasmagazine.com\/es\/wp-json\/wp\/v2\/users\/1"}],"replies":[{"embeddable":true,"href":"https:\/\/tvmasmagazine.com\/es\/wp-json\/wp\/v2\/comments?post=60761"}],"version-history":[{"count":2,"href":"https:\/\/tvmasmagazine.com\/es\/wp-json\/wp\/v2\/posts\/60761\/revisions"}],"predecessor-version":[{"id":63326,"href":"https:\/\/tvmasmagazine.com\/es\/wp-json\/wp\/v2\/posts\/60761\/revisions\/63326"}],"wp:featuredmedia":[{"embeddable":true,"href":"https:\/\/tvmasmagazine.com\/es\/wp-json\/wp\/v2\/media\/60762"}],"wp:attachment":[{"href":"https:\/\/tvmasmagazine.com\/es\/wp-json\/wp\/v2\/media?parent=60761"}],"wp:term":[{"taxonomy":"category","embeddable":true,"href":"https:\/\/tvmasmagazine.com\/es\/wp-json\/wp\/v2\/categories?post=60761"},{"taxonomy":"post_tag","embeddable":true,"href":"https:\/\/tvmasmagazine.com\/es\/wp-json\/wp\/v2\/tags?post=60761"}],"curies":[{"name":"wp","href":"https:\/\/api.w.org\/{rel}","templated":true}]}}