{"id":60768,"date":"2022-04-20T08:42:38","date_gmt":"2022-04-20T11:42:38","guid":{"rendered":"https:\/\/tvmasmagazine.com\/?p=60768"},"modified":"2022-07-20T21:59:29","modified_gmt":"2022-07-21T00:59:29","slug":"univision-estrenara-el-ultimo-rey-el-hijo-del-pueblo","status":"publish","type":"post","link":"https:\/\/tvmasmagazine.com\/es\/2022\/04\/20\/univision-estrenara-el-ultimo-rey-el-hijo-del-pueblo\/","title":{"rendered":"Univision estrenar\u00e1  \u201cEl \u00daltimo Rey: El Hijo del Pueblo\u201d"},"content":{"rendered":"<p><span style=\"color: #ff6600;\">BIOSERIES \/ TELENOVELAS \/ ESTRENOS<\/span><\/p>\n<p><img loading=\"lazy\" decoding=\"async\" class=\"size-full wp-image-60771 aligncenter\" src=\"https:\/\/tvmasmagazine.com\/wp-content\/uploads\/2022\/04\/EL-ULTIMO-REY-EL-HIJO-DEL-PUEBLO.jpg\" alt=\"\" width=\"1430\" height=\"953\" srcset=\"https:\/\/tvmasmagazine.com\/wp-content\/uploads\/2022\/04\/EL-ULTIMO-REY-EL-HIJO-DEL-PUEBLO.jpg 1430w, https:\/\/tvmasmagazine.com\/wp-content\/uploads\/2022\/04\/EL-ULTIMO-REY-EL-HIJO-DEL-PUEBLO-350x233.jpg 350w, https:\/\/tvmasmagazine.com\/wp-content\/uploads\/2022\/04\/EL-ULTIMO-REY-EL-HIJO-DEL-PUEBLO-1024x682.jpg 1024w, https:\/\/tvmasmagazine.com\/wp-content\/uploads\/2022\/04\/EL-ULTIMO-REY-EL-HIJO-DEL-PUEBLO-150x100.jpg 150w, https:\/\/tvmasmagazine.com\/wp-content\/uploads\/2022\/04\/EL-ULTIMO-REY-EL-HIJO-DEL-PUEBLO-768x512.jpg 768w\" sizes=\"auto, (max-width: 1430px) 100vw, 1430px\" \/><\/p>\n<p><strong><span style=\"color: #000080;\">Serie Biogr\u00e1fica sobre Vicente Fern\u00e1ndez. Con un elenco estelar que incluye a Pablo Montero, Ang\u00e9lica Arag\u00f3n, Salvador S\u00e1nchez, Iliana Fox, Jes\u00fas Mor\u00e9, Iv\u00e1n Arana, Emilio Osorio y Vince Miranda.<\/span><\/strong><\/p>\n<p><strong><span style=\"color: #000080;\">Producida por Juan Osorio, se estrenar\u00e1 el 17 de mayo a las 10 p.m.<\/span><\/strong><\/p>\n<p>El canal estadounidense ya tiene fecha de estreno de \u201cEl \u00faltimo rey: el hijo del pueblo\u201d, la serie biogr\u00e1fica sobre el legendario artista Vicente Fern\u00e1ndez con el cantante y actor mexicano Pablo Montero como protagonista. Producida por el renombrado productor de televisi\u00f3n Juan Osorio, estrenar\u00e1 en los Estados Unidos el 17 de mayo a las 10 p.m. Este por Univision.<\/p>\n<p><span style=\"color: #ff0000;\">La historia.<\/span>\u00a0 Desde su origen humilde hasta su ascenso a la fama y todo lo que trascurri\u00f3 para alcanzarla, es la inspiradora historia de la vida y el legado de Vicente Fern\u00e1ndez, el rey de la m\u00fasica ranchera. Los\u00a0 \u00a0sucesos de gran impacto, su gran historia de amor, tragedias personales y los sacrificios que hizo para llegar a ser un adorado \u00eddolo cultural.<\/p>\n<p>\u201cEs un privilegio y honor llevar a la pantalla la vida y el legado de Vicente Fern\u00e1ndez con una historia fascinante y de una manera que solo TelevisaUnivision puede narrar\u201d, dijo <strong>Juan Osorio, productor ejecutivo<\/strong>. \u201cEsta inspiradora historia cuenta con contenido exclusivo y momentos que evocar\u00e1n sentimientos de nostalgia y admiraci\u00f3n al hombre detr\u00e1s del \u00eddolo que cautiv\u00f3 a M\u00e9xico y el mundo\u201d.<\/p>\n<p><span style=\"color: #ff0000;\">Osorio ha producido m\u00e1s de 27 series y melodramas<\/span>, entre ellos \u201cSoltero con hijas\u201d, \u201cMi marido tiene familia\u201d y \u201c\u00bfQu\u00e9 le pasa a mi familia?\u201d.<\/p>\n<p><span style=\"color: #ff0000;\">El elenco estelar incluye a<\/span> Ang\u00e9lica Arag\u00f3n, Iv\u00e1n Arana, Iliana Fox, Pablo Montero, Jes\u00fas Mor\u00e9, Emilio Osorio, Salvador S\u00e1nchez y Vince Miranda.<\/p>\n<p><span style=\"color: #ff0000;\">INFORMACI\u00d3N CLAVE.<\/span> La primera temporada de \u201cEl \u00faltimo rey, el hijo del pueblo\u201d rompi\u00f3 un record alcanzando 33 millones de televidentes en Mexico.*Fuente: Nielsen Ibope Mexico.<\/p>\n<p>Los televidentes pueden participar en la conversaci\u00f3n usando el hashtag #ElUltimoReyUS y seguir a Univision en Facebook, Instagram y Twitter.<\/p>\n<p>Sigan @UnivisionPRTeam en\u202fTwitter\u202fe Instagram.<\/p>","protected":false},"excerpt":{"rendered":"<p>BIOSERIES \/ TELENOVELAS \/ ESTRENOS Serie Biogr\u00e1fica sobre Vicente Fern\u00e1ndez. Con un elenco estelar que incluye a Pablo Montero, Ang\u00e9lica <a class=\"more-link\" href=\"https:\/\/tvmasmagazine.com\/es\/2022\/04\/20\/univision-estrenara-el-ultimo-rey-el-hijo-del-pueblo\/\">&#8230;<\/a><\/p>\n","protected":false},"author":1,"featured_media":60771,"comment_status":"closed","ping_status":"closed","sticky":false,"template":"","format":"standard","meta":{"footnotes":""},"categories":[40,256,73,79],"tags":[],"class_list":["post-60768","post","type-post","status-publish","format-standard","has-post-thumbnail","hentry","category-estrenos-old","category-series","category-telenovelas-series","category-tv-abierta"],"_links":{"self":[{"href":"https:\/\/tvmasmagazine.com\/es\/wp-json\/wp\/v2\/posts\/60768","targetHints":{"allow":["GET"]}}],"collection":[{"href":"https:\/\/tvmasmagazine.com\/es\/wp-json\/wp\/v2\/posts"}],"about":[{"href":"https:\/\/tvmasmagazine.com\/es\/wp-json\/wp\/v2\/types\/post"}],"author":[{"embeddable":true,"href":"https:\/\/tvmasmagazine.com\/es\/wp-json\/wp\/v2\/users\/1"}],"replies":[{"embeddable":true,"href":"https:\/\/tvmasmagazine.com\/es\/wp-json\/wp\/v2\/comments?post=60768"}],"version-history":[{"count":2,"href":"https:\/\/tvmasmagazine.com\/es\/wp-json\/wp\/v2\/posts\/60768\/revisions"}],"predecessor-version":[{"id":63325,"href":"https:\/\/tvmasmagazine.com\/es\/wp-json\/wp\/v2\/posts\/60768\/revisions\/63325"}],"wp:featuredmedia":[{"embeddable":true,"href":"https:\/\/tvmasmagazine.com\/es\/wp-json\/wp\/v2\/media\/60771"}],"wp:attachment":[{"href":"https:\/\/tvmasmagazine.com\/es\/wp-json\/wp\/v2\/media?parent=60768"}],"wp:term":[{"taxonomy":"category","embeddable":true,"href":"https:\/\/tvmasmagazine.com\/es\/wp-json\/wp\/v2\/categories?post=60768"},{"taxonomy":"post_tag","embeddable":true,"href":"https:\/\/tvmasmagazine.com\/es\/wp-json\/wp\/v2\/tags?post=60768"}],"curies":[{"name":"wp","href":"https:\/\/api.w.org\/{rel}","templated":true}]}}