{"id":60834,"date":"2022-04-23T16:08:54","date_gmt":"2022-04-23T19:08:54","guid":{"rendered":"https:\/\/tvmasmagazine.com\/?p=60834"},"modified":"2022-07-20T21:56:02","modified_gmt":"2022-07-21T00:56:02","slug":"entrevista-nagra-esta-presente-en-la-feria-internacional-nab","status":"publish","type":"post","link":"https:\/\/tvmasmagazine.com\/es\/2022\/04\/23\/entrevista-nagra-esta-presente-en-la-feria-internacional-nab\/","title":{"rendered":"NAGRA est\u00e1 presente en la feria internacional NAB"},"content":{"rendered":"<p><span style=\"color: #ff6600;\">ENTREVISTA \/ EVENTOS INTERNACIONALES \/ MEDIOS<\/span><\/p>\n<div id=\"attachment_60835\" style=\"width: 693px\" class=\"wp-caption aligncenter\"><img loading=\"lazy\" decoding=\"async\" aria-describedby=\"caption-attachment-60835\" class=\"size-full wp-image-60835\" src=\"https:\/\/tvmasmagazine.com\/wp-content\/uploads\/2022\/04\/Rohit-Mehra-NAGRA.jpg\" alt=\"\" width=\"683\" height=\"1024\" srcset=\"https:\/\/tvmasmagazine.com\/wp-content\/uploads\/2022\/04\/Rohit-Mehra-NAGRA.jpg 683w, https:\/\/tvmasmagazine.com\/wp-content\/uploads\/2022\/04\/Rohit-Mehra-NAGRA-233x350.jpg 233w, https:\/\/tvmasmagazine.com\/wp-content\/uploads\/2022\/04\/Rohit-Mehra-NAGRA-100x150.jpg 100w\" sizes=\"auto, (max-width: 683px) 100vw, 683px\" \/><p id=\"caption-attachment-60835\" class=\"wp-caption-text\">Rohit Mehra, NAGRA<\/p><\/div>\n<p><span style=\"color: #000080;\"><strong>NAB es una de las ferias m\u00e1s importantes del mundo en materia de medios y entretenimiento. El evento, que empez\u00f3 hoy tiene lugar en Las Vegas, Estados Unidos hasta el 27 de abril, nuclea a las empresas m\u00e1s destacadas de la escena internacional del mundo del Broadcasting, TV y Multimedia, entre otros sectores.<\/strong><\/span><\/p>\n<p><span style=\"color: #000080;\"><strong>Rohit Mehra quien ha estado en el Grupo Kudelski desde 2014 y dirige las actividades de ventas para las Am\u00e9ricas habl\u00f3 con TVMAS y dijo que el foco es en la innovaci\u00f3n y la transformaci\u00f3n, que son esenciales para el crecimiento futuro. Tambi\u00e9n, como evitar ataques cibern\u00e9ticos m\u00e1s amplios en toda la cadena de valor del contenido.<\/strong><\/span><\/p>\n<p><a href=\"https:\/\/www.nagra.com\/\">NAGRA<\/a> ha estado muy activa en los eventos y est\u00e1 en NAB que se celebra desde hoy hasta el 27 de abril. Rohit Mehra quien ha estado en el Grupo Kudelski desde 2014 y dirige las actividades de ventas para las Am\u00e9ricas dijo a TV<span style=\"color: #ff0000;\">MAS<\/span> que \u201cEstamos ansiosos por NAB, \u00a1como creo que todos los que estamos aqui! Es la primera NAB en dos a\u00f1os que volvemos presencialmente, eso es mucho tiempo. Nuestro enfoque ser\u00e1 conectarnos en persona con nuestros colegas, clientes y socios y tener conversaciones sobre una variedad de temas sobre lo que es importante para ellos y c\u00f3mo podemos continuar innovando y creciendo a medida que comenzamos a salir de la pandemia\u201d.<\/p>\n<p>Dijo tambi\u00e9n que \u201cNos centraremos especialmente en la innovaci\u00f3n y la transformaci\u00f3n, que son esenciales para el crecimiento futuro, y en c\u00f3mo las \u00faltimas soluciones de Kudelski Group pueden ayudar a los propietarios, productores y emisoras de contenido a distribuir contenido de forma segura desde la producci\u00f3n hasta la entrega. Tambi\u00e9n tendremos conversaciones sobre c\u00f3mo estamos trabajando para evitar ataques cibern\u00e9ticos m\u00e1s amplios en toda la cadena de valor del contenido\u201d<\/p>\n<p>Adem\u00e1s, el ingeniero y experto en los negocios en Las Am\u00e9ricas agreg\u00f3 que \u201cEstamos trabajando con nuestros clientes en estrategias de crecimiento para nuestras nuevas oportunidades de mercado clave, que incluyen OTT, soluciones de entretenimiento deportivo y la b\u00fasqueda de nuevas formas innovadoras de monetizar las inversiones en 5G. Tambi\u00e9n estamos viendo relevancia en nuestros clientes clave con las soluciones de ciberseguridad de Kudelski Group a medida que implementan m\u00e1s ofertas de hogar conectado.<\/p>\n<p>La empresa tiene operaciones en varios pa\u00edses de la regi\u00f3n: M\u00e9xico, Colombia, Brasil, Argentina, Per\u00fa, Chile, Paraguay, Bolivia, Ecuador, Uruguay, Am\u00e9rica Central y el Caribe, por nombrar algunos.<\/p>\n<p>La revista TV<span style=\"color: #ff0000;\">MAS<\/span> estar\u00e1 presentando una entrevista m\u00e1s amplia en nuestra edici\u00f3n de mayo-junio.<\/p>","protected":false},"excerpt":{"rendered":"<p>ENTREVISTA \/ EVENTOS INTERNACIONALES \/ MEDIOS NAB es una de las ferias m\u00e1s importantes del mundo en materia de medios <a class=\"more-link\" href=\"https:\/\/tvmasmagazine.com\/es\/2022\/04\/23\/entrevista-nagra-esta-presente-en-la-feria-internacional-nab\/\">&#8230;<\/a><\/p>\n","protected":false},"author":1,"featured_media":60836,"comment_status":"closed","ping_status":"closed","sticky":false,"template":"","format":"standard","meta":{"footnotes":""},"categories":[80,47],"tags":[],"class_list":["post-60834","post","type-post","status-publish","format-standard","has-post-thumbnail","hentry","category-ott","category-tv-de-pagp"],"_links":{"self":[{"href":"https:\/\/tvmasmagazine.com\/es\/wp-json\/wp\/v2\/posts\/60834","targetHints":{"allow":["GET"]}}],"collection":[{"href":"https:\/\/tvmasmagazine.com\/es\/wp-json\/wp\/v2\/posts"}],"about":[{"href":"https:\/\/tvmasmagazine.com\/es\/wp-json\/wp\/v2\/types\/post"}],"author":[{"embeddable":true,"href":"https:\/\/tvmasmagazine.com\/es\/wp-json\/wp\/v2\/users\/1"}],"replies":[{"embeddable":true,"href":"https:\/\/tvmasmagazine.com\/es\/wp-json\/wp\/v2\/comments?post=60834"}],"version-history":[{"count":5,"href":"https:\/\/tvmasmagazine.com\/es\/wp-json\/wp\/v2\/posts\/60834\/revisions"}],"predecessor-version":[{"id":63323,"href":"https:\/\/tvmasmagazine.com\/es\/wp-json\/wp\/v2\/posts\/60834\/revisions\/63323"}],"wp:featuredmedia":[{"embeddable":true,"href":"https:\/\/tvmasmagazine.com\/es\/wp-json\/wp\/v2\/media\/60836"}],"wp:attachment":[{"href":"https:\/\/tvmasmagazine.com\/es\/wp-json\/wp\/v2\/media?parent=60834"}],"wp:term":[{"taxonomy":"category","embeddable":true,"href":"https:\/\/tvmasmagazine.com\/es\/wp-json\/wp\/v2\/categories?post=60834"},{"taxonomy":"post_tag","embeddable":true,"href":"https:\/\/tvmasmagazine.com\/es\/wp-json\/wp\/v2\/tags?post=60834"}],"curies":[{"name":"wp","href":"https:\/\/api.w.org\/{rel}","templated":true}]}}