{"id":63245,"date":"2022-07-19T16:50:18","date_gmt":"2022-07-19T19:50:18","guid":{"rendered":"https:\/\/tvmasmagazine.com\/?p=63245"},"modified":"2022-07-19T16:54:42","modified_gmt":"2022-07-19T19:54:42","slug":"hola-tv-especiales-realeza-un-ano-con-la-familia-real-sueca-2021","status":"publish","type":"post","link":"https:\/\/tvmasmagazine.com\/es\/2022\/07\/19\/hola-tv-especiales-realeza-un-ano-con-la-familia-real-sueca-2021\/","title":{"rendered":"\u00a1HOLA! TV  Especiales Realeza \u201cUn a\u00f1o con la familia real sueca 2021\u201d"},"content":{"rendered":"<p><span style=\"color: #ff0000;\">Especiales \/ Entretenimiento<\/span><\/p>\n<p><img loading=\"lazy\" decoding=\"async\" class=\"size-full wp-image-63246 aligncenter\" src=\"https:\/\/tvmasmagazine.com\/wp-content\/uploads\/2022\/07\/HOLA-TV-FamiliaRealSueca2.jpg\" alt=\"\" width=\"2048\" height=\"1152\" srcset=\"https:\/\/tvmasmagazine.com\/wp-content\/uploads\/2022\/07\/HOLA-TV-FamiliaRealSueca2.jpg 2048w, https:\/\/tvmasmagazine.com\/wp-content\/uploads\/2022\/07\/HOLA-TV-FamiliaRealSueca2-350x197.jpg 350w, https:\/\/tvmasmagazine.com\/wp-content\/uploads\/2022\/07\/HOLA-TV-FamiliaRealSueca2-1024x576.jpg 1024w, https:\/\/tvmasmagazine.com\/wp-content\/uploads\/2022\/07\/HOLA-TV-FamiliaRealSueca2-150x84.jpg 150w, https:\/\/tvmasmagazine.com\/wp-content\/uploads\/2022\/07\/HOLA-TV-FamiliaRealSueca2-768x432.jpg 768w, https:\/\/tvmasmagazine.com\/wp-content\/uploads\/2022\/07\/HOLA-TV-FamiliaRealSueca2-1536x864.jpg 1536w\" sizes=\"auto, (max-width: 2048px) 100vw, 2048px\" \/><\/p>\n<p><strong><span style=\"color: #000080;\">El canal experto en informaci\u00f3n de la realeza trae este estreno el pr\u00f3ximo 26 de julio para toda la audiencia de Latinoam\u00e9rica.<\/span><\/strong><\/p>\n<p><strong><span style=\"color: #000080;\">El a\u00f1o 2021 estuvo marcado por la recuperaci\u00f3n de eventos familiares y oficiales de los reyes Carlos Gustavo y Silvia junto a toda la familia.<\/span><\/strong><\/p>\n<p><a href=\"https:\/\/www.atresmediainternacional.com\/\">ATRESMEDIA INTERNACIONAL<\/a> contin\u00faa trayendo contenido de alta calidad y esta vez el canal <a href=\"https:\/\/hola.tv\/\">\u00a1HOLA! TV<\/a> dedica Especiales Realeza del mes de julio a la familia real sueca que, un a\u00f1o m\u00e1s, abre sus palacios al canal especializado en realeza para hacerle testigo de su d\u00eda a d\u00eda durante 2021.<\/p>\n<p>Como en ediciones anteriores, y ya recuperada la normalidad, la familia real sueca retom\u00f3 en 2021 la celebraci\u00f3n de un gran n\u00famero de eventos, tanto familiares como formales, que \u00a1HOLA! TV ha recopilado y ahora muestra en Especiales Realeza: \u2018Un a\u00f1o con la familia real sueca 2021\u2019.<\/p>\n<p>Entre los momentos oficiales que marcaron el pasado a\u00f1o, destacan la visita de estado de los reyes de Espa\u00f1a, la reapertura de un hospital infantil, la cita con el Rally Real de coches antiguos y los ejercicios militares, a pie de campo, de la princesa heredera Victoria. Precisamente, la celebraci\u00f3n de su 44\u00ba cumplea\u00f1os encabeza los momentos familiares de <strong>Especiales Realeza<\/strong>, junto al bautizo de Juli\u00e1n de Suecia y el reencuentro, un a\u00f1o y medio despu\u00e9s, de todos los miembros de la familia en la residencia veraniega, el palacio de Solliden. Grandes momentos que acercan la familia real sueca a la audiencia de \u00a1HOLA! TV.<\/p>\n<p><strong>ESPECIALES REALEZA<\/strong><\/p>\n<p>\u2018UN A\u00d1O CON LA FAMILIA REAL SUECA 2021\u2019<\/p>\n<p><strong>ESTRENO<\/strong> martes, 26 de julio<\/p>\n<div id=\"attachment_63247\" style=\"width: 2058px\" class=\"wp-caption aligncenter\"><img loading=\"lazy\" decoding=\"async\" aria-describedby=\"caption-attachment-63247\" class=\"size-full wp-image-63247\" src=\"https:\/\/tvmasmagazine.com\/wp-content\/uploads\/2022\/07\/HOLA-TV-FamiliaRealSueca7.jpg\" alt=\"\" width=\"2048\" height=\"1152\" srcset=\"https:\/\/tvmasmagazine.com\/wp-content\/uploads\/2022\/07\/HOLA-TV-FamiliaRealSueca7.jpg 2048w, https:\/\/tvmasmagazine.com\/wp-content\/uploads\/2022\/07\/HOLA-TV-FamiliaRealSueca7-350x197.jpg 350w, https:\/\/tvmasmagazine.com\/wp-content\/uploads\/2022\/07\/HOLA-TV-FamiliaRealSueca7-1024x576.jpg 1024w, https:\/\/tvmasmagazine.com\/wp-content\/uploads\/2022\/07\/HOLA-TV-FamiliaRealSueca7-150x84.jpg 150w, https:\/\/tvmasmagazine.com\/wp-content\/uploads\/2022\/07\/HOLA-TV-FamiliaRealSueca7-768x432.jpg 768w, https:\/\/tvmasmagazine.com\/wp-content\/uploads\/2022\/07\/HOLA-TV-FamiliaRealSueca7-1536x864.jpg 1536w\" sizes=\"auto, (max-width: 2048px) 100vw, 2048px\" \/><p id=\"caption-attachment-63247\" class=\"wp-caption-text\">Silvia de Suecia<\/p><\/div>\n<p>LATAM: 8:30PM MX &#8211; COL\/ 9:30PM VEN \/10:30PM ARG<\/p>\n<p>US: 09:30PM\/08:30PM C<\/p>","protected":false},"excerpt":{"rendered":"<p>Especiales \/ Entretenimiento El canal experto en informaci\u00f3n de la realeza trae este estreno el pr\u00f3ximo 26 de julio para <a class=\"more-link\" href=\"https:\/\/tvmasmagazine.com\/es\/2022\/07\/19\/hola-tv-especiales-realeza-un-ano-con-la-familia-real-sueca-2021\/\">&#8230;<\/a><\/p>\n","protected":false},"author":1,"featured_media":63246,"comment_status":"closed","ping_status":"closed","sticky":false,"template":"","format":"standard","meta":{"footnotes":""},"categories":[80,256,47],"tags":[],"class_list":["post-63245","post","type-post","status-publish","format-standard","has-post-thumbnail","hentry","category-ott","category-series","category-tv-de-pagp"],"_links":{"self":[{"href":"https:\/\/tvmasmagazine.com\/es\/wp-json\/wp\/v2\/posts\/63245","targetHints":{"allow":["GET"]}}],"collection":[{"href":"https:\/\/tvmasmagazine.com\/es\/wp-json\/wp\/v2\/posts"}],"about":[{"href":"https:\/\/tvmasmagazine.com\/es\/wp-json\/wp\/v2\/types\/post"}],"author":[{"embeddable":true,"href":"https:\/\/tvmasmagazine.com\/es\/wp-json\/wp\/v2\/users\/1"}],"replies":[{"embeddable":true,"href":"https:\/\/tvmasmagazine.com\/es\/wp-json\/wp\/v2\/comments?post=63245"}],"version-history":[{"count":2,"href":"https:\/\/tvmasmagazine.com\/es\/wp-json\/wp\/v2\/posts\/63245\/revisions"}],"predecessor-version":[{"id":63249,"href":"https:\/\/tvmasmagazine.com\/es\/wp-json\/wp\/v2\/posts\/63245\/revisions\/63249"}],"wp:featuredmedia":[{"embeddable":true,"href":"https:\/\/tvmasmagazine.com\/es\/wp-json\/wp\/v2\/media\/63246"}],"wp:attachment":[{"href":"https:\/\/tvmasmagazine.com\/es\/wp-json\/wp\/v2\/media?parent=63245"}],"wp:term":[{"taxonomy":"category","embeddable":true,"href":"https:\/\/tvmasmagazine.com\/es\/wp-json\/wp\/v2\/categories?post=63245"},{"taxonomy":"post_tag","embeddable":true,"href":"https:\/\/tvmasmagazine.com\/es\/wp-json\/wp\/v2\/tags?post=63245"}],"curies":[{"name":"wp","href":"https:\/\/api.w.org\/{rel}","templated":true}]}}