{"id":63583,"date":"2022-08-07T12:55:48","date_gmt":"2022-08-07T15:55:48","guid":{"rendered":"https:\/\/tvmasmagazine.com\/?p=63583"},"modified":"2022-08-07T12:55:48","modified_gmt":"2022-08-07T15:55:48","slug":"en-colombia-la-tv-abierta-continua-en-manos-de-un-oligopolio","status":"publish","type":"post","link":"https:\/\/tvmasmagazine.com\/es\/2022\/08\/07\/en-colombia-la-tv-abierta-continua-en-manos-de-un-oligopolio\/","title":{"rendered":"En Colombia la TV abierta continua en manos de un  oligopolio"},"content":{"rendered":"<p><span style=\"color: #ff0000;\">Entrevista<\/span><\/p>\n<p><span style=\"color: #000080;\"><strong>Colombia se debate entre la publicidad y una audiencia que tiene m\u00faltiples ofertas streaming<\/strong><\/span><\/p>\n<p>Para darle continuidad y ampliar el\u00a0INFORME ESPECIAL de \u00a0\u201cLos desaf\u00edos de los noticieros\u201d. La directora de\u00a0TVMAS,\u00a0Amanda Ospina entrevist\u00f3 a\u00a0Jos\u00e9 Fernando Parada Rodr\u00edguez, especialista y comisionado de la Sesi\u00f3n de Contenidos de la Comisi\u00f3n de Regulaci\u00f3n de Comunicaciones (CRC) de Colombia para que comparta los resultados del \u00faltimo informe sobre estos temas candentes como son los principios constitucionales de libertad de expresi\u00f3n, libertad de informaci\u00f3n de manera sim\u00e9trica y no sesgada.<\/p>\n<p><img loading=\"lazy\" decoding=\"async\" class=\"size-full wp-image-63584 aligncenter\" src=\"https:\/\/tvmasmagazine.com\/wp-content\/uploads\/2022\/07\/unnamed.png\" alt=\"\" width=\"531\" height=\"798\" srcset=\"https:\/\/tvmasmagazine.com\/wp-content\/uploads\/2022\/07\/unnamed.png 531w, https:\/\/tvmasmagazine.com\/wp-content\/uploads\/2022\/07\/unnamed-233x350.png 233w, https:\/\/tvmasmagazine.com\/wp-content\/uploads\/2022\/07\/unnamed-100x150.png 100w\" sizes=\"auto, (max-width: 531px) 100vw, 531px\" \/><\/p>\n<p><span style=\"color: #ff0000;\">\u201cHay poca cobertura en los temas, como los ambientales y culturales, ya que la mayor parte de los contenidos informativos est\u00e1n dedicados a temas de pol\u00edtica y orden p\u00fablico\u201d.<\/span><\/p>\n<p>\u00bfLa televisi\u00f3n abierta colombiana es verdaderamente plural y diversa? O \u00bfQu\u00e9 punto clave le falta para lograrlo como lo han logrado otros pa\u00edses de la regi\u00f3n? Especialmente, en los programas informativos, noticias y de opini\u00f3n.<\/p>\n<p>\u201cLos resultados de la investigaci\u00f3n mostraron un ecosistema de medios con altos niveles de riesgo al pluralismo y a la diversidad en algunos aspectos, principalmente en lo que concierne a la alta concentraci\u00f3n de la audiencia y la pauta publicitaria en unos pocos medios de comunicaci\u00f3n, as\u00ed como una alta concentraci\u00f3n de la propiedad de los medios privados en pocos grupos econ\u00f3micos. Tambi\u00e9n se detectaron riesgos al pluralismo derivados de la poca diversidad \u00e9tnica presente en los contenidos analizados, lo que puede significar que hay una baja formaci\u00f3n del equipo humano en temas de diversidad\u201d.<\/p>\n<p>El especialista y comisionado dice que estos hallazgos tambi\u00e9n dan cuenta del impacto de los cambios en los modelos de negocio en la era digital, que presionan por nuevas formas de generaci\u00f3n de ingresos que apenas se est\u00e1n explorando y que pueden generar presiones en las formas de generar y emitir informaci\u00f3n.\u00a0 Dice que en el estudio se destaca el riesgo que se corre en el bajo cubrimiento de ciertos temas, como los ambientales y culturales, ya que la mayor parte de los contenidos informativos est\u00e1n dedicados a temas de pol\u00edtica y orden p\u00fablico.<\/p>\n<p>De igual forma, debe se\u00f1alarse que no se determinaron riesgos altos para el pluralismo en muchos otros de los aspectos evaluados, como la independencia respecto al organismo regulador o en el cubrimiento de los temas regionales. Esto puede ser gracias a la estructura de la TV, tanto p\u00fablica como privada, que generan muchos contenidos regionales y mantienen una relaci\u00f3n sana con las pol\u00edticas regulatorias.<\/p>\n<p>\u00bfQu\u00e9 tan \u201camarrada a los intereses de los pol\u00edticos, los due\u00f1os de los medios y de los inversionistas en la publicidad\u201d est\u00e1 la l\u00ednea editorial y la neutralidad o imparcialidad de la informaci\u00f3n?<\/p>\n<p>A diferencia de otros pa\u00edses de la regi\u00f3n, en Colombia el Estado no es el mayor comprador de espacios publicitarios en los canales privados. Obviamente, s\u00ed es el principal financiador del sistema p\u00fablico. Sin embargo, el estudio insiste en que hay un alto nivel de riesgo derivado de la influencia que los poderes pol\u00edtico y econ\u00f3mico puedan tener hoy en las l\u00edneas editoriales, el contenido informativo. La parrilla de programaci\u00f3n, la pauta publicitaria, la tendencia de opini\u00f3n, los programas o l\u00edneas de investigaci\u00f3n, la gobernanza de los canales y las relaciones laborales en los distintos medios. Esto debe ser atendido por los mismos medios y por la sociedad civil siempre bajo la gu\u00eda de los principios constitucionales de libertad de expresi\u00f3n, libertad de informaci\u00f3n de manera sim\u00e9trica y no sesgada<\/p>\n<p>\u00bfCu\u00e1l es la tarea de la CRC para lograr un trabajo que refleje el equilibrio y debilitar la barrera que impide el acceso a los contenidos informativos veraces y aut\u00e9nticos?<\/p>\n<p>Hemos trabajado en diferentes \u00e1reas de riesgo. Una de ellas corresponde a las competencias de la<strong> Sesi\u00f3n de Comunicaciones<\/strong>, que reconoce la brecha que se genera en el acceso a infraestructura energ\u00e9tica e infraestructura tecnol\u00f3gica, en igualdad de condiciones para todos los colombianos. Esta es una barrera para el acceso a los contenidos informativos y, por tanto, un riesgo m\u00e1s para el pluralismo interno. La <strong>CRC,<\/strong> desde esas otras competencias distintas a la regulaci\u00f3n de contenidos, pero absolutamente relacionadas con un enfoque convergente del pluralismo, trabaja para garantizar el acceso continuo, permanente y de calidad a este servicio p\u00fablico hoy tan esencial.<\/p>\n<p>\u00bfQu\u00e9 datos arroj\u00f3 este estudio en cuanto a las necesidades de un p\u00fablico joven y \u00e1vido de informaci\u00f3n pluralista que ya no ve los noticieros de la TV tradicional?<\/p>\n<p>\u201cSomos conscientes que la conectividad a internet en todas las \u00e1reas del pa\u00eds, la velocidad de navegaci\u00f3n, la calidad y pertinencia de los dispositivos (televisores, equipos de c\u00f3mputo, dispositivos m\u00f3viles, tabletas, entre otros), as\u00ed como la capacitaci\u00f3n en el manejo de estos, son esenciales para garantizar un acceso plural e inclusivo de la informaci\u00f3n.<\/p>\n<p>Igualmente, que la CRC cuente con una Sesi\u00f3n de Contenidos completamente independiente del Ejecutivo, en raz\u00f3n a la naturaleza de sus funciones y la necesidad de mantener una sana distancia entre gobierno y medios, permite garantizar su imparcialidad, lo que ha sido mencionado en varias ocasiones por diversos estudios de competencia en Colombia\u201d.<\/p>\n<p>Es importante mencionar que el estudio Medici\u00f3n del Pluralismo, junto con nuestro otro gran estudio de 2021 sobre Representaciones sociales de la mujer, lo rural y las personas con discapacidad, son una avanzada del Bar\u00f3metro de Pluralismo en Colombia.<\/p>\n<p>Esto, sumado a la vigilancia y control constante de los contenidos emitidos, al acompa\u00f1amiento a iniciativas de autorregulaci\u00f3n por parte de los medios desde sus niveles m\u00e1s altos de propiedad y control editorial, as\u00ed como la capacitaci\u00f3n a las audiencias, conforma la estrategia de la CRC para que medios y ciudadan\u00eda dispongan de herramientas de an\u00e1lisis y mejora en la generaci\u00f3n y consumo de los contenidos.<\/p>\n<p>Frente al auge de los canales OTTs e ISPs en el mercado colombiano, \u00bfCu\u00e1l es el principal impacto para el sector de cable operadores tradicionales y qu\u00e9 est\u00e1 haciendo la CRC?<\/p>\n<p>En la <strong>CRC<\/strong> trabajamos bajo los lineamientos rigurosos de la metodolog\u00eda de an\u00e1lisis de impacto normativo, lo que permite que se tomen decisiones con la mejor calidad de informaci\u00f3n disponible. Durante los \u00faltimos a\u00f1os, con excepci\u00f3n del \u00faltimo, nuestros estudios mostraron una baja migraci\u00f3n de usuarios de televisi\u00f3n por suscripci\u00f3n a estas plataformas.<\/p>\n<p><strong>\u201cHay altos niveles de riesgo al pluralismo y a la diversidad en algunos aspectos. Principalmente, en lo que concierne a la alta concentraci\u00f3n de la audiencia y la pauta publicitaria\u201d.<\/strong><\/p>\n<p><span style=\"color: #ff0000;\">\u201cLas competencias de la Sesi\u00f3n de Comunicaciones, que reconoce la brecha que se genera en el acceso a infraestructura energ\u00e9tica e infraestructura tecnol\u00f3gica, en igualdad de condiciones para todos los colombianos. Esta es una barrera para el acceso a los contenidos informativos y, por tanto, un riesgo m\u00e1s para el pluralismo interno\u201d.<\/span><\/p>\n<p><strong>\u201cTambi\u00e9n hay una alta concentraci\u00f3n de la propiedad de los medios privados (RCN y Caracol principalmente) en pocos grupos econ\u00f3micos\u201d Y\u00a0destaca el riesgo de la poca cobertura en temas, como los ambientales y culturales, ya que la mayor parte de los contenidos informativos est\u00e1n dedicados a temas de pol\u00edtica y orden p\u00fablico.<\/strong><\/p>","protected":false},"excerpt":{"rendered":"<p>Entrevista Colombia se debate entre la publicidad y una audiencia que tiene m\u00faltiples ofertas streaming Para darle continuidad y ampliar <a class=\"more-link\" href=\"https:\/\/tvmasmagazine.com\/es\/2022\/08\/07\/en-colombia-la-tv-abierta-continua-en-manos-de-un-oligopolio\/\">&#8230;<\/a><\/p>\n","protected":false},"author":1,"featured_media":63584,"comment_status":"closed","ping_status":"closed","sticky":false,"template":"","format":"standard","meta":{"footnotes":""},"categories":[49],"tags":[],"class_list":["post-63583","post","type-post","status-publish","format-standard","has-post-thumbnail","hentry","category-entrevistas"],"_links":{"self":[{"href":"https:\/\/tvmasmagazine.com\/es\/wp-json\/wp\/v2\/posts\/63583","targetHints":{"allow":["GET"]}}],"collection":[{"href":"https:\/\/tvmasmagazine.com\/es\/wp-json\/wp\/v2\/posts"}],"about":[{"href":"https:\/\/tvmasmagazine.com\/es\/wp-json\/wp\/v2\/types\/post"}],"author":[{"embeddable":true,"href":"https:\/\/tvmasmagazine.com\/es\/wp-json\/wp\/v2\/users\/1"}],"replies":[{"embeddable":true,"href":"https:\/\/tvmasmagazine.com\/es\/wp-json\/wp\/v2\/comments?post=63583"}],"version-history":[{"count":2,"href":"https:\/\/tvmasmagazine.com\/es\/wp-json\/wp\/v2\/posts\/63583\/revisions"}],"predecessor-version":[{"id":63862,"href":"https:\/\/tvmasmagazine.com\/es\/wp-json\/wp\/v2\/posts\/63583\/revisions\/63862"}],"wp:featuredmedia":[{"embeddable":true,"href":"https:\/\/tvmasmagazine.com\/es\/wp-json\/wp\/v2\/media\/63584"}],"wp:attachment":[{"href":"https:\/\/tvmasmagazine.com\/es\/wp-json\/wp\/v2\/media?parent=63583"}],"wp:term":[{"taxonomy":"category","embeddable":true,"href":"https:\/\/tvmasmagazine.com\/es\/wp-json\/wp\/v2\/categories?post=63583"},{"taxonomy":"post_tag","embeddable":true,"href":"https:\/\/tvmasmagazine.com\/es\/wp-json\/wp\/v2\/tags?post=63583"}],"curies":[{"name":"wp","href":"https:\/\/api.w.org\/{rel}","templated":true}]}}