{"id":64898,"date":"2022-09-06T23:00:29","date_gmt":"2022-09-07T02:00:29","guid":{"rendered":"https:\/\/tvmasmagazine.com\/?p=64898"},"modified":"2022-09-07T21:42:54","modified_gmt":"2022-09-08T00:42:54","slug":"el-talk-show-con-carmen-estrena-2a-temporada-en-e-entertainment","status":"publish","type":"post","link":"https:\/\/tvmasmagazine.com\/es\/2022\/09\/06\/el-talk-show-con-carmen-estrena-2a-temporada-en-e-entertainment\/","title":{"rendered":"El Talk show \u2018Con Carmen\u201d estrena 2\u00aa temporada en E! Entertainment"},"content":{"rendered":"<p><span style=\"color: #ff0000;\">Estrenos | Talk Show<\/span><\/p>\n<p><img loading=\"lazy\" decoding=\"async\" class=\"size-full wp-image-64901 aligncenter\" src=\"https:\/\/tvmasmagazine.com\/wp-content\/uploads\/2022\/09\/NBC-UNI-CARMEN-TEMPORADA-2A-APAISADA-scaled.jpeg\" alt=\"\" width=\"2560\" height=\"1792\" srcset=\"https:\/\/tvmasmagazine.com\/wp-content\/uploads\/2022\/09\/NBC-UNI-CARMEN-TEMPORADA-2A-APAISADA-scaled.jpeg 2560w, https:\/\/tvmasmagazine.com\/wp-content\/uploads\/2022\/09\/NBC-UNI-CARMEN-TEMPORADA-2A-APAISADA-350x245.jpeg 350w, https:\/\/tvmasmagazine.com\/wp-content\/uploads\/2022\/09\/NBC-UNI-CARMEN-TEMPORADA-2A-APAISADA-1024x717.jpeg 1024w, https:\/\/tvmasmagazine.com\/wp-content\/uploads\/2022\/09\/NBC-UNI-CARMEN-TEMPORADA-2A-APAISADA-150x105.jpeg 150w, https:\/\/tvmasmagazine.com\/wp-content\/uploads\/2022\/09\/NBC-UNI-CARMEN-TEMPORADA-2A-APAISADA-768x538.jpeg 768w, https:\/\/tvmasmagazine.com\/wp-content\/uploads\/2022\/09\/NBC-UNI-CARMEN-TEMPORADA-2A-APAISADA-1536x1075.jpeg 1536w, https:\/\/tvmasmagazine.com\/wp-content\/uploads\/2022\/09\/NBC-UNI-CARMEN-TEMPORADA-2A-APAISADA-2048x1434.jpeg 2048w\" sizes=\"auto, (max-width: 2560px) 100vw, 2560px\" \/><\/p>\n<p><span style=\"color: #000080;\"><strong>Bajo la creatividad del exitoso creativo y disruptivo productor brasile\u00f1o, Marcello Coltro, la actriz mexicana Carmen Aub (El Se\u00f1or de los Cielos, El Chema, Mujer de Nadie) regresa con el estreno de la segunda temporada de su show.<\/strong><\/span><\/p>\n<p><span style=\"color: #000080;\"><strong>\u00a1El estreno es ma\u00f1ana mi\u00e9rcoles 7 de septiembre a las 8 pm Latam por E! Entertainment.<\/strong><\/span><\/p>\n<p>La producci\u00f3n original apuesta con una oferta en la competitiva televisi\u00f3n latinoamericana. Se trata de un formato en el que celebridades y expertos reflexionan sobre la importancia de derribar estereotipos y promover una sociedad cada vez m\u00e1s inclusiva con el empoderamiento femenino como eje principal.<\/p>\n<p>Tem\u00e1ticas innovadoras que abarcan la salud mental, un ejemplo es \u2018c\u00f3mo entrenar las emociones como si fueran m\u00fasculos\u2019, aprender a elegirse a uno mismo, la ausencia de amor propio como detonante de relaciones t\u00f3xicas, el amor sin ataduras, la maternidad moderna, vida con mascotas, etc. son solo algunos de los grandes debates que se pondr\u00e1n sobre la mesa en esta 2\u00aa temporada.<\/p>\n<p><strong>Con la presentaci\u00f3n de Carmen Aub<\/strong>, el programa invita a la reflexi\u00f3n a partir de historias de vida, \u00e9xitos, luchas y los puntos de vista de expertos, celebridades e invitados especiales que comparten sus experiencias y grandes aprendizajes de forma muy \u00edntima y personal, sin censuras.<\/p>\n<div id=\"attachment_64899\" style=\"width: 2570px\" class=\"wp-caption aligncenter\"><img loading=\"lazy\" decoding=\"async\" aria-describedby=\"caption-attachment-64899\" class=\"size-full wp-image-64899\" src=\"https:\/\/tvmasmagazine.com\/wp-content\/uploads\/2022\/09\/NBC-UNI-CARMEN-ABUD-FOTO-UNO-scaled.jpeg\" alt=\"\" width=\"2560\" height=\"1707\" srcset=\"https:\/\/tvmasmagazine.com\/wp-content\/uploads\/2022\/09\/NBC-UNI-CARMEN-ABUD-FOTO-UNO-scaled.jpeg 2560w, https:\/\/tvmasmagazine.com\/wp-content\/uploads\/2022\/09\/NBC-UNI-CARMEN-ABUD-FOTO-UNO-350x233.jpeg 350w, https:\/\/tvmasmagazine.com\/wp-content\/uploads\/2022\/09\/NBC-UNI-CARMEN-ABUD-FOTO-UNO-1024x683.jpeg 1024w, https:\/\/tvmasmagazine.com\/wp-content\/uploads\/2022\/09\/NBC-UNI-CARMEN-ABUD-FOTO-UNO-150x100.jpeg 150w, https:\/\/tvmasmagazine.com\/wp-content\/uploads\/2022\/09\/NBC-UNI-CARMEN-ABUD-FOTO-UNO-768x512.jpeg 768w, https:\/\/tvmasmagazine.com\/wp-content\/uploads\/2022\/09\/NBC-UNI-CARMEN-ABUD-FOTO-UNO-1536x1024.jpeg 1536w, https:\/\/tvmasmagazine.com\/wp-content\/uploads\/2022\/09\/NBC-UNI-CARMEN-ABUD-FOTO-UNO-2048x1365.jpeg 2048w\" sizes=\"auto, (max-width: 2560px) 100vw, 2560px\" \/><p id=\"caption-attachment-64899\" class=\"wp-caption-text\">Fernanda Castillo (Enemigo \u00edntimo, Monarca), Felicia Mercado (La Casa del Aldo), Johanna Fadul (Sin Senos S\u00ed Hay Para\u00edso), Juli\u00e1n Gil (La Herencia) entre muchas otras estrellas de Latinoam\u00e9rica, son algunos de los invitados en cada episodio.<\/p><\/div>\n<p>\u201cE! Entertainment amplifica el programa en redes sociales y en versi\u00f3n podcast buscando potenciar el empoderamiento y la diversidad, dando voz a mujeres y l\u00edderes agentes de cambio m\u00e1s all\u00e1 de su raza, edad, identidad de g\u00e9nero y patrones de belleza\u201d dijo <strong>Marcello Coltro en la presentaci\u00f3n online el d\u00eda de hoy.<\/strong><\/p>\n<p>El estreno de esta nueva temporada es ma\u00f1ana mi\u00e9rcoles 7 de septiembre a las 8 pm LatAm.<\/p>\n<div id=\"attachment_64938\" style=\"width: 910px\" class=\"wp-caption aligncenter\"><img loading=\"lazy\" decoding=\"async\" aria-describedby=\"caption-attachment-64938\" class=\"wp-image-64938 size-full\" src=\"https:\/\/tvmasmagazine.com\/wp-content\/uploads\/2022\/09\/WhatsApp-Image-2022-09-06-at-19.26.09.jpg\" alt=\"\" width=\"900\" height=\"600\" srcset=\"https:\/\/tvmasmagazine.com\/wp-content\/uploads\/2022\/09\/WhatsApp-Image-2022-09-06-at-19.26.09.jpg 900w, https:\/\/tvmasmagazine.com\/wp-content\/uploads\/2022\/09\/WhatsApp-Image-2022-09-06-at-19.26.09-350x233.jpg 350w, https:\/\/tvmasmagazine.com\/wp-content\/uploads\/2022\/09\/WhatsApp-Image-2022-09-06-at-19.26.09-150x100.jpg 150w, https:\/\/tvmasmagazine.com\/wp-content\/uploads\/2022\/09\/WhatsApp-Image-2022-09-06-at-19.26.09-768x512.jpg 768w\" sizes=\"auto, (max-width: 900px) 100vw, 900px\" \/><p id=\"caption-attachment-64938\" class=\"wp-caption-text\">Durante la presentaci\u00f3n a los medios<\/p><\/div>\n<p><div style=\"width: 640px;\" class=\"wp-video\"><video class=\"wp-video-shortcode\" id=\"video-64898-1\" width=\"640\" height=\"352\" preload=\"metadata\" controls=\"controls\"><source type=\"video\/mp4\" src=\"https:\/\/tvmasmagazine.com\/wp-content\/uploads\/2022\/09\/VID-20220906-WA0008.mp4?_=1\" \/><a href=\"https:\/\/tvmasmagazine.com\/wp-content\/uploads\/2022\/09\/VID-20220906-WA0008.mp4\">https:\/\/tvmasmagazine.com\/wp-content\/uploads\/2022\/09\/VID-20220906-WA0008.mp4<\/a><\/video><\/div><\/p>","protected":false},"excerpt":{"rendered":"<p>Estrenos | Talk Show Bajo la creatividad del exitoso creativo y disruptivo productor brasile\u00f1o, Marcello Coltro, la actriz mexicana Carmen <a class=\"more-link\" href=\"https:\/\/tvmasmagazine.com\/es\/2022\/09\/06\/el-talk-show-con-carmen-estrena-2a-temporada-en-e-entertainment\/\">&#8230;<\/a><\/p>\n","protected":false},"author":1,"featured_media":64901,"comment_status":"closed","ping_status":"closed","sticky":false,"template":"","format":"standard","meta":{"footnotes":""},"categories":[40,84,80,47],"tags":[],"class_list":["post-64898","post","type-post","status-publish","format-standard","has-post-thumbnail","hentry","category-estrenos-old","category-innovadores","category-ott","category-tv-de-pagp"],"_links":{"self":[{"href":"https:\/\/tvmasmagazine.com\/es\/wp-json\/wp\/v2\/posts\/64898","targetHints":{"allow":["GET"]}}],"collection":[{"href":"https:\/\/tvmasmagazine.com\/es\/wp-json\/wp\/v2\/posts"}],"about":[{"href":"https:\/\/tvmasmagazine.com\/es\/wp-json\/wp\/v2\/types\/post"}],"author":[{"embeddable":true,"href":"https:\/\/tvmasmagazine.com\/es\/wp-json\/wp\/v2\/users\/1"}],"replies":[{"embeddable":true,"href":"https:\/\/tvmasmagazine.com\/es\/wp-json\/wp\/v2\/comments?post=64898"}],"version-history":[{"count":3,"href":"https:\/\/tvmasmagazine.com\/es\/wp-json\/wp\/v2\/posts\/64898\/revisions"}],"predecessor-version":[{"id":64942,"href":"https:\/\/tvmasmagazine.com\/es\/wp-json\/wp\/v2\/posts\/64898\/revisions\/64942"}],"wp:featuredmedia":[{"embeddable":true,"href":"https:\/\/tvmasmagazine.com\/es\/wp-json\/wp\/v2\/media\/64901"}],"wp:attachment":[{"href":"https:\/\/tvmasmagazine.com\/es\/wp-json\/wp\/v2\/media?parent=64898"}],"wp:term":[{"taxonomy":"category","embeddable":true,"href":"https:\/\/tvmasmagazine.com\/es\/wp-json\/wp\/v2\/categories?post=64898"},{"taxonomy":"post_tag","embeddable":true,"href":"https:\/\/tvmasmagazine.com\/es\/wp-json\/wp\/v2\/tags?post=64898"}],"curies":[{"name":"wp","href":"https:\/\/api.w.org\/{rel}","templated":true}]}}