{"id":65040,"date":"2022-09-15T19:14:49","date_gmt":"2022-09-15T22:14:49","guid":{"rendered":"https:\/\/tvmasmagazine.com\/?p=65040"},"modified":"2022-09-15T19:14:49","modified_gmt":"2022-09-15T22:14:49","slug":"hola-tv-entrevista-a-benito-santos-disenador-de-las-celebridades-mexicanas","status":"publish","type":"post","link":"https:\/\/tvmasmagazine.com\/es\/2022\/09\/15\/hola-tv-entrevista-a-benito-santos-disenador-de-las-celebridades-mexicanas\/","title":{"rendered":"\u00a1HOLA! TV entrevista a Benito Santos, dise\u00f1ador de las celebridades mexicanas"},"content":{"rendered":"<p><span style=\"color: #ff0000;\">Estrenos | Especiales<\/span><\/p>\n<p><img loading=\"lazy\" decoding=\"async\" class=\"size-full wp-image-65041 aligncenter\" src=\"https:\/\/tvmasmagazine.com\/wp-content\/uploads\/2022\/09\/BenitoSantos3.jpg\" alt=\"\" width=\"650\" height=\"434\" srcset=\"https:\/\/tvmasmagazine.com\/wp-content\/uploads\/2022\/09\/BenitoSantos3.jpg 650w, https:\/\/tvmasmagazine.com\/wp-content\/uploads\/2022\/09\/BenitoSantos3-350x234.jpg 350w, https:\/\/tvmasmagazine.com\/wp-content\/uploads\/2022\/09\/BenitoSantos3-150x100.jpg 150w\" sizes=\"auto, (max-width: 650px) 100vw, 650px\" \/><\/p>\n<p><span style=\"color: #000080;\"><strong>La talentosa Mar\u00eda Jos\u00e9 Barraza conversa con el dise\u00f1ador de moda que ha puesto en alto el nombre de M\u00e9xico a trav\u00e9s de sus estilos. Coincidiendo con el mes de la moda, entrevista en exclusiva, el 19 de septiembre en Especiales <span style=\"color: #ff0000;\">\u00a1HOLA! TV<\/span>.<\/strong><\/span><\/p>\n<p>Desde el prestigioso Miami Fashion Institute \u2013 Miami Dade College, <strong>Mar\u00eda Jos\u00e9 Barraza<\/strong> conversar\u00e1 con el dise\u00f1ador de moda mexicano, autor de muchos de los conjuntos que, lucidos por reinas de belleza, celebridades y primeras damas, han puesto en alto el nombre de M\u00e9xico.<\/p>\n<p>Originario de Jalisco (M\u00e9xico), Santos inici\u00f3 su carrera en 2008 y, dos a\u00f1os despu\u00e9s, triunf\u00f3 en todo el mundo cuando su compatriota <strong>Ximena Navarrete<\/strong> fue coronada Miss Universo, enfundada en un ic\u00f3nico vestido rojo de su colecci\u00f3n. Desde entonces, su nombre no falta en los eventos de moda m\u00e1s importantes del mundo.<\/p>\n<p>A trav\u00e9s de esta entrevista exclusiva, el canal de referencia en informaci\u00f3n de moda da continuidad a la serie de producci\u00f3n propia Especiales <span style=\"color: #ff0000;\">\u00a1HOLA! TV<\/span> dedicados a grandes dise\u00f1adores, que se inici\u00f3 con <strong>Gianni Versace<\/strong> y sigui\u00f3 con <strong>Narciso Rodr\u00edguez, \u00c1ngel S\u00e1nchez <\/strong>y, ahora, con <strong>Benito Santos.<\/strong><\/p>\n<p>HORARIOS DE ESTRENO. \u2018LUNES DE MODA\u2019<\/p>\n<p>ENTREVISTA &#8211; Benito Santos, los colores de M\u00e9xico<\/p>\n<p>Lunes 19 de septiembre. LATAM: 8:30PM MX &#8211; COL\/ 9:30PM VEN \/10:30PM ARG. US: 9:30PM\/8:30PM C<\/p>","protected":false},"excerpt":{"rendered":"<p>Estrenos | Especiales La talentosa Mar\u00eda Jos\u00e9 Barraza conversa con el dise\u00f1ador de moda que ha puesto en alto el <a class=\"more-link\" href=\"https:\/\/tvmasmagazine.com\/es\/2022\/09\/15\/hola-tv-entrevista-a-benito-santos-disenador-de-las-celebridades-mexicanas\/\">&#8230;<\/a><\/p>\n","protected":false},"author":1,"featured_media":65041,"comment_status":"closed","ping_status":"closed","sticky":false,"template":"","format":"standard","meta":{"footnotes":""},"categories":[40,80,47],"tags":[],"class_list":["post-65040","post","type-post","status-publish","format-standard","has-post-thumbnail","hentry","category-estrenos-old","category-ott","category-tv-de-pagp"],"_links":{"self":[{"href":"https:\/\/tvmasmagazine.com\/es\/wp-json\/wp\/v2\/posts\/65040","targetHints":{"allow":["GET"]}}],"collection":[{"href":"https:\/\/tvmasmagazine.com\/es\/wp-json\/wp\/v2\/posts"}],"about":[{"href":"https:\/\/tvmasmagazine.com\/es\/wp-json\/wp\/v2\/types\/post"}],"author":[{"embeddable":true,"href":"https:\/\/tvmasmagazine.com\/es\/wp-json\/wp\/v2\/users\/1"}],"replies":[{"embeddable":true,"href":"https:\/\/tvmasmagazine.com\/es\/wp-json\/wp\/v2\/comments?post=65040"}],"version-history":[{"count":1,"href":"https:\/\/tvmasmagazine.com\/es\/wp-json\/wp\/v2\/posts\/65040\/revisions"}],"predecessor-version":[{"id":65042,"href":"https:\/\/tvmasmagazine.com\/es\/wp-json\/wp\/v2\/posts\/65040\/revisions\/65042"}],"wp:featuredmedia":[{"embeddable":true,"href":"https:\/\/tvmasmagazine.com\/es\/wp-json\/wp\/v2\/media\/65041"}],"wp:attachment":[{"href":"https:\/\/tvmasmagazine.com\/es\/wp-json\/wp\/v2\/media?parent=65040"}],"wp:term":[{"taxonomy":"category","embeddable":true,"href":"https:\/\/tvmasmagazine.com\/es\/wp-json\/wp\/v2\/categories?post=65040"},{"taxonomy":"post_tag","embeddable":true,"href":"https:\/\/tvmasmagazine.com\/es\/wp-json\/wp\/v2\/tags?post=65040"}],"curies":[{"name":"wp","href":"https:\/\/api.w.org\/{rel}","templated":true}]}}