{"id":6581,"date":"2013-10-17T04:34:33","date_gmt":"2013-10-17T07:34:33","guid":{"rendered":"http:\/\/www.tvmasmagazine.com\/?p=6581"},"modified":"2015-03-17T19:04:54","modified_gmt":"2015-03-17T18:04:54","slug":"contar-con-especialistas-de-la-noticia-para-diferenciarse-felix-cortes-director-de-excelsior-tv","status":"publish","type":"post","link":"https:\/\/tvmasmagazine.com\/es\/2013\/10\/17\/contar-con-especialistas-de-la-noticia-para-diferenciarse-felix-cortes-director-de-excelsior-tv\/","title":{"rendered":"\u00bbContar con especialistas de la noticia para diferenciarse\u201d, F\u00e9lix Cort\u00e9s, director de Exc\u00e9lsior TV"},"content":{"rendered":"<p><div id=\"attachment_6584\" style=\"width: 225px\" class=\"wp-caption alignleft\"><a href=\"http:\/\/www.tvmasmagazine.com\/wp-content\/uploads\/2013\/10\/EXCEL_TEXT.png\"><img loading=\"lazy\" decoding=\"async\" aria-describedby=\"caption-attachment-6584\" class=\"size-medium wp-image-6584\" alt=\"F\u00e9lix Cort\u00e9s, director de Exc\u00e9lsior TV \" src=\"http:\/\/www.tvmasmagazine.com\/wp-content\/uploads\/2013\/10\/EXCEL_TEXT-215x300.png\" width=\"215\" height=\"300\" \/><\/a><p id=\"caption-attachment-6584\" class=\"wp-caption-text\">F\u00e9lix Cort\u00e9s, director de Exc\u00e9lsior TV<\/p><\/div><\/p>\n<p>En M\u00e9xico, Grupo Imagen Multimedia (GIMM) anunci\u00f3 el inicio de transmisiones de Exc\u00e9lsior TV a partir del pasado 2 de septiembre. Este nuevo proyecto, encabezado por el experimentado y reconocido periodista F\u00e9lix Cort\u00e9s Camarillo, tendr\u00e1 transmisiones durante los 365 d\u00edas del a\u00f1o, las 24 horas del d\u00eda sin interrupci\u00f3n, por el canal 127 de Cablevisi\u00f3n y Sky, en el 27.2 en televisi\u00f3n digital. Adem\u00e1s de transmisiones por internet en www.excelsior.com.mx\/tv.<\/p>\n<p>En entrevista con TVMAS, F\u00e9lix Cort\u00e9s , director de Excelsior TV, coment\u00f3 lo importante que es tener verdaderos especialistas al frente de la noticia, para diferenciarse de los lectores de noticias.<\/p>\n<p>\u00abLa idea de expandir Grupo Imagen con un medio informativo no es nueva. Hace 8 a\u00f1os se adquiri\u00f3 el peri\u00f3dico Exc\u00e9lsior y se lanz\u00f3 Cadena 3, pero quer\u00edan crecer en la televisi\u00f3n informativa, ten\u00edamos que aprovechar toda una infraestructura en recursos t\u00e9cnicos, editoriales y ponerlas en un canal las 24 horas del d\u00eda\u00a0 para expandir nuestra oferta.. El reto de arrancar este canal es que destaque entre las dem\u00e1s ofertas de canales informativos. La noticia es la misma para todos los medios, lo \u00fanico que cambia\u00a0 es la inmediatez, quien y como la dice. Le estamos apostando a traducir las secciones del peri\u00f3dico a la televisi\u00f3n y\u00a0 sobre todo a que no son lectores los que conducen la programaci\u00f3n, sino verdaderos periodistas especializados, ellos mismos arman el contenido en cada ramo como deportes, finanzas, sociedad etc.\u00bb, dijo Cort\u00e9s Camarillo.<\/p>\n<p>Tambi\u00e9n resalt\u00f3 la importancia de crear contenidos multiplataforma para estar actualizados. \u00bb Cada vez hay m\u00e1s reporteros en la calle, la participaci\u00f3n de las redes sociales ha venido a cambiar todos los medios de comunicaci\u00f3n, hay mucha gente afuera que dice todo lo que est\u00e1 pasando. Es un momento muy importante que est\u00e1 teniendo el sector informativo. Nuestra propuesta es multiplataforma, tan s\u00f3lo en nuestro portal ya tenemos m\u00e1s de 40 mil impactos y nuestras redes sociales se nutren continuamente de informaci\u00f3n\u00bb. finaliz\u00f3 el periodista.<\/p>\n<p>Los principales programas de Excelsior TV son los tres noticieros del d\u00eda. La programaci\u00f3n tambi\u00e9n incluye programas tem\u00e1ticos como Adrenalina, Funci\u00f3n, Dinero, Entre Mujeres, Comunidad, Hacker TV y Visi\u00f3n Tur\u00edstica, Opiniones Encontradas, Bucareli 1 y Arsenal.<\/p>","protected":false},"excerpt":{"rendered":"<p>En M\u00e9xico, Grupo Imagen Multimedia (GIMM) anunci\u00f3 el inicio de transmisiones de Exc\u00e9lsior TV a partir del pasado 2 de <a class=\"more-link\" href=\"https:\/\/tvmasmagazine.com\/es\/2013\/10\/17\/contar-con-especialistas-de-la-noticia-para-diferenciarse-felix-cortes-director-de-excelsior-tv\/\">&#8230;<\/a><\/p>\n","protected":false},"author":1,"featured_media":6583,"comment_status":"closed","ping_status":"closed","sticky":false,"template":"","format":"standard","meta":{"footnotes":""},"categories":[73,13],"tags":[],"class_list":["post-6581","post","type-post","status-publish","format-standard","has-post-thumbnail","hentry","category-telenovelas-series","category-ultimas-noticias"],"_links":{"self":[{"href":"https:\/\/tvmasmagazine.com\/es\/wp-json\/wp\/v2\/posts\/6581","targetHints":{"allow":["GET"]}}],"collection":[{"href":"https:\/\/tvmasmagazine.com\/es\/wp-json\/wp\/v2\/posts"}],"about":[{"href":"https:\/\/tvmasmagazine.com\/es\/wp-json\/wp\/v2\/types\/post"}],"author":[{"embeddable":true,"href":"https:\/\/tvmasmagazine.com\/es\/wp-json\/wp\/v2\/users\/1"}],"replies":[{"embeddable":true,"href":"https:\/\/tvmasmagazine.com\/es\/wp-json\/wp\/v2\/comments?post=6581"}],"version-history":[{"count":2,"href":"https:\/\/tvmasmagazine.com\/es\/wp-json\/wp\/v2\/posts\/6581\/revisions"}],"predecessor-version":[{"id":9009,"href":"https:\/\/tvmasmagazine.com\/es\/wp-json\/wp\/v2\/posts\/6581\/revisions\/9009"}],"wp:featuredmedia":[{"embeddable":true,"href":"https:\/\/tvmasmagazine.com\/es\/wp-json\/wp\/v2\/media\/6583"}],"wp:attachment":[{"href":"https:\/\/tvmasmagazine.com\/es\/wp-json\/wp\/v2\/media?parent=6581"}],"wp:term":[{"taxonomy":"category","embeddable":true,"href":"https:\/\/tvmasmagazine.com\/es\/wp-json\/wp\/v2\/categories?post=6581"},{"taxonomy":"post_tag","embeddable":true,"href":"https:\/\/tvmasmagazine.com\/es\/wp-json\/wp\/v2\/tags?post=6581"}],"curies":[{"name":"wp","href":"https:\/\/api.w.org\/{rel}","templated":true}]}}