{"id":65842,"date":"2023-02-01T20:23:45","date_gmt":"2023-02-01T23:23:45","guid":{"rendered":"https:\/\/tvmasmagazine.com\/?p=65842"},"modified":"2023-02-09T17:55:10","modified_gmt":"2023-02-09T20:55:10","slug":"content-americas-reunio-en-miami-a-los-lideres-de-la-industria","status":"publish","type":"post","link":"https:\/\/tvmasmagazine.com\/es\/2023\/02\/01\/content-americas-reunio-en-miami-a-los-lideres-de-la-industria\/","title":{"rendered":"CONTENT AMERICAS reuni\u00f3 en MIAMI a los lideres de la industria"},"content":{"rendered":"<p><strong><span style=\"color: #ff0000;\">NEGOCIOS | EVENTOS<\/span><\/strong><\/p>\n<p><img loading=\"lazy\" decoding=\"async\" class=\"aligncenter wp-image-65420 size-full\" style=\"width: 100%;\" src=\"https:\/\/tvmasmagazine.com\/wp-content\/uploads\/2022\/12\/CA_TVMAS_345x100_new.jpg\" alt=\"\" width=\"345\" height=\"100\" srcset=\"https:\/\/tvmasmagazine.com\/wp-content\/uploads\/2022\/12\/CA_TVMAS_345x100_new.jpg 345w, https:\/\/tvmasmagazine.com\/wp-content\/uploads\/2022\/12\/CA_TVMAS_345x100_new-150x43.jpg 150w\" sizes=\"auto, (max-width: 345px) 100vw, 345px\" \/><\/p>\n\n\t\t<!-- MasterSlider -->\n\t\t<div id=\"P_MS69edcc56458a7\" class=\"master-slider-parent msl ms-parent-id-67\" style=\"max-width:800px;\">\n\n\t\t\t\n\t\t\t<!-- MasterSlider Main -->\n\t\t\t<div id=\"MS69edcc56458a7\" class=\"master-slider ms-skin-default\" >\n\t\t\t\t \t\t\t\t \n\t\t\t\t<div  class=\"ms-slide\" data-delay=\"3\" data-fill-mode=\"fill\"  >\n\t\t\t\t\t<img decoding=\"async\" src=\"https:\/\/tvmasmagazine.com\/wp-content\/plugins\/master-slider\/public\/assets\/css\/blank.gif\" alt=\"\" title=\"\" data-src=\"https:\/\/tvmasmagazine.com\/wp-content\/uploads\/2023\/02\/Imagen-de-WhatsApp-2023-01-25-a-las-11.09.20.jpg\" \/>\n\n\t\t\t\t\t<div class=\"ms-info\"><p style=\"text-align: center;\"><strong>CONTENT AMERICAS 2023 en MIAMI<\/strong><\/p><\/div>\n\n\n\t<div class=\"ms-thumb\" ><div class=\"ms-tab-context\"><div class=\"&quot;ms-tab-context&quot;\"><\/div><\/div>\n<\/div>\n\t\t\t\t<\/div>\n\t\t\t\t<div  class=\"ms-slide\" data-delay=\"3\" data-fill-mode=\"fill\"  >\n\t\t\t\t\t<img decoding=\"async\" src=\"https:\/\/tvmasmagazine.com\/wp-content\/plugins\/master-slider\/public\/assets\/css\/blank.gif\" alt=\"\" title=\"\" data-src=\"https:\/\/tvmasmagazine.com\/wp-content\/uploads\/2023\/02\/Imagen-de-WhatsApp-2023-01-27-a-las-15.37.06-1-e1675992629144.jpg\" \/>\n\n\t\t\t\t\t<div class=\"ms-info\"><p style=\"font-weight: 400; text-align: center;\"><strong>Beatriz Cea Okan de Inter Medya, Amanda Ospina de TVMAS y Maria Kivinen de YLE de Finlandia<\/strong><\/p><\/div>\n\n\n\t<div class=\"ms-thumb\" ><div class=\"ms-tab-context\"><div class=\"&quot;ms-tab-context&quot;\"><\/div><\/div>\n<\/div>\n\t\t\t\t<\/div>\n\t\t\t\t<div  class=\"ms-slide\" data-delay=\"3\" data-fill-mode=\"fill\"  >\n\t\t\t\t\t<img decoding=\"async\" src=\"https:\/\/tvmasmagazine.com\/wp-content\/plugins\/master-slider\/public\/assets\/css\/blank.gif\" alt=\"\" title=\"\" data-src=\"https:\/\/tvmasmagazine.com\/wp-content\/uploads\/2023\/02\/Imagen-de-WhatsApp-2023-01-27-a-las-14.18.19-e1675993085216.jpg\" \/>\n\n\t\t\t\t\t<div class=\"ms-info\"><p style=\"text-align: center;\"><strong>El productor Patricio Wills y el creador de la exitosa serie Palpito de Netflix en CONTENT\u00a0AMERICAS <\/strong><\/p><\/div>\n\n\n\t<div class=\"ms-thumb\" ><div class=\"ms-tab-context\"><div class=\"&quot;ms-tab-context&quot;\"><\/div><\/div>\n<\/div>\n\t\t\t\t<\/div>\n\t\t\t\t<div  class=\"ms-slide\" data-delay=\"3\" data-fill-mode=\"fill\"  >\n\t\t\t\t\t<img decoding=\"async\" src=\"https:\/\/tvmasmagazine.com\/wp-content\/plugins\/master-slider\/public\/assets\/css\/blank.gif\" alt=\"\" title=\"\" data-src=\"https:\/\/tvmasmagazine.com\/wp-content\/uploads\/2023\/02\/Imagen-de-WhatsApp-2023-01-27-a-las-13.55.58.jpg\" \/>\n\n\t\t\t\t\t<div class=\"ms-info\"><p style=\"text-align: center;\"><strong>Sergio Pizzolante de SECUOYA<\/strong><\/p><\/div>\n\n\n\t<div class=\"ms-thumb\" ><div class=\"ms-tab-context\"><div class=\"&quot;ms-tab-context&quot;\"><\/div><\/div>\n<\/div>\n\t\t\t\t<\/div>\n\t\t\t\t<div  class=\"ms-slide\" data-delay=\"3\" data-fill-mode=\"fill\"  >\n\t\t\t\t\t<img decoding=\"async\" src=\"https:\/\/tvmasmagazine.com\/wp-content\/plugins\/master-slider\/public\/assets\/css\/blank.gif\" alt=\"\" title=\"\" data-src=\"https:\/\/tvmasmagazine.com\/wp-content\/uploads\/2023\/02\/Imagen-de-WhatsApp-2023-01-27-a-las-13.45.14.jpg\" \/>\n\n\t\t\t\t\t<div class=\"ms-info\"><p style=\"text-align: center;\"><strong>KANAL D dramas de Turqu\u00eda en CONTENT AMERICAS 2023<\/strong><\/p><\/div>\n\n\n\t<div class=\"ms-thumb\" ><div class=\"ms-tab-context\"><div class=\"&quot;ms-tab-context&quot;\"><\/div><\/div>\n<\/div>\n\t\t\t\t<\/div>\n\t\t\t\t<div  class=\"ms-slide\" data-delay=\"3\" data-fill-mode=\"fill\"  >\n\t\t\t\t\t<img decoding=\"async\" src=\"https:\/\/tvmasmagazine.com\/wp-content\/plugins\/master-slider\/public\/assets\/css\/blank.gif\" alt=\"\" title=\"\" data-src=\"https:\/\/tvmasmagazine.com\/wp-content\/uploads\/2023\/02\/Imagen-de-WhatsApp-2023-01-25-a-las-11.18.08.jpg\" \/>\n\n\t\t\t\t\t<div class=\"ms-info\"><p style=\"text-align: center;\"><strong>Carolina Cordero Gerente de WAWA<\/strong><\/p><\/div>\n\n\n\t<div class=\"ms-thumb\" ><div class=\"ms-tab-context\"><div class=\"&quot;ms-tab-context&quot;\"><\/div><\/div>\n<\/div>\n\t\t\t\t<\/div>\n\t\t\t\t<div  class=\"ms-slide\" data-delay=\"3\" data-fill-mode=\"fill\"  >\n\t\t\t\t\t<img decoding=\"async\" src=\"https:\/\/tvmasmagazine.com\/wp-content\/plugins\/master-slider\/public\/assets\/css\/blank.gif\" alt=\"\" title=\"\" data-src=\"https:\/\/tvmasmagazine.com\/wp-content\/uploads\/2023\/02\/Imagen-de-WhatsApp-2023-02-09-a-las-16.39.52.jpg\" \/>\n\n\t\t\t\t\t<div class=\"ms-info\"><p style=\"text-align: center;\"><strong>Hugo De Vana y Daniel Ferrer Cubill\u00e1n<\/strong><\/p><\/div>\n\n\n\t<div class=\"ms-thumb\" ><div class=\"ms-tab-context\"><div class=\"&quot;ms-tab-context&quot;\"><\/div><\/div>\n<\/div>\n\t\t\t\t<\/div>\n\t\t\t\t<div  class=\"ms-slide\" data-delay=\"3\" data-fill-mode=\"fill\"  >\n\t\t\t\t\t<img decoding=\"async\" src=\"https:\/\/tvmasmagazine.com\/wp-content\/plugins\/master-slider\/public\/assets\/css\/blank.gif\" alt=\"\" title=\"\" data-src=\"https:\/\/tvmasmagazine.com\/wp-content\/uploads\/2023\/02\/Imagen-de-WhatsApp-2023-01-27-a-las-16.02.44-1.jpg\" \/>\n\n\t\t\t\t\t<div class=\"ms-info\"><p style=\"text-align: center;\"><strong>MELODY LA SERIE DE WARNER MUSIC Amanda Ospina directora de TVMAS MAGAZINE en CONTENT AMERICAS <\/strong><\/p><\/div>\n\n\n\t<div class=\"ms-thumb\" ><div class=\"ms-tab-context\"><div class=\"&quot;ms-tab-context&quot;\"><\/div><\/div>\n<\/div>\n\t\t\t\t<\/div>\n\t\t\t\t<div  class=\"ms-slide\" data-delay=\"3\" data-fill-mode=\"fit\"  >\n\t\t\t\t\t<img decoding=\"async\" src=\"https:\/\/tvmasmagazine.com\/wp-content\/plugins\/master-slider\/public\/assets\/css\/blank.gif\" alt=\"\" title=\"\" data-src=\"https:\/\/tvmasmagazine.com\/wp-content\/uploads\/2023\/02\/Imagen-de-WhatsApp-2023-01-28-a-las-15.01.49-e1675993279727.jpg\" \/>\n\n\t\t\t\t\t<div class=\"ms-info\"><p style=\"text-align: center;\"><strong>Gloria Salo de GECA y Amanda Ospina de TVMAS en Miami CONTENT AMERICAS<\/strong><\/p><\/div>\n\n\n\t<div class=\"ms-thumb\" ><div class=\"ms-tab-context\"><div class=\"&quot;ms-tab-context&quot;\"><\/div><\/div>\n<\/div>\n\t\t\t\t<\/div>\n\t\t\t\t<div  class=\"ms-slide\" data-delay=\"3\" data-fill-mode=\"fit\"  >\n\t\t\t\t\t<img decoding=\"async\" src=\"https:\/\/tvmasmagazine.com\/wp-content\/plugins\/master-slider\/public\/assets\/css\/blank.gif\" alt=\"\" title=\"\" data-src=\"https:\/\/tvmasmagazine.com\/wp-content\/uploads\/2023\/02\/Imagen-de-WhatsApp-2023-02-08-a-las-15.35.06.jpg\" \/>\n\n\t\t\t\t\t<div class=\"ms-info\"><p style=\"text-align: center;\"><strong>Amanda Ospina con el escritor y creador de la serie de Netflix PALPITO, Leonardo Padr\u00f3n<\/strong><\/p><\/div>\n\n\n\t<div class=\"ms-thumb\" ><div class=\"ms-tab-context\"><div class=\"&quot;ms-tab-context&quot;\"><\/div><\/div>\n<\/div>\n\t\t\t\t<\/div>\n\t\t\t\t<div  class=\"ms-slide\" data-delay=\"3\" data-fill-mode=\"fill\"  >\n\t\t\t\t\t<img decoding=\"async\" src=\"https:\/\/tvmasmagazine.com\/wp-content\/plugins\/master-slider\/public\/assets\/css\/blank.gif\" alt=\"\" title=\"\" data-src=\"https:\/\/tvmasmagazine.com\/wp-content\/uploads\/2023\/02\/Imagen-de-WhatsApp-2023-02-09-a-las-15.42.05-e1675993489309.jpg\" \/>\n\n\t\t\t\t\t<div class=\"ms-info\"><p style=\"text-align: center;\"><strong>Christian Gabela de GAUMONT<\/strong><\/p><\/div>\n\n\n\t<div class=\"ms-thumb\" ><div class=\"ms-tab-context\"><div class=\"&quot;ms-tab-context&quot;\"><\/div><\/div>\n<\/div>\n\t\t\t\t<\/div>\n\t\t\t\t<div  class=\"ms-slide\" data-delay=\"3\" data-fill-mode=\"fill\"  >\n\t\t\t\t\t<img decoding=\"async\" src=\"https:\/\/tvmasmagazine.com\/wp-content\/plugins\/master-slider\/public\/assets\/css\/blank.gif\" alt=\"\" title=\"\" data-src=\"https:\/\/tvmasmagazine.com\/wp-content\/uploads\/2023\/02\/Imagen-de-WhatsApp-2023-02-09-a-las-15.42.57.jpg\" \/>\n\n\t\t\t\t\t<div class=\"ms-info\"><p style=\"font-weight: 400; text-align: center;\"><strong>Luis Guillermo Camacho de LATINA TV, Joysette Rivera de TEMPO MEDIA y Rodrigo\u00a0 Norambuena de MEGAMEDIA Chile<\/strong><\/p><\/div>\n\n\n\t<div class=\"ms-thumb\" ><div class=\"ms-tab-context\"><div class=\"&quot;ms-tab-context&quot;\"><\/div><\/div>\n<\/div>\n\t\t\t\t<\/div>\n\t\t\t\t<div  class=\"ms-slide\" data-delay=\"3\" data-fill-mode=\"fill\"  >\n\t\t\t\t\t<img decoding=\"async\" src=\"https:\/\/tvmasmagazine.com\/wp-content\/plugins\/master-slider\/public\/assets\/css\/blank.gif\" alt=\"\" title=\"\" data-src=\"https:\/\/tvmasmagazine.com\/wp-content\/uploads\/2023\/02\/Imagen-de-WhatsApp-2023-02-09-a-las-15.45.35.jpg\" \/>\n\n\t\t\t\t\t<div class=\"ms-info\"><p style=\"text-align: center;\"><strong>Ana Pi\u00f1eres, Cecilia Gomez de la Torre y Clara Maria\u00a0Ochoa<\/strong><\/p><\/div>\n\n\n\t<div class=\"ms-thumb\" ><div class=\"ms-tab-context\"><div class=\"&quot;ms-tab-context&quot;\"><\/div><\/div>\n<\/div>\n\t\t\t\t<\/div>\n\t\t\t\t<div  class=\"ms-slide\" data-delay=\"3\" data-fill-mode=\"fill\"  >\n\t\t\t\t\t<img decoding=\"async\" src=\"https:\/\/tvmasmagazine.com\/wp-content\/plugins\/master-slider\/public\/assets\/css\/blank.gif\" alt=\"\" title=\"\" data-src=\"https:\/\/tvmasmagazine.com\/wp-content\/uploads\/2023\/02\/Imagen-de-WhatsApp-2023-02-09-a-las-15.47.10.jpg\" \/>\n\n\t\t\t\t\t<div class=\"ms-info\"><p style=\"text-align: center;\"><strong>Mar\u00eda Camino y Valent\u00edn B\u00e1ez de TELESISTEMA. de Rep\u00fablica\u00a0Dominicana<\/strong><\/p><\/div>\n\n\n\t<div class=\"ms-thumb\" ><div class=\"ms-tab-context\"><div class=\"&quot;ms-tab-context&quot;\"><\/div><\/div>\n<\/div>\n\t\t\t\t<\/div>\n\t\t\t\t<div  class=\"ms-slide\" data-delay=\"3\" data-fill-mode=\"fill\"  >\n\t\t\t\t\t<img decoding=\"async\" src=\"https:\/\/tvmasmagazine.com\/wp-content\/plugins\/master-slider\/public\/assets\/css\/blank.gif\" alt=\"\" title=\"\" data-src=\"https:\/\/tvmasmagazine.com\/wp-content\/uploads\/2023\/02\/Imagen-de-WhatsApp-2023-02-09-a-las-16.08.09.jpg\" \/>\n\n\t\t\t\t\t<div class=\"ms-info\"><p style=\"text-align: center;\"><strong>Samuel Duque y Guillermo Borensztein<\/strong><\/p><\/div>\n\n\n\t<div class=\"ms-thumb\" ><div class=\"ms-tab-context\"><div class=\"&quot;ms-tab-context&quot;\"><\/div><\/div>\n<\/div>\n\t\t\t\t<\/div>\n\t\t\t\t<div  class=\"ms-slide\" data-delay=\"3\" data-fill-mode=\"fill\"  >\n\t\t\t\t\t<img decoding=\"async\" src=\"https:\/\/tvmasmagazine.com\/wp-content\/plugins\/master-slider\/public\/assets\/css\/blank.gif\" alt=\"\" title=\"\" data-src=\"https:\/\/tvmasmagazine.com\/wp-content\/uploads\/2023\/02\/Imagen-de-WhatsApp-2023-01-27-a-las-13.57.19-1-e1675986790940.jpg\" \/>\n\n\t\t\t\t\t<div class=\"ms-info\"><p style=\"text-align: center;\"><strong>Rosalind &amp; Roxana Rotundo de VIP en CONTENT AMERICAS MIAMI\u00a0<\/strong><\/p><\/div>\n\n\n\t<div class=\"ms-thumb\" ><div class=\"ms-tab-context\"><div class=\"&quot;ms-tab-context&quot;\"><\/div><\/div>\n<\/div>\n\t\t\t\t<\/div>\n\t\t\t\t<div  class=\"ms-slide\" data-delay=\"3\" data-fill-mode=\"fill\"  >\n\t\t\t\t\t<img decoding=\"async\" src=\"https:\/\/tvmasmagazine.com\/wp-content\/plugins\/master-slider\/public\/assets\/css\/blank.gif\" alt=\"\" title=\"\" data-src=\"https:\/\/tvmasmagazine.com\/wp-content\/uploads\/2023\/02\/Imagen-de-WhatsApp-2023-02-08-a-las-18.32.33-e1675991519892.jpg\" \/>\n\n\t\t\t\t\t<div class=\"ms-info\"><p style=\"font-weight: 400; text-align: center;\"><strong>Horacio Genari de BB Media y Jorge Fiterri de CONDISTA<\/strong><\/p><\/div>\n\n\n\t<div class=\"ms-thumb\" ><div class=\"ms-tab-context\"><div class=\"&quot;ms-tab-context&quot;\"><\/div><\/div>\n<\/div>\n\t\t\t\t<\/div>\n\t\t\t\t<div  class=\"ms-slide\" data-delay=\"3\" data-fill-mode=\"fit\"  >\n\t\t\t\t\t<img decoding=\"async\" src=\"https:\/\/tvmasmagazine.com\/wp-content\/plugins\/master-slider\/public\/assets\/css\/blank.gif\" alt=\"\" title=\"\" data-src=\"https:\/\/tvmasmagazine.com\/wp-content\/uploads\/2023\/02\/Imagen-de-WhatsApp-2023-02-09-a-las-15.56.33-e1675993309413.jpg\" \/>\n\n\t\t\t\t\t<div class=\"ms-info\"><p style=\"text-align: center;\"><strong>Marcelo Tamburri<\/strong><\/p><\/div>\n\n\n\t<div class=\"ms-thumb\" ><div class=\"ms-tab-context\"><div class=\"&quot;ms-tab-context&quot;\"><\/div><\/div>\n<\/div>\n\t\t\t\t<\/div>\n\t\t\t\t<div  class=\"ms-slide\" data-delay=\"3\" data-fill-mode=\"fit\"  >\n\t\t\t\t\t<img decoding=\"async\" src=\"https:\/\/tvmasmagazine.com\/wp-content\/plugins\/master-slider\/public\/assets\/css\/blank.gif\" alt=\"\" title=\"\" data-src=\"https:\/\/tvmasmagazine.com\/wp-content\/uploads\/2023\/02\/Imagen-de-WhatsApp-2023-01-27-a-las-21.48.41-e1675986966115.jpg\" \/>\n\n\t\t\t\t\t<div class=\"ms-info\"><p style=\"text-align: center;\"><strong>Amanda Ospina y Sandra Mathis en CONTENT AMERICAS<\/strong><\/p><\/div>\n\n\n\t<div class=\"ms-thumb\" ><div class=\"ms-tab-context\"><div class=\"&quot;ms-tab-context&quot;\"><\/div><\/div>\n<\/div>\n\t\t\t\t<\/div>\n\t\t\t\t<div  class=\"ms-slide\" data-delay=\"3\" data-fill-mode=\"fill\"  >\n\t\t\t\t\t<img decoding=\"async\" src=\"https:\/\/tvmasmagazine.com\/wp-content\/plugins\/master-slider\/public\/assets\/css\/blank.gif\" alt=\"\" title=\"\" data-src=\"https:\/\/tvmasmagazine.com\/wp-content\/uploads\/2023\/02\/Imagen-de-WhatsApp-2023-01-27-a-las-15.05.07-1-e1675991430612.jpg\" \/>\n\n\t\t\t\t\t<div class=\"ms-info\"><p style=\"text-align: center;\"><strong>Maria Kivinen de YLE TV y Andres Felipe de Miami Wood Studios en CONTENT AMERICAS 2023<\/strong><\/p><\/div>\n\n\n\t<div class=\"ms-thumb\" ><div class=\"ms-tab-context\"><div class=\"&quot;ms-tab-context&quot;\"><\/div><\/div>\n<\/div>\n\t\t\t\t<\/div>\n\t\t\t\t<div  class=\"ms-slide\" data-delay=\"3\" data-fill-mode=\"fill\"  >\n\t\t\t\t\t<img decoding=\"async\" src=\"https:\/\/tvmasmagazine.com\/wp-content\/plugins\/master-slider\/public\/assets\/css\/blank.gif\" alt=\"\" title=\"\" data-src=\"https:\/\/tvmasmagazine.com\/wp-content\/uploads\/2023\/02\/Imagen-de-WhatsApp-2023-02-09-a-las-16.09.34-e1675991475245.jpg\" \/>\n\n\t\t\t\t\t<div class=\"ms-info\"><p style=\"text-align: center;\"><strong>Francisco Cordero y Ricardo Coeto, BTF Media<\/strong><\/p><\/div>\n\n\n\t<div class=\"ms-thumb\" ><div class=\"ms-tab-context\"><div class=\"&quot;ms-tab-context&quot;\"><\/div><\/div>\n<\/div>\n\t\t\t\t<\/div>\n\t\t\t\t<div  class=\"ms-slide\" data-delay=\"3\" data-fill-mode=\"fit\"  >\n\t\t\t\t\t<img decoding=\"async\" src=\"https:\/\/tvmasmagazine.com\/wp-content\/plugins\/master-slider\/public\/assets\/css\/blank.gif\" alt=\"\" title=\"\" data-src=\"https:\/\/tvmasmagazine.com\/wp-content\/uploads\/2023\/02\/Imagen-de-WhatsApp-2023-02-09-a-las-16.19.11-e1675991310838.jpg\" \/>\n\n\t\t\t\t\t<div class=\"ms-info\"><p style=\"text-align: center;\"><strong>Juan Xavier Noboa Alvarado de ECUAVISA<\/strong><\/p><\/div>\n\n\n\t<div class=\"ms-thumb\" ><div class=\"ms-tab-context\"><div class=\"&quot;ms-tab-context&quot;\"><\/div><\/div>\n<\/div>\n\t\t\t\t<\/div>\n\t\t\t\t<div  class=\"ms-slide\" data-delay=\"3\" data-fill-mode=\"fill\"  >\n\t\t\t\t\t<img decoding=\"async\" src=\"https:\/\/tvmasmagazine.com\/wp-content\/plugins\/master-slider\/public\/assets\/css\/blank.gif\" alt=\"\" title=\"\" data-src=\"https:\/\/tvmasmagazine.com\/wp-content\/uploads\/2023\/02\/Imagen-de-WhatsApp-2023-01-27-a-las-13.51.04-e1675991659160.jpg\" \/>\n\n\t\t\t\t\t<div class=\"ms-info\"><p style=\"text-align: center;\"><strong>Karen Barroeta Vicepresidenta de Telemundo Studios y Nicol\u00e1s Smirnoff director de Prensario<\/strong><\/p><\/div>\n\n\n\t<div class=\"ms-thumb\" ><div class=\"ms-tab-context\"><div class=\"&quot;ms-tab-context&quot;\"><\/div><\/div>\n<\/div>\n\t\t\t\t<\/div>\n\t\t\t\t<div  class=\"ms-slide\" data-delay=\"3\" data-fill-mode=\"fill\"  >\n\t\t\t\t\t<img decoding=\"async\" src=\"https:\/\/tvmasmagazine.com\/wp-content\/plugins\/master-slider\/public\/assets\/css\/blank.gif\" alt=\"\" title=\"\" data-src=\"https:\/\/tvmasmagazine.com\/wp-content\/uploads\/2023\/02\/Imagen-de-WhatsApp-2023-01-25-a-las-11.14.09-e1675991739411.jpg\" \/>\n\n\t\t\t\t\t<div class=\"ms-info\"><p style=\"text-align: center;\"><strong>Gema L\u00f3pez, Liliam Hern\u00e1ndez y Ana Castillo de UNIVERSAL CINERGIA<\/strong><\/p><\/div>\n\n\n\t<div class=\"ms-thumb\" ><div class=\"ms-tab-context\"><div class=\"&quot;ms-tab-context&quot;\"><\/div><\/div>\n<\/div>\n\t\t\t\t<\/div>\n\t\t\t\t<div  class=\"ms-slide\" data-delay=\"3\" data-fill-mode=\"fill\"  >\n\t\t\t\t\t<img decoding=\"async\" src=\"https:\/\/tvmasmagazine.com\/wp-content\/plugins\/master-slider\/public\/assets\/css\/blank.gif\" alt=\"\" title=\"\" data-src=\"https:\/\/tvmasmagazine.com\/wp-content\/uploads\/2023\/02\/Imagen-de-WhatsApp-2023-02-08-a-las-18.16.44-e1675991810353.jpg\" \/>\n\n\t\t\t\t\t<div class=\"ms-info\"><p style=\"text-align: center;\"><strong>Javier Quevedo, P\u00e9rez Maia Jes\u00fas P\u00e9rez G\u00f3mez, y Rosal\u00eda Alcubilla de RTVE<\/strong><\/p><\/div>\n\n\n\t<div class=\"ms-thumb\" ><div class=\"ms-tab-context\"><div class=\"&quot;ms-tab-context&quot;\"><\/div><\/div>\n<\/div>\n\t\t\t\t<\/div>\n\t\t\t\t<div  class=\"ms-slide\" data-delay=\"3\" data-fill-mode=\"fill\"  >\n\t\t\t\t\t<img decoding=\"async\" src=\"https:\/\/tvmasmagazine.com\/wp-content\/plugins\/master-slider\/public\/assets\/css\/blank.gif\" alt=\"\" title=\"\" data-src=\"https:\/\/tvmasmagazine.com\/wp-content\/uploads\/2023\/02\/Imagen-de-WhatsApp-2023-01-27-a-las-15.57.18-1-e1675991868685.jpg\" \/>\n\n\t\t\t\t\t<div class=\"ms-info\"><p style=\"text-align: center;\"><strong>Melody de Warner Music con Yolanda Benet creativa y corresponsal de TVMAS<\/strong><\/p><\/div>\n\n\n\t<div class=\"ms-thumb\" ><div class=\"ms-tab-context\"><div class=\"&quot;ms-tab-context&quot;\"><\/div><\/div>\n<\/div>\n\t\t\t\t<\/div>\n\t\t\t\t<div  class=\"ms-slide\" data-delay=\"3\" data-fill-mode=\"fill\"  >\n\t\t\t\t\t<img decoding=\"async\" src=\"https:\/\/tvmasmagazine.com\/wp-content\/plugins\/master-slider\/public\/assets\/css\/blank.gif\" alt=\"\" title=\"\" data-src=\"https:\/\/tvmasmagazine.com\/wp-content\/uploads\/2023\/02\/Imagen-de-WhatsApp-2023-02-08-a-las-18.21.09-e1675991884443.jpg\" \/>\n\n\t\t\t\t\t<div class=\"ms-info\"><p style=\"text-align: center;\"><strong>Eladio Lares, Owaldo Quintana, y Carlos Lamas de RCTV<\/strong><\/p><\/div>\n\n\n\t<div class=\"ms-thumb\" ><div class=\"ms-tab-context\"><div class=\"&quot;ms-tab-context&quot;\"><\/div><\/div>\n<\/div>\n\t\t\t\t<\/div>\n\t\t\t\t<div  class=\"ms-slide\" data-delay=\"3\" data-fill-mode=\"fill\"  >\n\t\t\t\t\t<img decoding=\"async\" src=\"https:\/\/tvmasmagazine.com\/wp-content\/plugins\/master-slider\/public\/assets\/css\/blank.gif\" alt=\"\" title=\"\" data-src=\"https:\/\/tvmasmagazine.com\/wp-content\/uploads\/2023\/02\/Imagen-de-WhatsApp-2023-02-09-a-las-15.43.24-e1675991915580.jpg\" \/>\n\n\t\t\t\t\t<div class=\"ms-info\"><p style=\"text-align: center;\"><strong>Arturo Yepes, de 2b Latam, Ana Cecilia Alvarado ECUAVISA Studios, Clara Mar\u00eda Ochoa y Ana\u00a0Pi\u00f1eres\u00a0de\u00a0CMO<\/strong><\/p><\/div>\n\n\n\t<div class=\"ms-thumb\" ><div class=\"ms-tab-context\"><div class=\"&quot;ms-tab-context&quot;\"><\/div><\/div>\n<\/div>\n\t\t\t\t<\/div>\n\t\t\t\t<div  class=\"ms-slide\" data-delay=\"3\" data-fill-mode=\"fill\"  >\n\t\t\t\t\t<img decoding=\"async\" src=\"https:\/\/tvmasmagazine.com\/wp-content\/plugins\/master-slider\/public\/assets\/css\/blank.gif\" alt=\"\" title=\"\" data-src=\"https:\/\/tvmasmagazine.com\/wp-content\/uploads\/2023\/02\/Imagen-de-WhatsApp-2023-02-09-a-las-15.48.29-e1675991941620.jpg\" \/>\n\n\t\t\t\t\t<div class=\"ms-info\"><p style=\"text-align: center;\"><strong>Arnaldo Limansky de Cinco Films<\/strong><\/p><\/div>\n\n\n\t<div class=\"ms-thumb\" ><div class=\"ms-tab-context\"><div class=\"&quot;ms-tab-context&quot;\"><\/div><\/div>\n<\/div>\n\t\t\t\t<\/div>\n\t\t\t\t<div  class=\"ms-slide\" data-delay=\"3\" data-fill-mode=\"fill\"  >\n\t\t\t\t\t<img decoding=\"async\" src=\"https:\/\/tvmasmagazine.com\/wp-content\/plugins\/master-slider\/public\/assets\/css\/blank.gif\" alt=\"\" title=\"\" data-src=\"https:\/\/tvmasmagazine.com\/wp-content\/uploads\/2023\/02\/Imagen-de-WhatsApp-2023-02-09-a-las-15.49.23-e1675991451925.jpg\" \/>\n\n\t\t\t\t\t<div class=\"ms-info\"><p style=\"text-align: center;\"><strong>Alessandra, M. Castanho y Francisco Morales, PRIME VIDEO<\/strong><\/p><\/div>\n\n\n\t<div class=\"ms-thumb\" ><div class=\"ms-tab-context\"><div class=\"&quot;ms-tab-context&quot;\"><\/div><\/div>\n<\/div>\n\t\t\t\t<\/div>\n\t\t\t\t<div  class=\"ms-slide\" data-delay=\"3\" data-fill-mode=\"fill\"  >\n\t\t\t\t\t<img decoding=\"async\" src=\"https:\/\/tvmasmagazine.com\/wp-content\/plugins\/master-slider\/public\/assets\/css\/blank.gif\" alt=\"\" title=\"\" data-src=\"https:\/\/tvmasmagazine.com\/wp-content\/uploads\/2023\/02\/Imagen-de-WhatsApp-2023-02-09-a-las-15.39.00-e1675991501427.jpg\" \/>\n\n\t\t\t\t\t<div class=\"ms-info\"><p style=\"text-align: center;\"><strong>Fernando Medin de Warner Bros Discovery<\/strong><\/p><\/div>\n\n\n\t<div class=\"ms-thumb\" ><div class=\"ms-tab-context\"><div class=\"&quot;ms-tab-context&quot;\"><\/div><\/div>\n<\/div>\n\t\t\t\t<\/div>\n\t\t\t\t<div  class=\"ms-slide\" data-delay=\"3\" data-fill-mode=\"fill\"  >\n\t\t\t\t\t<img decoding=\"async\" src=\"https:\/\/tvmasmagazine.com\/wp-content\/plugins\/master-slider\/public\/assets\/css\/blank.gif\" alt=\"\" title=\"\" data-src=\"https:\/\/tvmasmagazine.com\/wp-content\/uploads\/2023\/02\/hilton_miami_grande.jpg\" \/>\n\n\t\t\t\t\t<div class=\"ms-info\"><p style=\"text-align: center;\"><strong>CONTENT AMERICAS 2023 EN HOTEL HILTON MIAMI<\/strong><\/p><\/div>\n\n\n\t<div class=\"ms-thumb\" ><div class=\"ms-tab-context\"><div class=\"&quot;ms-tab-context&quot;\"><\/div><\/div>\n<\/div>\n\t\t\t\t<\/div>\n\n\t\t\t<\/div>\n\t\t\t<!-- END MasterSlider Main -->\n\n\t\t\t \n\t\t<\/div>\n\t\t<!-- END MasterSlider -->\n\n\t\t<script>\n\t\t(function ( $ ) {\n\t\t\t\"use strict\";\n\n\t\t\t$(function () {\n\t\t\t\tvar masterslider_58a7 = new MasterSlider();\n\n\t\t\t\t\/\/ slider controls\n\t\t\t\tmasterslider_58a7.control('arrows'     ,{ autohide:false, overVideo:true  });\n\t\t\t\tmasterslider_58a7.control('slideinfo'  ,{ autohide:false, overVideo:true, dir:'h', align:'bottom',inset:false , margin:10   });\n\t\t\t\t\/\/ slider setup\n\t\t\t\tmasterslider_58a7.setup(\"MS69edcc56458a7\", {\n\t\t\t\t\t\twidth           : 800,\n\t\t\t\t\t\theight          : 480,\n\t\t\t\t\t\tminHeight       : 0,\n\t\t\t\t\t\tspace           : 0,\n\t\t\t\t\t\tstart           : 1,\n\t\t\t\t\t\tgrabCursor      : true,\n\t\t\t\t\t\tswipe           : true,\n\t\t\t\t\t\tmouse           : true,\n\t\t\t\t\t\tlayout          : \"boxed\",\n\t\t\t\t\t\twheel           : false,\n\t\t\t\t\t\tautoplay        : false,\n\t\t\t\t\t\tinstantStartLayers:false,\n\t\t\t\t\t\tloop            : false,\n\t\t\t\t\t\tshuffle         : false,\n\t\t\t\t\t\tpreload         : 0,\n\t\t\t\t\t\theightLimit     : true,\n\t\t\t\t\t\tautoHeight      : false,\n\t\t\t\t\t\tsmoothHeight    : true,\n\t\t\t\t\t\tendPause        : false,\n\t\t\t\t\t\toverPause       : true,\n\t\t\t\t\t\tfillMode        : \"fill\",\n\t\t\t\t\t\tcenterControls  : true,\n\t\t\t\t\t\tstartOnAppear   : false,\n\t\t\t\t\t\tlayersMode      : \"center\",\n\t\t\t\t\t\thideLayers      : false,\n\t\t\t\t\t\tfullscreenMargin: 0,\n\t\t\t\t\t\tspeed           : 20,\n\t\t\t\t\t\tdir             : \"h\",\n\t\t\t\t\t\tparallaxMode    : 'swipe',\n\t\t\t\t\t\tview            : \"basic\"\n\t\t\t\t});\n\n\t\t\t\t\n\t\t\t\twindow.masterslider_instances = window.masterslider_instances || [];\n\t\t\t\twindow.masterslider_instances.push( masterslider_58a7 );\n\t\t\t });\n\n\t\t})(jQuery);\n\t\t<\/script>\n\n\n<hr \/>\n<p><span style=\"color: #000080;\"><strong>Content Americas, el nuevo mercado de enero organizado por C21, se realiz\u00f3\u00a0 en el Downtown de la vibrante y multicultural ciudad de Miami, con m\u00e1s de 500 ejecutivos y lideres<\/strong><\/span><\/p>\n<p>Con la desaparici\u00f3n de NATPE Miami y el fallido experimento de NATPE Bahamas, este enero fue distinto: \u201csimplemente diferente\u201d dijeron los exhinser\u00e1 distinto al de a\u00f1os anteriores para la industria audiovisual, ya que el primer gran mercado del a\u00f1o ser\u00e1 <a href=\"https:\/\/contentamericas.net\/\">Content Americas<\/a>, un nuevo proyecto organizado por <a href=\"https:\/\/www.c21media.net\/\">C21<\/a> que se realizar\u00e1 del 24 al 26 de enero en el renovado hotel Hilton Miami Downtown.<\/p>\n<p>Content Americas ha confirmado m\u00e1s de 500 ejecutivos clave y el respaldo de los principales estudios, canales, plataformas y distribuidores para el evento. A+E Networks, All3Media, ATV, BBC Studios, Caracol Television, Disney, Globo, The Mediapro Studios, MGM, NBCUniversal, Paramount, Sony Pictures Television, Telemundo, Televisa, TV Azteca y Warner Bros. Discovery son solo algunas de las empresas participantes. Para ver la lista completa, clickea <a href=\"https:\/\/contentamericas.net\/delegates-2\/\">aqu\u00ed<\/a>.<\/p>\n<p>El enfoque principal de la agenda de Content Americas ser\u00e1n las keynotes y las entrevistas mano a mano con ejecutivos, compradores, comisionados, plataformas y financistas sobre sus planes para 2023 y m\u00e1s adelante. Tambi\u00e9n habr\u00e1 una serie de paneles y sesiones patrocinadas, que se llevar\u00e1n a cabo en la misma sala de conferencias del Hilton Miami Downtown.<\/p>\n<p>Algunas de las sesiones destacadas son: \u201cContent Trends 2023,\u201d sobre los shows y g\u00e9neros que se destacaron el a\u00f1o pasado; \u201cCommissioning Streaming Trends\u201d, sobre las tendencias que marcar\u00e1n el 2023; \u201cThe Podcast Report\u201d, sobre el presente y futuro del contenido de audio; \u201cLatAm finds its narrative voice\u201d, sobre el desarrollo de proyectos latinos con atractivo internacional; \u201cNew Talent Models\u201d, sobre nuevos modelos para encontrar y nutrir nuevos talentos en espa\u00f1ol; y \u201cFAST Across the Americas\u201d, sobre c\u00f3mo las marcas latinas est\u00e1n migrando a la transmisi\u00f3n de TV con publicidad gratuita; entre muchas otras.<\/p>\n<p>&#8216;Nos hemos movido r\u00e1pido para proporcionar una alternativa a NATPE Bahamas bien organizada y programada creativamente. Content Americas brindar\u00e1 la mejor oportunidad para que el negocio de contenido internacional se vuelva a conectar en Miami en 2023 y m\u00e1s adelante&#8217;, coment\u00f3 David Jenkinson, Director de C21.<\/p>\n<p>Para ver la agenda completa de Content Americas, clickea <a href=\"https:\/\/contentamericas.net\/agenda\/\">aqu\u00ed<\/a>.<\/p>\n<p>&#8216;Content Americas brindar\u00e1 la mejor oportunidad para que el negocio de contenido internacional se vuelva a conectar en Miami en 2023 y m\u00e1s adelante&#8217; dijo David Jenkinson, Director de C21.<\/p>\n<p><span style=\"color: #000080;\">#contentamericas #contentamericas2023 #miami #universalcinergiadubbing #wawaassociation #kanalddrama #secuoyastudios<\/span><\/p>\n<p><strong><span style=\"color: #000080;\">Eduardo Lebrija de Paramount: El \u00e9xito de Pluto TV y su estrategia de contenido deportivo<\/span><\/strong><\/p>\n<p>Calificando a <a href=\"https:\/\/pluto.tv\/\">Pluto TV<\/a> como una revoluci\u00f3n total en el consumo de contenidos, Eduardo Lebrija, Chief Commercial Officer de Paramount, comenz\u00f3 una de las charlas de clausura del \u00faltimo d\u00eda en Content Americas 2023. En la sesi\u00f3n, el ejecutivo se refiri\u00f3 especialmente a la plataforma como un producto en crecimiento, comentando su buen performance en 2022 y planes.<\/p>\n<p>Lebrija report\u00f3 que el servicio les logr\u00f3 crecer en el revenue: \u2018Desde su lanzamiento en 2020 durante la pandemia, el servicio ha demostrado ser de atractivo para las marcas, sobre todo en USA, donde obtuvimos cifras impresionantes en ventas\u2019. Respecto a los resultados econ\u00f3micos en Am\u00e9rica Latina, el ejecutivo afirm\u00f3 que si bien no represent\u00f3 las cifras de Norteam\u00e9rica, lo ve como un mercado potencial a desarrollar este a\u00f1o.<\/p>\n<p>En n\u00fameros, Lebrija apunt\u00f3 que Pluto TV cuenta con m\u00e1s de 500 anunciantes, y m\u00e1s de 200 socios de contenido, de los cuales solo el 18% es producto del paraguas de Paramount y el 82% restante pertenece a las librer\u00edas externas, como contenido que se negocia bajo la figura de revenue share.<\/p>\n<p>Asimismo, destac\u00f3 la estrategia que est\u00e1n trabajando en Am\u00e9rica Latina, con la transmisi\u00f3n deportiva como centro. \u2018La comercializaci\u00f3n de eventos en vivo, como los partidos de la Premier League complementa perfectamente el ecosistema de Paramount y la oferta de Pluto TV\u2019, agreg\u00f3.<\/p>\n<p><strong><span style=\"color: #ff0000;\">PLAYERS INTERNACIONALES<\/span><\/strong><\/p>\n<p><strong><span style=\"color: #000080;\">Content Americas: Hitos de producci\u00f3n y cartera de proyectos 2023 de Secuoya Studios<\/span><\/strong><\/p>\n<p><strong>THE DAILY ENE 24, 2023<\/strong><\/p>\n<p><span style=\"color: #000000;\">Ra\u00fal Berdon\u00e9s, presidente de <a style=\"color: #000000;\" href=\"https:\/\/gruposecuoya.es\/\">Grupo Secuoya<\/a>, en su presentaci\u00f3n en Miami<\/span><\/p>\n<p><a href=\"https:\/\/secuoyastudios.com\/\">Secuoya Studios<\/a>, la compa\u00f1\u00eda internacional nacida en Espa\u00f1a hace dos a\u00f1os, est\u00e1 haciendo su presentaci\u00f3n oficial en el mercado estadounidense en el Content Americas, inaugurado en la v\u00edspera en el Hilton Miami Downtown. All\u00ed est\u00e1 mostrando el poder de esta factor\u00eda y lo que ya ha generado durante 2022: series de ficci\u00f3n, largos y series documentales, formatos de entretenimiento y pel\u00edculas en espa\u00f1ol producidas en 2022, acompa\u00f1ado de teasers y tr\u00e1ilers de las docuseries del \u00e1rea unscripted y de las pel\u00edculas realizadas en colaboraci\u00f3n con \u00c1lamo Producciones Audiovisuales.<\/p>\n<p>A lo que ya tiene en producci\u00f3n le ha agregado tambi\u00e9n su flamante cartera de futuros proyectos en todas sus \u00e1reas de producci\u00f3n.<\/p>\n<p>&#8216;Secuoya Studios, la factor\u00eda de contenidos en espa\u00f1ol referente en el mercado de habla hispana, presenta a los m\u00e1s destacados agentes de la industria internacional un amplio cat\u00e1logo de contenidos de calidad, capaces de conquistar a la audiencia global. Asimismo, el estudio desembarca en el mercado estadounidense con una complet\u00edsima cartera de futuros proyectos, series de ficci\u00f3n, docuseries, largos documentales y formatos de entretenimiento en habla hispana, as\u00ed como proyectos de cine diferenciales, innovadores, atrevidos y rompedores, adjetivos inequ\u00edvocos del talento que atesora esta compa\u00f1\u00eda desde su nacimiento en 2021&#8217;, destac\u00f3 Ra\u00fal Berdon\u00e9s, presidente de Grupo Secuoya.<\/p>\n<p><strong><span style=\"color: #ff0000;\">LAS PRODUCCIONES<\/span><\/strong><\/p>\n<p>De su m\u00e1s reciente pizarra, y con la presencia del principal protagonista y productor ejecutivo del seriado, el cubano William Levy, la compa\u00f1\u00eda exhibe en el mercado, Montecristo, su primera s\u00faper producci\u00f3n. La miniserie es una versi\u00f3n modernizada de \u00abEl conde de Montecristo\u201d, la obra escrita por Alejandro Dumas, que retrata el choque entre la vieja aristocracia y la nueva jerarqu\u00eda financiera, apoyada en las nuevas tecnolog\u00edas. Alejandro Montecristo, personaje central, es el fundador de una exitosa compa\u00f1\u00eda tecnol\u00f3gica, que ha centrado sus esfuerzos en luchar contra el sistema pol\u00edtico.<\/p>\n<p>Otra gran apuesta IP de Ficci\u00f3n del estudio es la serie Zorro, una adaptaci\u00f3n moderna de uno de los m\u00e1s grandes h\u00e9roes creados por la televisi\u00f3n, ambientada en 1830, que desarrolla con sus aliados KC Global Media, C&amp;T Mobs y NoStatusQuo Studios. La producci\u00f3n, protagonizada por Migue Bernardeu, debutar\u00e1 en la plataforma Amazon Prime Video y ser\u00e1 distribuida al mundo por <a href=\"https:\/\/rights.mediawan.com\/world-catalogue\/\">Mediawan Rights<\/a>.<\/p>\n<p>La lista de Secuoya Studios es larga e incluye numerosas creaciones, adem\u00e1s de la serie juvenil de aventuras, Campamento Newton, y la comedia Supernormal, un original de Movistar Plus+ en colaboraci\u00f3n con la factor\u00eda.<\/p>\n<p><span style=\"font-weight: 300;\">En el apartado de series, sobresale la puesta en marcha de historias originales: la miniserie Crudo, el primero de los dos proyectos surgidos de la alianza con Caracol TV (el segundo se anunciar\u00e1 pr\u00f3ximamente); Hola Mundo, una coproducci\u00f3n con Weekend Studio de ocho episodios, y el drama rom\u00e1ntico Ef\u00edmero.<\/span><\/p>\n<p>Hay otros tres proyectos que se suman a los ya anunciados: La Isla, un thriller de ocho episodios ambientado en la Isla de Pascua; Los 39, serie hist\u00f3rica sobre los espa\u00f1oles que Crist\u00f3bal Col\u00f3n dej\u00f3 en isla La Espa\u00f1ola; la adaptaci\u00f3n del \u00e9xito literario Terra Alta, novela polic\u00edaca escrita por Javier Cercas, ganador del Premio Planeta, y La mala leche, versi\u00f3n televisiva del c\u00f3mic de Henar \u00c1lvarez. El pipeline de series de Ficci\u00f3n se completa con la segunda serie juvenil del estudio, Alex quiere morir, entre otras producciones.<\/p>\n<p><strong><span style=\"color: #ff0000;\">DOCUMENTALES<\/span><\/strong><\/p>\n<p>En paralelo a su gran apuesta en Ficci\u00f3n, el \u00e1rea de unscripted de Secuoya Studios ha centrado sus energ\u00edas en el desarrollo de proyectos documentales, tanto en su versi\u00f3n largometraje como en formato serie. Entre ellas, Voces de una ciudad, un recorrido por la ciudad de Madrid a trav\u00e9s de sus habitantes ilustres y an\u00f3nimos; la serie La Moncloa, en coproducci\u00f3n con The Pool, ambas dirigidas por el ganador del Goya, Curro S\u00e1nchez Varela, y PornoXplotaci\u00f3n, una propuesta documental atrevida y valiente dirigida por Mabel Lozano sobre el elevado precio que se paga en el porno a los dos lados de la pantalla, son una muestra de la diversidad de tem\u00e1ticas abordadas por el estudio desde 2021.<\/p>\n<p>El ya abultado portafolio de la empresa se ha visto engordado por nuevas propuestas de docuseries, como Race In, un relato in\u00e9dito y exclusivo, en colaboraci\u00f3n con La Familia Creativa y narrado por Carlos Sainz, dos veces Campe\u00f3n del Mundo de Rally, sobre los grandes desaf\u00edos contempor\u00e1neos del mundo del motor (sostenibilidad, igualdad de g\u00e9nero y responsabilidad social); Proximity: volando a cent\u00edmetros de la muerte, la incre\u00edble historia de Alex Villar, un apasionado del salto Base, el deporte m\u00e1s peligroso del mundo, que estuvo a punto de acabar con su vida; Vuelo JK5022: la tragedia de Spanair, un arduo y exhaustivo trabajo de investigaci\u00f3n de tres episodios sobre la \u00faltima gran cat\u00e1strofe a\u00e9rea sucedida en Espa\u00f1a y su relaci\u00f3n con otros accidentes; e Isaac et Nora: viaje al coraz\u00f3n de las m\u00fasicas latinas, colaboraci\u00f3n con Madame Vodevil donde se acompa\u00f1a en su primera gira por Latinoam\u00e9rica a Isaac y Nora Restoin, dos hermanos franceses de 14 y 10 a\u00f1os, respectivamente, convertidos en un fen\u00f3meno global.<\/p>\n<p><strong><span style=\"color: #ff0000;\">LA APUESTA CINEMATOGR\u00c1FICA<\/span><\/strong><\/p>\n<p>Secuoya Studios tambi\u00e9n viaja a Content Americas con sus m\u00e1s recientes rodajes cinematogr\u00e1ficos, Cu\u00e1nto me queda e Invasi\u00f3n, dos adaptaciones cinematogr\u00e1ficas de sendas obras teatrales de Marta Buchaca y Guillem Clua, respectivamente, bajo la producci\u00f3n de <a href=\"https:\/\/alamoaudiovisual.com\/\">\u00c1lamo Producciones Audiovisuales<\/a>, productora de cine independiente liderada por Eduardo Campoy junto a la que el estudio desarrolla su apuesta f\u00edlmica.<\/p>\n<p>Respecto a lo que vendr\u00e1, se est\u00e1 anunciando en el evento de Miami la decisi\u00f3n del estudio de embarcarse, adem\u00e1s, en el desarrollo de nuevos proyectos cinematogr\u00e1ficos. El Director, sexta pel\u00edcula conjunta de Dani de la Orden y Eduardo Campoy; La Bandera, tercera pel\u00edcula de Hugo Mart\u00edn Cuervo con \u00c1lamo Producciones Audiovisuales, basada en la comedia dram\u00e1tica del mismo t\u00edtulo de Guillem Clua; y Solos, versi\u00f3n cinematogr\u00e1fica de la novela hom\u00f3nima de Paloma Bravo.<\/p>\n<p><strong><span style=\"color: #ff0000;\">ALIANZAS<\/span><\/strong><\/p>\n<p>En los \u00faltimos tiempos, el estudio ha alcanzado alianzas con partners tan destacados como Telemundo Global Studios, Caracol TV, RCN o las m\u00e1s recientes con Sony Pictures y Ay Yapim, acuerdos estrat\u00e9gicos que se materializar\u00e1n en los pr\u00f3ximos meses. La franja de coproducciones tambi\u00e9n incluye los acuerdos sellados con Dopamine, William Levy Entertainment, Tiki Group, Avi Films, The Pool y Grupo Proyecciones, entre otros.<\/p>\n<p>La delegaci\u00f3n del estudio est\u00e1 encabezada por Ra\u00fal Berdon\u00e9s, presidente ejecutivo de Grupo Secuoya; Pablo Jimeno, director general de la compa\u00f1\u00eda audiovisual; David Mart\u00ednez, director del \u00e1rea de Ficci\u00f3n de Secuoya Studios; Pablo Barrera, productor ejecutivo de Originals de Ficci\u00f3n; y Roberto Serrano, subdirector de Desarrollo.<\/p>\n<p>Asimismo, Sergio Pizzolante, presidente de Commercial &amp; Distribution, encabeza la compa\u00f1\u00eda de distribuci\u00f3n internacional, a la que recientemente se incorpor\u00f3 Jos\u00e9 Luis Gascue, vicepresidente ejecutivo y jefe de Distribuci\u00f3n Mundial, y que se completa con un equipo de profesionales experto en ventas, packaging y marketing.<\/p>\n<p>Secuoya Studios es la pieza angular de la estrategia de valor de Grupo Secuoya, compa\u00f1\u00eda referente de la industria audiovisual con m\u00e1s de 500 clientes en todo el mundo. Presidido por James Costos, el estudio es la factor\u00eda protagonista de la apuesta por la generaci\u00f3n de contenidos premium globales a partir de una estructura integral de operaci\u00f3n 360\u00ba, que incluye la creaci\u00f3n, la producci\u00f3n, la posproducci\u00f3n, los agentes y mecanismos de financiaci\u00f3n, las soluciones t\u00e9cnicas y la colaboraci\u00f3n con terceros.<\/p>\n<p><strong><span style=\"color: #000080;\">Parrot Analytics: \u2018El buen \u00e9xito del streaming en LatAm es por su contenido\u2019<\/span><\/strong><\/p>\n<p>Alejandro Rojas, VP of applied analytics en <a href=\"https:\/\/www.parrotanalytics.com\/\">Parrot Analytics<\/a>, present\u00f3 en Content Am\u00e9ricas 2023 \u2018Content Valuation\u2019, un nuevo sistema de medici\u00f3n que ayuda a comprender c\u00f3mo la demanda de un t\u00edtulo se traduce en monetizaci\u00f3n para los proveedores y compradores de contenido.<\/p>\n<p>Alejandro Rojas de Parrot Analytics, con la moderaci\u00f3n de Gonzalo Larrea<\/p>\n<p>El ejecutivo, ofreci\u00f3 tambi\u00e9n algunos insights, sobre el valor de cualquier t\u00edtulo para cualquier plataforma o medio de distribuci\u00f3n, y como esta informaci\u00f3n otorga\u00a0 oportunidades adicionales de monetizaci\u00f3n.<\/p>\n<p>\u2018Uno puede estudiar c\u00f3mo evolucion\u00f3 un show y se convirti\u00f3 en un caso de \u00e9xito. Adem\u00e1s de tener este \u00edndice, la pregunta es qu\u00e9 valor genera. Lo primero que logra es poder entender la demanda que tienen los t\u00edtulos, pero adicionalmente entender la demanda de todo el contenido, considerando el cat\u00e1logo completo que tiene una plataforma de streaming\u2019, precis\u00f3 Rojas.<\/p>\n<p><a href=\"https:\/\/www.parrotanalytics.com\/products\/content-valuation\/\">Content Valuation<\/a> permite ver que a lo largo del tiempo cuanta demanda hay y por ende m\u00e1s suscriptores, dijo. Esta herramienta, viene acompa\u00f1ada tambi\u00e9n de las cifras que el ejecutivo ofreci\u00f3 m\u00e1s temprano esta semana, en otro panel durante Content Americas, donde afirm\u00f3 que las plataformas globales de streaming cosecharon ganancias por US$ 70.000 millones el \u00faltimo a\u00f1o. \u2018Los proveedores pueden monetizar eficientemente su oferta\u2019, acot\u00f3.<\/p>\n<p>En la regi\u00f3n, las percepciones en el mercado aumentaron a un ritmo mayor que cualquier otra regi\u00f3n del planeta en 2022. \u2018Ac\u00e1 se registr\u00f3 un 22% de crecimiento en las suscripciones de streaming el \u00faltimo a\u00f1o, seguido por Asia-Pas\u00edfico con 18%. Esto es gracias al contenido que se est\u00e1 moviendo ac\u00e1\u2019, concluy\u00f3.<\/p>\n<p><strong><span style=\"color: #000080;\">AVOD en LatAm: Nuevos modelos de distribuci\u00f3n y de entrega publicitaria en la regi\u00f3n<\/span><\/strong><\/p>\n<p>Ofreciendo sus perspectivas respecto al negocio del AVOD, Mercado Libre, Canela Media y Rakuten TV, compartieron sus enfoques frente a los modelos dentro del negocio en un panel realizado en el tercer y \u00faltimo d\u00eda de Content Americas. Los ejecutivos de estas compa\u00f1\u00edas repasaron sus impresiones del segmento en cuanto a la comercializaci\u00f3n de la oferta de entretenimiento\u00a0 por suscripci\u00f3n y la forma de entrega de la publicidad.<\/p>\n<p>Felipe Osorio, VP de Canela Sports en Canela Media; Luis Felipe Barros, Corporate VP of Loyalty &amp; Entertainment en Mercado Libre; Christian Liarte, VP Of Original Content en Rakuten TV.<\/p>\n<p>Felipe Osorio, VP de Canela Sports en Canela Media, se refiri\u00f3 al AVOD en el mercado norteamericano, expresando que Canela TV tiene una posici\u00f3n de preferencia entre la audiencia: \u2018El servicio fue concebido como una plataforma AVOD desde su nacimiento, y por eso vemos el buen resultado la evoluci\u00f3n que hemos tenido: m\u00e1s de 50 millones de usuarios \u00fanicos en USA, m\u00e1s de 20 mil horas de contenido, y un promedio de 74 minutos de sesi\u00f3n por d\u00eda. Reforz\u00f3 mencionando que ahora est\u00e1n explorando de que formas entregas contenido y publicidad de una forma m\u00e1s amigable.<\/p>\n<p>Por su parte, Luis Felipe Barros, Corporate VP of Loyalty &amp; Entertainment en Mercado Libre, habl\u00f3 que la compa\u00f1\u00eda est\u00e1 persiguiendo nuevos modelos de asociaci\u00f3n para distribuci\u00f3n, con la carta de presentaci\u00f3n de su comunidad que suma m\u00e1s de 80 millones de compradores dentro de su ecosistema. \u2018Queremos democratizar el acceso al contenido en LatAm, ya que es un mercado que vive distintas variables econ\u00f3micas en cada pa\u00eds\u2019, agreg\u00f3. Mencion\u00f3 sus asociaciones con Disney para distribuir Disney+ y Star+, estrategia que ha gozado de \u00e9xito, seg\u00fan el ejecutivo.<\/p>\n<p>En tanto, Christian Liarte, VP Of Original Content en Rakuten TV, su presencia en 42 territorios Europeos donde se presenta a su audiencia con una doble propuesta de valor: el transaccional VOD con los mejores blockbusters en su oferta y su plataforma AVOD con m\u00e1s de 500 canales FAST lanzados hasta el momento: \u2018Estamos explorando partnerships en LatAm para un futuro roll out\u2019, expres\u00f3. El ejecutivo cont\u00f3 que su estrategia publicitaria actual busca \u2018romper paradigmas\u2019, desarrollando junto a las marcas aliadas distintas formas de llevar storytellings que sean relevantes para la audiencia, aporten valor integr\u00e1ndose al contenido y \u2018conecten\u00a0 emocionalmente\u2019, apunt\u00f3.<\/p>\n<p><strong><span style=\"color: #000080;\">Telemundo Global Studios revela gran cat\u00e1logo de producci\u00f3n y desarrollo 2023<\/span><\/strong><\/p>\n<p><strong><span style=\"color: #000000;\">THE DAILY ENE 26, 2023<\/span><\/strong><\/p>\n<p>Karen Barroeta acompa\u00f1ada de los talentos de varias de las grandes producciones presentadas este mi\u00e9rcoles por TGS.<\/p>\n<p>En el marco de Content Americas de Miami, <a href=\"https:\/\/www.telemundo.com\/telemundo-internacional\/telemundo-internacional\">Telemundo Global Studios<\/a> desvel\u00f3 al mercado internacional, este mi\u00e9rcoles, en un c\u00f3ctel realizado en sus estudios, las series originales que entrar\u00e1n en producci\u00f3n y desarrollo y las que se lanzar\u00e1n en EEUU durante este 2023. Bajo el lema \u201cThe Telemundo Edge\u201d, la presentaci\u00f3n realizada por Karen Barroeta, vicepresidente ejecutiva de Producci\u00f3n y Desarrollo de la compa\u00f1\u00eda, resalt\u00f3 el enfoque del estudio en producir contenido premium moderno para la audiencia mainstream.<\/p>\n<p>Las instalaciones de <a href=\"https:\/\/www.telemundo.com\/\">Telemundo<\/a> fueron colmadas por invitados especiales, productores, y ejecutivos de la compa\u00f1\u00eda. La presencia de numerosos talentos de las principales series anunciadas en el escenario central le aportaron glamour a un evento recargado de novedades de impacto.<\/p>\n<p>\u201cComo pudimos ver con el \u00e9xito rotundo del estreno de la octava temporada de El Se\u00f1or de Los Cielos la semana pasada, Telemundo Global Studios sigue ofreciendo las mejores Super Series y las franquicias de m\u00faltiples temporadas de mayor nivel de audiencia. Para el 2023, nos enfocaremos en producir dramas rom\u00e1nticos, thrillers y mucha acci\u00f3n de alta calidad con nuestro contenido, mostrando personajes m\u00e1s reales y atrevidos, con elencos y equipos de producci\u00f3n estelares d\u00e1ndole vida tanto en frente como detr\u00e1s de c\u00e1maras.\u00a0 Esto es solo un peque\u00f1o vistazo a nuestro compromiso con la excelencia, y demuestra nuestra determinaci\u00f3n por atrevernos a ir por m\u00e1s y apostarles a las grandes ideas.\u00a0 Esto es el Telemundo Edge\u201d, destac\u00f3 Barroeta.<\/p>\n<p><strong><span style=\"color: #ff0000;\">SERIES EN PRODUCCI\u00d3N Y DESARROLLO<\/span><\/strong><\/p>\n<p><span style=\"font-weight: 300;\">La ejecutiva principal de la compa\u00f1\u00eda y anfitriona del encuentro, confirm\u00f3 las nuevas series que entrar\u00e1n en producci\u00f3n y desarrollo este a\u00f1o: <\/span><strong>Hasta Encontrarte<\/strong> (t\u00edtulo por confirmar): Protagonizada por William Levy y Samadhi Zendejas, con Kimberly Dos Ramos como la antagonista, este drama rom\u00e1ntico sigue a Nuria, una mujer de escasos recursos que emprende una relaci\u00f3n con Braulio sin saber que es uno de los due\u00f1os de la empresa donde trabaja para poder mantener a su hijo. Braulio est\u00e1 dispuesto a salvar su matrimonio con Amelia, una mujer est\u00e9ril, y acepta su pedido de adoptar. As\u00ed es que Braulio y Amelia terminan adoptando al peque\u00f1o hijo de Nuria, quien ha pasado un a\u00f1o en un orfanato tras haber sido secuestrado. Nuria emprende una b\u00fasqueda desesperada para encontrar y recuperar a su hijo, que ya no la reconoce como su madre.<\/p>\n<p>En el drama rom\u00e1ntico Hasta Encontrarte (t\u00edtulo por confirmar) una madre emprende la desesperada b\u00fasqueda de un hijo que ya no la reconoce<\/p>\n<p>En el drama rom\u00e1ntico Hasta Encontrarte (t\u00edtulo por confirmar) una madre emprende la desesperada b\u00fasqueda de un hijo que ya no la reconoce.<\/p>\n<p>Sin Senos Si Hay Para\u00edso:\u00a0 Esta exitosa franquicia se adentra nuevamente en el mundo de Catalina Santana, sus luchas amorosas y sus esfuerzos incansables por proteger a su familia.\u00a0 Las primeras cuatro temporadas de este \u00e9xito global se transmitieron por Telemundo en Estados Unidos y alrededor del mundo, convirti\u00e9ndolo tambi\u00e9n en un fen\u00f3meno en las redes sociales.\u00a0 Esta nueva temporada promete estar llena de la misma acci\u00f3n y drama que los fans han llegado a esperar y amar.\u00a0 El proyecto est\u00e1 en co-desarrollo con TIS (antes Telecolombia y Estudios Telem\u00e9xico)\u00a0 La franquicia tambi\u00e9n se convirti\u00f3 en la serie global n\u00famero uno en espa\u00f1ol del a\u00f1o 2017 de Netflix y figur\u00f3 entre las Top 10 series dram\u00e1ticas de Netflix en Colombia en el 2020.<\/p>\n<p>Mujer de Oro: Surgido de una idea original de Jos\u00e9 Ignacio Valenzuela, mejor conocido como \u201cEl Chascas\u201d, este thriller dram\u00e1tico sigue a Rebecca Arismendi, una viuda millonaria que\u00a0 hereda una cadena de joyer\u00edas despu\u00e9s de la misteriosa muerte de su esposo. Luego de enredarse r\u00e1pidamente en una nueva relaci\u00f3n con su entrenador personal, se sorprende al descubrir que el testamento de su esposo le deja parte de la compa\u00f1\u00eda a su primera esposa y a Beatriz, su hija. Este esc\u00e1ndalo desencadena una ola de pasiones secretas, traici\u00f3n, venganza, luchas de poder y eventualmente, hasta la muerte.<\/p>\n<p>Blue Cage: Actualmente en producci\u00f3n, esta es la primera serie premium creada como parte del acuerdo de coproducci\u00f3n entre Telemundo Global Studios y la productora y distribuidora internacional, Inter Medya. En este drama de suspenso, O\u011fuz ha perdido su esposa y se muda a una ciudad de la costa con sus hijos. El destino lo lleva a rescatar a una joven llamada Defne y llevarla a su casa. Su presencia le vuelve a dar a la familia un poco de la esperanza que todos hab\u00edan perdido. Cuando Defne se recupera de su amnesia, se da cuenta de que es una estafadora que necesita mantenerse escondida.<\/p>\n<p><strong><span style=\"color: #ff0000;\">LANZAMIENTOS 2023<\/span><\/strong><\/p>\n<p>Junto a los t\u00edtulos que est\u00e1n en combusti\u00f3n, Barroeta detall\u00f3 las series originales programadas para lanzarse en 2023 en Telemundo:<\/p>\n<p>El Se\u00f1or de los Cielos: con la llegada de su octava temporada, lanzada la semana pasada en Telemundo, el regreso de Rafael Amaya como el legendario Aurelio Casillas posicion\u00f3 a Telemundo como el canal #1, sin importar el idioma, entre adultos 18-49, en su noche de estreno. En la nueva temporada, para todos los que lo conocen, Aurelio Casillas est\u00e1 muerto. Solo sus enemigos de la DEA saben el secreto mejor guardado del desierto: el Se\u00f1or de los Cielos est\u00e1 m\u00e1s vivo que nunca y decidido a asumir nuevamente el poder. Aurelio establece una poderosa uni\u00f3n con aliados de temporadas anteriores, mientras se enfrenta a nuevos romances y descubre misterios familiares, arriesgando nuevamente su vida en nombre de la venganza.<\/p>\n<p>Juego de Mentiras: Protagonizada por Arap Bethke, Altair Jarabo y Mar\u00eda Elisa Camargo, esta historia llena de intriga, misterio, pasi\u00f3n y amor comienza con la desaparici\u00f3n de Adriana Molina. Todas las pistas apuntan a su esposo, C\u00e9sar, como el principal sospechoso. Decidido a evitar que le arrebaten a su hija de ocho a\u00f1os, se arriesga a investigar por su cuenta.\u00a0 Mientras busca pistas sobre los posibles motivos de la desaparici\u00f3n, descubre que Adriana llevaba una doble vida y ten\u00eda un amante de una familia rica y poderosa. Casi todos los personajes se convierten en sospechosos, ya que cada uno, en apariencias, tiene una raz\u00f3n para querer eliminarla.\u00a0 Mientras tanto, la libertad, el amor y el futuro de C\u00e9sar est\u00e1n en juego en su b\u00fasqueda por respuestas.<\/p>\n<p>Blue Cage: Es la primera serie premium creada como parte del acuerdo de coproducci\u00f3n entre Telemundo Global Studios y la productora y distribuidora internacional, Inter Medya. El debut de la octava temporada\u00a0 de El Se\u00f1or de los Cielos posicion\u00f3 a Telemundo como el canal #1 absoluto, en adultos 18-49. Juego de Mentiras, protagonizado por Arap Bethke es otro de los anuncios destacados de TGS de este a\u00f1o. El Conde: Amor y Honor es el drama protagonizado por Fernando Colunga y Ana Brenda Contreras.<\/p>\n<p>El Conde: Amor y Honor: El elenco estelar de este drama de \u00e9poca incluye a Fernando Colunga, Ana Brenda Contreras, Marjorie de Sousa, Chantal Andere y Sergio Sendel, entre otros.\u00a0 La serie cuenta la historia de amor entre Alejandro, un joven humilde y campesino, y Mariana, una hermosa e inquieta jovencita. Pero Josefina, la madrastra de Mariana, y Gerardo se propondr\u00e1n convertir esta historia de amor en un verdadero infierno. Alejandro ser\u00e1 culpado de un doble homicidio y sin que nadie sepa su destino, ser\u00e1 trasladado a un calabozo en una alejada isla en el Oc\u00e9ano Pac\u00edfico. Ah\u00ed conocer\u00e1 a Amador, un noble espa\u00f1ol que cumple una sentencia de cadena perpetua en ese lugar. Amador le revela que tiene un tesoro oculto y antes de morir le regala su fortuna. Cuando Alejandro logra fugarse, con esa inmensa fortuna regresa a San Jacinto donde descubre que Mariana se cas\u00f3 con Gerardo y que a \u00e9l lo dieron por muerto. As\u00ed decide ejecutar un plan para hacer justicia en contra de quienes lo traicionaron, en especial de Mariana a quien cree parte de esa conspiraci\u00f3n. Alejandro regresa como el poderoso Conde Joaqu\u00edn de Montenegro y este ser\u00e1 el comienzo de una peligrosa venganza contra los responsables de sus 17 a\u00f1os de injusto encierro.<\/p>","protected":false},"excerpt":{"rendered":"<p>NEGOCIOS | EVENTOS Content Americas, el nuevo mercado de enero organizado por C21, se realiz\u00f3\u00a0 en el Downtown de la <a class=\"more-link\" href=\"https:\/\/tvmasmagazine.com\/es\/2023\/02\/01\/content-americas-reunio-en-miami-a-los-lideres-de-la-industria\/\">&#8230;<\/a><\/p>\n","protected":false},"author":1,"featured_media":0,"comment_status":"open","ping_status":"closed","sticky":false,"template":"","format":"standard","meta":{"footnotes":""},"categories":[15,80,256,73,79,47],"tags":[],"class_list":["post-65842","post","type-post","status-publish","format-standard","hentry","category-cine","category-ott","category-series","category-telenovelas-series","category-tv-abierta","category-tv-de-pagp"],"_links":{"self":[{"href":"https:\/\/tvmasmagazine.com\/es\/wp-json\/wp\/v2\/posts\/65842","targetHints":{"allow":["GET"]}}],"collection":[{"href":"https:\/\/tvmasmagazine.com\/es\/wp-json\/wp\/v2\/posts"}],"about":[{"href":"https:\/\/tvmasmagazine.com\/es\/wp-json\/wp\/v2\/types\/post"}],"author":[{"embeddable":true,"href":"https:\/\/tvmasmagazine.com\/es\/wp-json\/wp\/v2\/users\/1"}],"replies":[{"embeddable":true,"href":"https:\/\/tvmasmagazine.com\/es\/wp-json\/wp\/v2\/comments?post=65842"}],"version-history":[{"count":36,"href":"https:\/\/tvmasmagazine.com\/es\/wp-json\/wp\/v2\/posts\/65842\/revisions"}],"predecessor-version":[{"id":66129,"href":"https:\/\/tvmasmagazine.com\/es\/wp-json\/wp\/v2\/posts\/65842\/revisions\/66129"}],"wp:attachment":[{"href":"https:\/\/tvmasmagazine.com\/es\/wp-json\/wp\/v2\/media?parent=65842"}],"wp:term":[{"taxonomy":"category","embeddable":true,"href":"https:\/\/tvmasmagazine.com\/es\/wp-json\/wp\/v2\/categories?post=65842"},{"taxonomy":"post_tag","embeddable":true,"href":"https:\/\/tvmasmagazine.com\/es\/wp-json\/wp\/v2\/tags?post=65842"}],"curies":[{"name":"wp","href":"https:\/\/api.w.org\/{rel}","templated":true}]}}