{"id":66200,"date":"2023-02-14T15:37:06","date_gmt":"2023-02-14T18:37:06","guid":{"rendered":"https:\/\/tvmasmagazine.com\/?p=66200"},"modified":"2023-02-19T21:26:23","modified_gmt":"2023-02-20T00:26:23","slug":"animaze-festival-internacional-de-animacion-de-montreal-ya-tiene-fechas","status":"publish","type":"post","link":"https:\/\/tvmasmagazine.com\/es\/2023\/02\/14\/animaze-festival-internacional-de-animacion-de-montreal-ya-tiene-fechas\/","title":{"rendered":"ANIMAZE \u2018Festival Internacional de Animaci\u00f3n de Montreal\u2019 ya tiene fechas"},"content":{"rendered":"<p><strong><span style=\"color: #ff0000;\">EVENTOS | ANIMACI\u00d3N | CONTENIDOS<\/span><\/strong><\/p>\n\n\t\t<!-- MasterSlider -->\n\t\t<div id=\"P_MS69f465f6bf734\" class=\"master-slider-parent msl ms-parent-id-70\" style=\"max-width:800px;\">\n\n\t\t\t\n\t\t\t<!-- MasterSlider Main -->\n\t\t\t<div id=\"MS69f465f6bf734\" class=\"master-slider ms-skin-default\" >\n\t\t\t\t \t\t\t\t \n\t\t\t\t<div  class=\"ms-slide\" data-delay=\"3\" data-fill-mode=\"fill\"  >\n\t\t\t\t\t<img decoding=\"async\" src=\"https:\/\/tvmasmagazine.com\/wp-content\/plugins\/master-slider\/public\/assets\/css\/blank.gif\" alt=\"\" title=\"\" data-src=\"https:\/\/tvmasmagazine.com\/wp-content\/uploads\/2023\/02\/Julie-Breton-ANIMAZE-1-e1676399896615.png\" \/>\n\n\t\t\t\t\t<div class=\"ms-info\"><p style=\"text-align: center;\"><b>Julie Breton<\/b><\/p><\/div>\n\n\n\t<div class=\"ms-thumb\" ><div class=\"ms-tab-context\"><div class=\"&quot;ms-tab-context&quot;\"><\/div><\/div>\n<\/div>\n\t\t\t\t<\/div>\n\t\t\t\t<div  class=\"ms-slide\" data-delay=\"3\" data-fill-mode=\"fill\"  >\n\t\t\t\t\t<img decoding=\"async\" src=\"https:\/\/tvmasmagazine.com\/wp-content\/plugins\/master-slider\/public\/assets\/css\/blank.gif\" alt=\"\" title=\"\" data-src=\"https:\/\/tvmasmagazine.com\/wp-content\/uploads\/2023\/02\/LOWELL-HALL-ANIMAZE-1-e1676399924570.jpg\" \/>\n\n\t\t\t\t\t<div class=\"ms-info\"><p style=\"text-align: center;\"><b>Lowell Hall<\/b><\/p><\/div>\n\n\n\t<div class=\"ms-thumb\" ><div class=\"ms-tab-context\"><div class=\"&quot;ms-tab-context&quot;\"><\/div><\/div>\n<\/div>\n\t\t\t\t<\/div>\n\t\t\t\t<div  class=\"ms-slide\" data-delay=\"3\" data-fill-mode=\"fill\"  >\n\t\t\t\t\t<img decoding=\"async\" src=\"https:\/\/tvmasmagazine.com\/wp-content\/plugins\/master-slider\/public\/assets\/css\/blank.gif\" alt=\"\" title=\"\" data-src=\"https:\/\/tvmasmagazine.com\/wp-content\/uploads\/2023\/02\/Sin-titulo-1.png\" \/>\n\n\t\t\t\t\t<div class=\"ms-info\"><p style=\"text-align: center;\"><b>Laurie Gordon<\/b><\/p><\/div>\n\n\n\t<div class=\"ms-thumb\" ><div class=\"ms-tab-context\"><div class=\"&quot;ms-tab-context&quot;\"><\/div><\/div>\n<\/div>\n\t\t\t\t<\/div>\n\n\t\t\t<\/div>\n\t\t\t<!-- END MasterSlider Main -->\n\n\t\t\t \n\t\t<\/div>\n\t\t<!-- END MasterSlider -->\n\n\t\t<script>\n\t\t(function ( $ ) {\n\t\t\t\"use strict\";\n\n\t\t\t$(function () {\n\t\t\t\tvar masterslider_f734 = new MasterSlider();\n\n\t\t\t\t\/\/ slider controls\n\t\t\t\tmasterslider_f734.control('arrows'     ,{ autohide:false, overVideo:true  });\n\t\t\t\tmasterslider_f734.control('slideinfo'  ,{ autohide:false, overVideo:true, dir:'h', align:'bottom',inset:false , margin:10   });\n\t\t\t\t\/\/ slider setup\n\t\t\t\tmasterslider_f734.setup(\"MS69f465f6bf734\", {\n\t\t\t\t\t\twidth           : 800,\n\t\t\t\t\t\theight          : 480,\n\t\t\t\t\t\tminHeight       : 0,\n\t\t\t\t\t\tspace           : 0,\n\t\t\t\t\t\tstart           : 1,\n\t\t\t\t\t\tgrabCursor      : true,\n\t\t\t\t\t\tswipe           : true,\n\t\t\t\t\t\tmouse           : true,\n\t\t\t\t\t\tlayout          : \"boxed\",\n\t\t\t\t\t\twheel           : false,\n\t\t\t\t\t\tautoplay        : false,\n\t\t\t\t\t\tinstantStartLayers:false,\n\t\t\t\t\t\tloop            : false,\n\t\t\t\t\t\tshuffle         : false,\n\t\t\t\t\t\tpreload         : 0,\n\t\t\t\t\t\theightLimit     : true,\n\t\t\t\t\t\tautoHeight      : false,\n\t\t\t\t\t\tsmoothHeight    : true,\n\t\t\t\t\t\tendPause        : false,\n\t\t\t\t\t\toverPause       : true,\n\t\t\t\t\t\tfillMode        : \"fill\",\n\t\t\t\t\t\tcenterControls  : true,\n\t\t\t\t\t\tstartOnAppear   : false,\n\t\t\t\t\t\tlayersMode      : \"center\",\n\t\t\t\t\t\thideLayers      : false,\n\t\t\t\t\t\tfullscreenMargin: 0,\n\t\t\t\t\t\tspeed           : 20,\n\t\t\t\t\t\tdir             : \"h\",\n\t\t\t\t\t\tparallaxMode    : 'swipe',\n\t\t\t\t\t\tview            : \"basic\"\n\t\t\t\t});\n\n\t\t\t\t\n\t\t\t\twindow.masterslider_instances = window.masterslider_instances || [];\n\t\t\t\twindow.masterslider_instances.push( masterslider_f734 );\n\t\t\t });\n\n\t\t})(jQuery);\n\t\t<\/script>\n\n\n<p><strong><span style=\"color: #000080;\">El Festival anuncia el encuentro del 17 al 19 de septiembre y en la celebraci\u00f3n del 10\u00b0 aniversario se unen a la junta ejecutiva Julie Breton y Lowell Hall para participar en <em>Delivering<\/em><\/span><\/strong><\/p>\n<p>Animaze: el <a href=\"https:\/\/animazefestival.com\/\">Festival Internacional de Animaci\u00f3n de Montreal<\/a> celebrar\u00e1 su d\u00e9cimo a\u00f1o durante tres d\u00edas \u00a0y conduce al Festival de Animaci\u00f3n de Ottawa, agrega un mercado de juegos de Montreal, reconocido internacionalmente.<\/p>\n<p>\u201cAl celebrar los 10 a\u00f1os de este festival, la Junta y yo decidimos que deber\u00eda celebrarse la rica historia de la animaci\u00f3n en Montreal Quebec como un todo, y los importantes logros de aquellos pasados y presentes que han contribuido a este incre\u00edble arte de la animaci\u00f3n no solo aqu\u00ed en casa, pero han dejado su huella internacionalmente como marca o por su contenido\u201d, dice la fundadora del festival, <strong>Laurie Gordon.<\/strong><\/p>\n<p><span style=\"color: #ff0000;\">Julie Breton, cofundadora de iFeelvirtuel Inc.<\/span>, se unir\u00e1 a la creciente junta ejecutiva y al equipo del festival este a\u00f1o y aportar\u00e1 a la junta una impresionante cartera de experiencia en desarrollo comercial, marketing y medios interactivos. Breton ha trabajado en varios proyectos de realidad virtual como coproductora, colaboradora, narradora de cortometrajes, documentales, conciertos, eventos y VRodcast con colaboradores profesionales de todo el mundo. Su pasi\u00f3n y comprensi\u00f3n de la experiencia de realidad virtual desaf\u00eda los conceptos de imagen hasta su esencia, con un sentido de liderazgo creativo, llevando proyectos a dimensiones evolutivas.<\/p>\n<p><span style=\"color: #ff0000;\">Lowell Hall, quien participar\u00e1 en el desarrollo del programa del festival<\/span>, junto con patrocinios corporativos, activaciones de marca e iniciativas de marketing junto con la Sra. Breton.<\/p>\n<p>Hall ha trabajado en la industria del cine y la transmisi\u00f3n desde 1998 en marketing: relaciones p\u00fablicas, comenzando con potencias de animaci\u00f3n como <strong>Nelvana de Corus Entertainment<\/strong> y muchas otras marcas notables de la industria como <strong>Cookie Jar, Breakthrough Entertainment<\/strong>. y, m\u00e1s recientemente, el lanzamiento de <strong>Wow Unlimited Media Inc<\/strong>. con el &#8216;gur\u00fa de los negocios en serie&#8217; de la animaci\u00f3n canadiense <strong>Michael Hirsh<\/strong>, que coincidi\u00f3 con el lanzamiento de la exitosa serie de animaci\u00f3n de Netflix Transylvania de Wow. Desde cl\u00e1sicos como <em>Franklin the Turtle, Little Bear, George Shrinks, Inspector Gadget, Roli Polie Olie, Braceface<\/em> con Alicia Silverstone y la sensaci\u00f3n mundial de la marca de anime <em>Beyblade,<\/em> por nombrar solo algunos, Hall ahora contin\u00faa su colorida carrera en el equipo de la junta directiva del festival ANIMAZE.<\/p>\n<p>Gordon agreg\u00f3: \u201cEstoy feliz por la riqueza de conocimientos y capacidades de estos dos nuevos miembros de la Junta del festival, y por lo que el equipo y yo estamos planeando actualmente para el festival de este a\u00f1o en el que el n\u00facleo de nuestro festival es permanecer para permanecer. &#8216;Montreal Cool&#8217;, animaci\u00f3n accesible. Por lo tanto, le damos al Festival de Animaci\u00f3n de Ottawa la oportunidad de ser la guinda sabrosa de nuestro delicioso pastel del festival de animaci\u00f3n de celebraci\u00f3n del d\u00e9cimo a\u00f1o\u201d.<\/p>\n<p><img loading=\"lazy\" decoding=\"async\" class=\"wp-image-66269 size-medium aligncenter\" src=\"https:\/\/tvmasmagazine.com\/wp-content\/uploads\/2023\/02\/Redaccion-TVMAS-350x70.png\" alt=\"\" width=\"350\" height=\"70\" srcset=\"https:\/\/tvmasmagazine.com\/wp-content\/uploads\/2023\/02\/Redaccion-TVMAS-350x70.png 350w, https:\/\/tvmasmagazine.com\/wp-content\/uploads\/2023\/02\/Redaccion-TVMAS-150x30.png 150w, https:\/\/tvmasmagazine.com\/wp-content\/uploads\/2023\/02\/Redaccion-TVMAS.png 745w\" sizes=\"auto, (max-width: 350px) 100vw, 350px\" \/><\/p>","protected":false},"excerpt":{"rendered":"<p>EVENTOS | ANIMACI\u00d3N | CONTENIDOS El Festival anuncia el encuentro del 17 al 19 de septiembre y en la celebraci\u00f3n <a class=\"more-link\" href=\"https:\/\/tvmasmagazine.com\/es\/2023\/02\/14\/animaze-festival-internacional-de-animacion-de-montreal-ya-tiene-fechas\/\">&#8230;<\/a><\/p>\n","protected":false},"author":1,"featured_media":0,"comment_status":"open","ping_status":"closed","sticky":false,"template":"","format":"standard","meta":{"footnotes":""},"categories":[15,80,256,79,47],"tags":[],"class_list":["post-66200","post","type-post","status-publish","format-standard","hentry","category-cine","category-ott","category-series","category-tv-abierta","category-tv-de-pagp"],"_links":{"self":[{"href":"https:\/\/tvmasmagazine.com\/es\/wp-json\/wp\/v2\/posts\/66200","targetHints":{"allow":["GET"]}}],"collection":[{"href":"https:\/\/tvmasmagazine.com\/es\/wp-json\/wp\/v2\/posts"}],"about":[{"href":"https:\/\/tvmasmagazine.com\/es\/wp-json\/wp\/v2\/types\/post"}],"author":[{"embeddable":true,"href":"https:\/\/tvmasmagazine.com\/es\/wp-json\/wp\/v2\/users\/1"}],"replies":[{"embeddable":true,"href":"https:\/\/tvmasmagazine.com\/es\/wp-json\/wp\/v2\/comments?post=66200"}],"version-history":[{"count":4,"href":"https:\/\/tvmasmagazine.com\/es\/wp-json\/wp\/v2\/posts\/66200\/revisions"}],"predecessor-version":[{"id":66271,"href":"https:\/\/tvmasmagazine.com\/es\/wp-json\/wp\/v2\/posts\/66200\/revisions\/66271"}],"wp:attachment":[{"href":"https:\/\/tvmasmagazine.com\/es\/wp-json\/wp\/v2\/media?parent=66200"}],"wp:term":[{"taxonomy":"category","embeddable":true,"href":"https:\/\/tvmasmagazine.com\/es\/wp-json\/wp\/v2\/categories?post=66200"},{"taxonomy":"post_tag","embeddable":true,"href":"https:\/\/tvmasmagazine.com\/es\/wp-json\/wp\/v2\/tags?post=66200"}],"curies":[{"name":"wp","href":"https:\/\/api.w.org\/{rel}","templated":true}]}}