{"id":66211,"date":"2023-02-15T21:24:10","date_gmt":"2023-02-16T00:24:10","guid":{"rendered":"https:\/\/tvmasmagazine.com\/?p=66211"},"modified":"2023-02-19T21:27:19","modified_gmt":"2023-02-20T00:27:19","slug":"spanish-broadcasting-system-vende-mega-tv-a-voz-media","status":"publish","type":"post","link":"https:\/\/tvmasmagazine.com\/es\/2023\/02\/15\/spanish-broadcasting-system-vende-mega-tv-a-voz-media\/","title":{"rendered":"SPANISH BROADCASTING SYSTEM VENDE MEGA TV A VOZ MEDIA"},"content":{"rendered":"<p><img loading=\"lazy\" decoding=\"async\" class=\"aligncenter wp-image-66220 size-full\" src=\"https:\/\/tvmasmagazine.com\/wp-content\/uploads\/2023\/02\/TVMAS-POST-PARA-REDES-SOCIALES-ALTERNATIVA-2.png\" alt=\"\" width=\"940\" height=\"468\" srcset=\"https:\/\/tvmasmagazine.com\/wp-content\/uploads\/2023\/02\/TVMAS-POST-PARA-REDES-SOCIALES-ALTERNATIVA-2.png 940w, https:\/\/tvmasmagazine.com\/wp-content\/uploads\/2023\/02\/TVMAS-POST-PARA-REDES-SOCIALES-ALTERNATIVA-2-350x174.png 350w, https:\/\/tvmasmagazine.com\/wp-content\/uploads\/2023\/02\/TVMAS-POST-PARA-REDES-SOCIALES-ALTERNATIVA-2-150x75.png 150w, https:\/\/tvmasmagazine.com\/wp-content\/uploads\/2023\/02\/TVMAS-POST-PARA-REDES-SOCIALES-ALTERNATIVA-2-768x382.png 768w\" sizes=\"auto, (max-width: 940px) 100vw, 940px\" \/><\/p>\n\n\t\t<!-- MasterSlider -->\n\t\t<div id=\"P_MS69f283477f6a5\" class=\"master-slider-parent msl ms-parent-id-71\" style=\"max-width:800px;\">\n\n\t\t\t\n\t\t\t<!-- MasterSlider Main -->\n\t\t\t<div id=\"MS69f283477f6a5\" class=\"master-slider ms-skin-default\" >\n\t\t\t\t \t\t\t\t \n\t\t\t\t<div  class=\"ms-slide\" data-delay=\"3\" data-fill-mode=\"fill\"  >\n\t\t\t\t\t<img decoding=\"async\" src=\"https:\/\/tvmasmagazine.com\/wp-content\/plugins\/master-slider\/public\/assets\/css\/blank.gif\" alt=\"\" title=\"\" data-src=\"https:\/\/tvmasmagazine.com\/wp-content\/uploads\/2023\/02\/RAUL-ALARCON-.jpg\" \/>\n\n\t\t\t\t\t<div class=\"ms-info\"><p style=\"text-align: center;\"><strong>Ra\u00fal Alarcon<\/strong><\/p><\/div>\n\n\n\t<div class=\"ms-thumb\" ><div class=\"ms-tab-context\"><div class=\"&quot;ms-tab-context&quot;\"><\/div><\/div>\n<\/div>\n\t\t\t\t<\/div>\n\t\t\t\t<div  class=\"ms-slide\" data-delay=\"3\" data-fill-mode=\"fill\"  >\n\t\t\t\t\t<img decoding=\"async\" src=\"https:\/\/tvmasmagazine.com\/wp-content\/plugins\/master-slider\/public\/assets\/css\/blank.gif\" alt=\"\" title=\"\" data-src=\"https:\/\/tvmasmagazine.com\/wp-content\/uploads\/2023\/02\/ALBERT-RODRIGUEZ-8.jpg\" \/>\n\n\t\t\t\t\t<div class=\"ms-info\"><p style=\"text-align: center;\"><strong>Albert Rodriguez<\/strong><\/p><\/div>\n\n\n\t<div class=\"ms-thumb\" ><div class=\"ms-tab-context\"><div class=\"&quot;ms-tab-context&quot;\"><\/div><\/div>\n<\/div>\n\t\t\t\t<\/div>\n\t\t\t\t<div  class=\"ms-slide\" data-delay=\"3\" data-fill-mode=\"fill\"  >\n\t\t\t\t\t<img decoding=\"async\" src=\"https:\/\/tvmasmagazine.com\/wp-content\/plugins\/master-slider\/public\/assets\/css\/blank.gif\" alt=\"\" title=\"\" data-src=\"https:\/\/tvmasmagazine.com\/wp-content\/uploads\/2023\/02\/ORLANDO-SALAZAR-CEO-LA-VOZ-MEDIA.jpg\" \/>\n\n\t\t\t\t\t<div class=\"ms-info\"><p style=\"text-align: center;\"><strong>Orlando Salazar<\/strong><\/p><\/div>\n\n\n\t<div class=\"ms-thumb\" ><div class=\"ms-tab-context\"><div class=\"&quot;ms-tab-context&quot;\"><\/div><\/div>\n<\/div>\n\t\t\t\t<\/div>\n\n\t\t\t<\/div>\n\t\t\t<!-- END MasterSlider Main -->\n\n\t\t\t \n\t\t<\/div>\n\t\t<!-- END MasterSlider -->\n\n\t\t<script>\n\t\t(function ( $ ) {\n\t\t\t\"use strict\";\n\n\t\t\t$(function () {\n\t\t\t\tvar masterslider_f6a5 = new MasterSlider();\n\n\t\t\t\t\/\/ slider controls\n\t\t\t\tmasterslider_f6a5.control('arrows'     ,{ autohide:false, overVideo:true  });\n\t\t\t\tmasterslider_f6a5.control('slideinfo'  ,{ autohide:false, overVideo:true, dir:'h', align:'bottom',inset:false , margin:10   });\n\t\t\t\t\/\/ slider setup\n\t\t\t\tmasterslider_f6a5.setup(\"MS69f283477f6a5\", {\n\t\t\t\t\t\twidth           : 800,\n\t\t\t\t\t\theight          : 480,\n\t\t\t\t\t\tminHeight       : 0,\n\t\t\t\t\t\tspace           : 0,\n\t\t\t\t\t\tstart           : 1,\n\t\t\t\t\t\tgrabCursor      : true,\n\t\t\t\t\t\tswipe           : true,\n\t\t\t\t\t\tmouse           : true,\n\t\t\t\t\t\tlayout          : \"boxed\",\n\t\t\t\t\t\twheel           : false,\n\t\t\t\t\t\tautoplay        : false,\n\t\t\t\t\t\tinstantStartLayers:false,\n\t\t\t\t\t\tloop            : false,\n\t\t\t\t\t\tshuffle         : false,\n\t\t\t\t\t\tpreload         : 0,\n\t\t\t\t\t\theightLimit     : true,\n\t\t\t\t\t\tautoHeight      : false,\n\t\t\t\t\t\tsmoothHeight    : true,\n\t\t\t\t\t\tendPause        : false,\n\t\t\t\t\t\toverPause       : true,\n\t\t\t\t\t\tfillMode        : \"fill\",\n\t\t\t\t\t\tcenterControls  : true,\n\t\t\t\t\t\tstartOnAppear   : false,\n\t\t\t\t\t\tlayersMode      : \"center\",\n\t\t\t\t\t\thideLayers      : false,\n\t\t\t\t\t\tfullscreenMargin: 0,\n\t\t\t\t\t\tspeed           : 20,\n\t\t\t\t\t\tdir             : \"h\",\n\t\t\t\t\t\tparallaxMode    : 'swipe',\n\t\t\t\t\t\tview            : \"basic\"\n\t\t\t\t});\n\n\t\t\t\t\n\t\t\t\twindow.masterslider_instances = window.masterslider_instances || [];\n\t\t\t\twindow.masterslider_instances.push( masterslider_f6a5 );\n\t\t\t });\n\n\t\t})(jQuery);\n\t\t<\/script>\n\n\n<p><span style=\"color: #000080;\"><strong>La venta por USD64 millones mantendr\u00e1 la cadena televisiva en manos hispanas<\/strong><\/span><\/p>\n<p><span style=\"color: #000080;\"><strong>No podr\u00edamos estar m\u00e1s orgullosos del hecho de que el legado de Mega TV continuar\u00e1 bajo el liderazgo de otra compa\u00f1\u00eda de medios hispanos\u00bb, agreg\u00f3 Albert Rodr\u00edguez, presidente y director de operaciones de SBS. \u00abOrlando y Voz Media cuentan con nuestro apoyo incondicional y esperamos trabajar con ellos a lo largo de esta transici\u00f3n\u201d<\/strong><\/span><\/p>\n<p><span style=\"font-weight: 400;\"><a href=\"https:\/\/www.spanishbroadcasting.com\/\">Spanish Broadcasting System, Inc.<\/a> (la \u00abCompa\u00f1\u00eda\u00bb o \u00abSBS\u00bb) (OTC Pink: SBSAA) anunci\u00f3 hoy la venta de la cadena televisa Mega TV y ciertos bienes asociados a Voz Media por un precio total de USD $64 millones. Se espera que la transacci\u00f3n se cierre al ser aprobada por la Comisi\u00f3n Federal de Comunicaciones (FCC).\u00a0<\/span><\/p>\n<p><span style=\"font-weight: 400;\">\u00abEstoy muy orgulloso de las casi dos d\u00e9cadas de programaci\u00f3n galardonada, dedicaci\u00f3n comunitaria y metas industriales realizadas por Mega TV, una operaci\u00f3n que logr\u00f3 forjar su propia posici\u00f3n \u00fanica entre los televidentes hispanos en los Estados Unidos y Puerto Rico\u00bb, coment\u00f3 <\/span><b>Ra\u00fal Alarc\u00f3n, presidente y director ejecutivo de SBS. <\/b><span style=\"font-weight: 400;\">Y agrega que<\/span> <span style=\"font-weight: 400;\">\u00abMe complace dejar este activo en manos de un dedicado propietario hispano, Orlando Salazar, fundador de Voz Media, quien continuar\u00e1 la expansi\u00f3n de Mega TV y continuar\u00e1 su compromiso de servir a la creciente poblaci\u00f3n latina de nuestra naci\u00f3n\u00bb.\u00a0\u00a0<\/span><\/p>\n<p><span style=\"font-weight: 400;\">\u00abEs un honor para Voz Media ser seleccionado para continuar el trabajo y la tradici\u00f3n iniciada por Ra\u00fal Alarc\u00f3n y Mega TV en el mercado de medios en espa\u00f1ol\u00bb, declar\u00f3 <\/span><b>Orlando Salazar, fundador de Voz Media.\u00a0<\/b><\/p>\n<p><span style=\"font-weight: 400;\">\u00abNo podr\u00edamos estar m\u00e1s orgullosos del hecho de que el legado de Mega TV continuar\u00e1 bajo el liderazgo de otra compa\u00f1\u00eda de medios hispanos\u00bb, agreg\u00f3 <\/span><b>Albert Rodr\u00edguez, presidente y director de operaciones de SBS<\/b><span style=\"font-weight: 400;\">. \u00abOrlando y Voz Media cuentan con nuestro apoyo incondicional y esperamos trabajar con ellos a lo largo de esta transici\u00f3n\u201d.<\/span><\/p>\n<p><span style=\"font-weight: 400;\">Hay dudas e incertidumbre por parte de varios sectores sobre cu\u00e1l ser\u00e1 el rumbo del canal, ya que podr\u00eda ser usado con fines pol\u00edticos.\u00a0<\/span><\/p>\n<p><span style=\"font-weight: 400;\">Voz Media tiene oficinas y estudios en Dallas, as\u00ed como en Miami y Madrid y ofrece noticias y contenido alternativo para los latinos en los Estados Unidos, as\u00ed como Am\u00e9rica Latina, que reflejan los valores hispanos fundamentales de la familia.\u00a0 La compa\u00f1\u00eda fue fundada por el empresario Orlando Salazar en Dallas, Texas. Nacido en Texas cuyos abuelos eran de ascendencia mexicana y es el propietario y CEO de Voz Media y estuvo vinculado al movimiento de Donald Trump.<\/span><\/p>\n<p><img loading=\"lazy\" decoding=\"async\" class=\"aligncenter wp-image-66269 size-medium\" src=\"https:\/\/tvmasmagazine.com\/wp-content\/uploads\/2023\/02\/Redaccion-TVMAS-350x70.png\" alt=\"\" width=\"350\" height=\"70\" srcset=\"https:\/\/tvmasmagazine.com\/wp-content\/uploads\/2023\/02\/Redaccion-TVMAS-350x70.png 350w, https:\/\/tvmasmagazine.com\/wp-content\/uploads\/2023\/02\/Redaccion-TVMAS-150x30.png 150w, https:\/\/tvmasmagazine.com\/wp-content\/uploads\/2023\/02\/Redaccion-TVMAS.png 745w\" sizes=\"auto, (max-width: 350px) 100vw, 350px\" \/><\/p>","protected":false},"excerpt":{"rendered":"<p>La venta por USD64 millones mantendr\u00e1 la cadena televisiva en manos hispanas No podr\u00edamos estar m\u00e1s orgullosos del hecho de <a class=\"more-link\" href=\"https:\/\/tvmasmagazine.com\/es\/2023\/02\/15\/spanish-broadcasting-system-vende-mega-tv-a-voz-media\/\">&#8230;<\/a><\/p>\n","protected":false},"author":1,"featured_media":66220,"comment_status":"open","ping_status":"closed","sticky":false,"template":"","format":"standard","meta":{"footnotes":""},"categories":[80,79,47],"tags":[],"class_list":["post-66211","post","type-post","status-publish","format-standard","has-post-thumbnail","hentry","category-ott","category-tv-abierta","category-tv-de-pagp"],"_links":{"self":[{"href":"https:\/\/tvmasmagazine.com\/es\/wp-json\/wp\/v2\/posts\/66211","targetHints":{"allow":["GET"]}}],"collection":[{"href":"https:\/\/tvmasmagazine.com\/es\/wp-json\/wp\/v2\/posts"}],"about":[{"href":"https:\/\/tvmasmagazine.com\/es\/wp-json\/wp\/v2\/types\/post"}],"author":[{"embeddable":true,"href":"https:\/\/tvmasmagazine.com\/es\/wp-json\/wp\/v2\/users\/1"}],"replies":[{"embeddable":true,"href":"https:\/\/tvmasmagazine.com\/es\/wp-json\/wp\/v2\/comments?post=66211"}],"version-history":[{"count":6,"href":"https:\/\/tvmasmagazine.com\/es\/wp-json\/wp\/v2\/posts\/66211\/revisions"}],"predecessor-version":[{"id":66272,"href":"https:\/\/tvmasmagazine.com\/es\/wp-json\/wp\/v2\/posts\/66211\/revisions\/66272"}],"wp:featuredmedia":[{"embeddable":true,"href":"https:\/\/tvmasmagazine.com\/es\/wp-json\/wp\/v2\/media\/66220"}],"wp:attachment":[{"href":"https:\/\/tvmasmagazine.com\/es\/wp-json\/wp\/v2\/media?parent=66211"}],"wp:term":[{"taxonomy":"category","embeddable":true,"href":"https:\/\/tvmasmagazine.com\/es\/wp-json\/wp\/v2\/categories?post=66211"},{"taxonomy":"post_tag","embeddable":true,"href":"https:\/\/tvmasmagazine.com\/es\/wp-json\/wp\/v2\/tags?post=66211"}],"curies":[{"name":"wp","href":"https:\/\/api.w.org\/{rel}","templated":true}]}}